{"id":3568,"date":"2025-09-03T08:26:24","date_gmt":"2025-09-03T06:26:24","guid":{"rendered":"https:\/\/www.ipsen.com\/spain\/?post_type=press_release&#038;p=3568"},"modified":"2025-09-03T08:40:09","modified_gmt":"2025-09-03T06:40:09","slug":"gabriel-galvan-nombrado-nuevo-director-general-de-ipsen-iberia","status":"publish","type":"press_release","link":"https:\/\/www.ipsen.com\/spain\/press-releases\/gabriel-galvan-nombrado-nuevo-director-general-de-ipsen-iberia\/","title":{"rendered":"Gabriel Galv\u00e1n, nombrado nuevo director general de Ipsen Iberia"},"content":{"rendered":"\n<p><\/p>\n\n\n\n<p><strong>BARCELONA, 3 de septiembre de 2025.-&nbsp;<\/strong>Ipsen, compa\u00f1\u00eda biofarmac\u00e9utica global centrada en innovaci\u00f3n y atenci\u00f3n especializada, ha nombrado a Gabriel Galv\u00e1n nuevo director general para Espa\u00f1a y Portugal. Galv\u00e1n sustituye en el cargo a Aurora Berra de Unamuno, quien ha asumido nuevas responsabilidades internacionales en la Compa\u00f1\u00eda.<\/p>\n\n\n\n<p>El nuevo director general de Ipsen Iberia reportar\u00e1 directamente a Andreas Gerber, Executive Vice-President &amp; Head of International de Ipsen. Gabriel Galv\u00e1n cuenta con m\u00e1s de 20 a\u00f1os de experiencia en la industria farmac\u00e9utica, particularmente en las \u00e1reas de oncolog\u00eda y oftalmolog\u00eda. Durante este tiempo ha destacado su capacidad para impulsar el rendimiento empresarial, afrontar desaf\u00edos complejos con perspicacia estrat\u00e9gica y desarrollar un s\u00f3lido compromiso de equipo.<\/p>\n\n\n\n<p><em>\u201cDespu\u00e9s de una larga etapa en Estados Unidos y Canad\u00e1, estoy muy ilusionado de regresar a Espa\u00f1a y formar parte del equipo de Ipsen. Es un orgullo asumir el cargo de director general de Ipsen para Espa\u00f1a y Portugal en un momento tan importante para la Compa\u00f1\u00eda. Estoy seguro de que enfoc\u00e1ndonos en nuestros negocios clave y desarrollando todo el potencial del gran equipo que tenemos, lograremos generar un impacto positivo en los pacientes, especialmente entre aquellos con importantes necesidades m\u00e9dicas no cubiertas\u201d, ha se\u00f1alado Gabriel Galv\u00e1n.<\/em><\/p>\n\n\n\n<p>Durante su trayectoria profesional, Galv\u00e1n ha desempe\u00f1ado diversos puestos de responsabilidad en Novartis tanto en el \u00e1mbito nacional como internacional. As\u00ed, entre otros cargos, ha sido <em>Region Head<\/em> para Latinoam\u00e9rica y Canad\u00e1 (2019-2024); General Manager de Oncolog\u00eda en Espa\u00f1a (2015-2018) y en M\u00e9xico (2010-2015).<\/p>\n\n\n\n<p><\/p>\n\n\n\n<h3 class=\"wp-block-heading\"><\/h3>\n\n\n\n<p><strong>Sobre Ipsen<\/strong><\/p>\n\n\n\n<p>Somos una empresa biofarmac\u00e9utica global centrada en ofrecer f\u00e1rmacos transformadores para los pacientes en tres \u00e1reas terap\u00e9uticas: oncolog\u00eda, enfermedades raras y neurociencias.<\/p>\n\n\n\n<p>Nuestra cartera de productos est\u00e1 impulsada por la innovaci\u00f3n externa y respaldada por casi 100 a\u00f1os de experiencia en desarrollo y por nuestros centros de EE. UU., Francia y Reino Unido. Nuestros equipos, presentes en m\u00e1s de 40 pa\u00edses, y nuestras alianzas a lo largo del mundo nos permiten llevar medicamentos a los pacientes en m\u00e1s de 100 pa\u00edses.<\/p>\n\n\n\n<p>Ipsen cotiza en Par\u00eds (Euronext: IPN) y en EE. UU. a trav\u00e9s del <em>American Depositary Receipt Program<\/em> patrocinado de nivel 1 (ADR: IPSEY). Para obtener m\u00e1s informaci\u00f3n, visite ipsen.com.<\/p>\n\n\n\n<p><strong>Ipsen Pharma Espa\u00f1a<\/strong> se encuentra ubicada en Barcelona. En Espa\u00f1a, la compa\u00f1\u00eda dispone de un s\u00f3lido porfolio en oncolog\u00eda (ri\u00f1\u00f3n, pr\u00f3stata, tiroides y tumores neuroendocrinos), enfermedades raras (acromegalia, colestasis intrahep\u00e1tica familiar progresiva (PFIC) y trastornos del crecimiento) y neurociencias (trastornos del movimiento). Para m\u00e1s informaci\u00f3n, visite <a href=\"https:\/\/www.ipsen.com\/spain\/\">ipsen.com\/Spain<\/a><\/p>\n\n\n\n<p><strong>Para m\u00e1s informaci\u00f3n<\/strong><\/p>\n\n\n\n<p><strong>Ipsen<\/strong><\/p>\n\n\n\n<p>Loreto Gonz\u00e1lez | +34 93 685 81 00<\/p>\n\n\n\n<p>Email: comunicacion.es@ipsen.com<\/p>\n\n\n\n<p><strong>Duomo Comunicaci\u00f3n<\/strong><\/p>\n\n\n\n<p>Borja G\u00f3mez | + 34 91 311 92 90 \/ 650 40 22 25<\/p>\n\n\n\n<p>Email: borja_gomez@duomocomunicacion.com<\/p>\n","protected":false},"excerpt":{"rendered":"","protected":false},"author":73,"template":"","categories":[39],"tags":[],"class_list":["post-3568","press_release","type-press_release","status-publish","hentry","category-notas-de-prensa","entry"],"acf":[],"yoast_head":"<!-- This site is optimized with the Yoast SEO plugin v26.8 - https:\/\/yoast.com\/product\/yoast-seo-wordpress\/ -->\n<title>Gabriel Galv\u00e1n, nombrado nuevo director general de Ipsen Iberia - Spain %<\/title>\n<meta name=\"robots\" content=\"index, follow, max-snippet:-1, max-image-preview:large, max-video-preview:-1\" \/>\n<link rel=\"canonical\" href=\"https:\/\/www.ipsen.com\/spain\/press-releases\/gabriel-galvan-nombrado-nuevo-director-general-de-ipsen-iberia\/\" \/>\n<meta property=\"og:locale\" content=\"es_ES\" \/>\n<meta property=\"og:type\" content=\"article\" \/>\n<meta property=\"og:title\" content=\"Gabriel Galv\u00e1n, nombrado nuevo director general de Ipsen Iberia - Spain %\" \/>\n<meta property=\"og:url\" content=\"https:\/\/www.ipsen.com\/spain\/press-releases\/gabriel-galvan-nombrado-nuevo-director-general-de-ipsen-iberia\/\" \/>\n<meta property=\"og:site_name\" content=\"Spain\" \/>\n<meta property=\"article:modified_time\" content=\"2025-09-03T06:40:09+00:00\" \/>\n<meta name=\"twitter:card\" content=\"summary_large_image\" \/>\n<meta name=\"twitter:label1\" content=\"Est. reading time\" \/>\n\t<meta name=\"twitter:data1\" content=\"2 minutes\" \/>\n<script type=\"application\/ld+json\" class=\"yoast-schema-graph\">{\"@context\":\"https:\/\/schema.org\",\"@graph\":[{\"@type\":\"WebPage\",\"@id\":\"https:\/\/www.ipsen.com\/spain\/press-releases\/gabriel-galvan-nombrado-nuevo-director-general-de-ipsen-iberia\/\",\"url\":\"https:\/\/www.ipsen.com\/spain\/press-releases\/gabriel-galvan-nombrado-nuevo-director-general-de-ipsen-iberia\/\",\"name\":\"Gabriel Galv\u00e1n, nombrado nuevo director general de Ipsen Iberia - Spain %\",\"isPartOf\":{\"@id\":\"https:\/\/www.ipsen.com\/spain\/#website\"},\"datePublished\":\"2025-09-03T06:26:24+00:00\",\"dateModified\":\"2025-09-03T06:40:09+00:00\",\"breadcrumb\":{\"@id\":\"https:\/\/www.ipsen.com\/spain\/press-releases\/gabriel-galvan-nombrado-nuevo-director-general-de-ipsen-iberia\/#breadcrumb\"},\"inLanguage\":\"es-ES\",\"potentialAction\":[{\"@type\":\"ReadAction\",\"target\":[\"https:\/\/www.ipsen.com\/spain\/press-releases\/gabriel-galvan-nombrado-nuevo-director-general-de-ipsen-iberia\/\"]}]},{\"@type\":\"BreadcrumbList\",\"@id\":\"https:\/\/www.ipsen.com\/spain\/press-releases\/gabriel-galvan-nombrado-nuevo-director-general-de-ipsen-iberia\/#breadcrumb\",\"itemListElement\":[{\"@type\":\"ListItem\",\"position\":1,\"name\":\"Home\",\"item\":\"https:\/\/www.ipsen.com\/spain\/\"},{\"@type\":\"ListItem\",\"position\":2,\"name\":\"Gabriel Galv\u00e1n, nombrado nuevo director general de Ipsen Iberia\"}]},{\"@type\":\"WebSite\",\"@id\":\"https:\/\/www.ipsen.com\/spain\/#website\",\"url\":\"https:\/\/www.ipsen.com\/spain\/\",\"name\":\"Spain\",\"description\":\"\",\"publisher\":{\"@id\":\"https:\/\/www.ipsen.com\/spain\/#organization\"},\"potentialAction\":[{\"@type\":\"SearchAction\",\"target\":{\"@type\":\"EntryPoint\",\"urlTemplate\":\"https:\/\/www.ipsen.com\/spain\/?s={search_term_string}\"},\"query-input\":{\"@type\":\"PropertyValueSpecification\",\"valueRequired\":true,\"valueName\":\"search_term_string\"}}],\"inLanguage\":\"es-ES\"},{\"@type\":\"Organization\",\"@id\":\"https:\/\/www.ipsen.com\/spain\/#organization\",\"name\":\"Spain\",\"url\":\"https:\/\/www.ipsen.com\/spain\/\",\"logo\":{\"@type\":\"ImageObject\",\"inLanguage\":\"es-ES\",\"@id\":\"https:\/\/www.ipsen.com\/spain\/#\/schema\/logo\/image\/\",\"url\":\"https:\/\/www.ipsen.com\/spain\/wp-content\/uploads\/sites\/17\/2024\/06\/Logo-Ipsen-new.svg\",\"contentUrl\":\"https:\/\/www.ipsen.com\/spain\/wp-content\/uploads\/sites\/17\/2024\/06\/Logo-Ipsen-new.svg\",\"caption\":\"Spain\"},\"image\":{\"@id\":\"https:\/\/www.ipsen.com\/spain\/#\/schema\/logo\/image\/\"}}]}<\/script>\n<!-- \/ Yoast SEO plugin. -->","yoast_head_json":{"title":"Gabriel Galv\u00e1n, nombrado nuevo director general de Ipsen Iberia - Spain %","robots":{"index":"index","follow":"follow","max-snippet":"max-snippet:-1","max-image-preview":"max-image-preview:large","max-video-preview":"max-video-preview:-1"},"canonical":"https:\/\/www.ipsen.com\/spain\/press-releases\/gabriel-galvan-nombrado-nuevo-director-general-de-ipsen-iberia\/","og_locale":"es_ES","og_type":"article","og_title":"Gabriel Galv\u00e1n, nombrado nuevo director general de Ipsen Iberia - Spain %","og_url":"https:\/\/www.ipsen.com\/spain\/press-releases\/gabriel-galvan-nombrado-nuevo-director-general-de-ipsen-iberia\/","og_site_name":"Spain","article_modified_time":"2025-09-03T06:40:09+00:00","twitter_card":"summary_large_image","twitter_misc":{"Est. reading time":"2 minutes"},"schema":{"@context":"https:\/\/schema.org","@graph":[{"@type":"WebPage","@id":"https:\/\/www.ipsen.com\/spain\/press-releases\/gabriel-galvan-nombrado-nuevo-director-general-de-ipsen-iberia\/","url":"https:\/\/www.ipsen.com\/spain\/press-releases\/gabriel-galvan-nombrado-nuevo-director-general-de-ipsen-iberia\/","name":"Gabriel Galv\u00e1n, nombrado nuevo director general de Ipsen Iberia - Spain %","isPartOf":{"@id":"https:\/\/www.ipsen.com\/spain\/#website"},"datePublished":"2025-09-03T06:26:24+00:00","dateModified":"2025-09-03T06:40:09+00:00","breadcrumb":{"@id":"https:\/\/www.ipsen.com\/spain\/press-releases\/gabriel-galvan-nombrado-nuevo-director-general-de-ipsen-iberia\/#breadcrumb"},"inLanguage":"es-ES","potentialAction":[{"@type":"ReadAction","target":["https:\/\/www.ipsen.com\/spain\/press-releases\/gabriel-galvan-nombrado-nuevo-director-general-de-ipsen-iberia\/"]}]},{"@type":"BreadcrumbList","@id":"https:\/\/www.ipsen.com\/spain\/press-releases\/gabriel-galvan-nombrado-nuevo-director-general-de-ipsen-iberia\/#breadcrumb","itemListElement":[{"@type":"ListItem","position":1,"name":"Home","item":"https:\/\/www.ipsen.com\/spain\/"},{"@type":"ListItem","position":2,"name":"Gabriel Galv\u00e1n, nombrado nuevo director general de Ipsen Iberia"}]},{"@type":"WebSite","@id":"https:\/\/www.ipsen.com\/spain\/#website","url":"https:\/\/www.ipsen.com\/spain\/","name":"Spain","description":"","publisher":{"@id":"https:\/\/www.ipsen.com\/spain\/#organization"},"potentialAction":[{"@type":"SearchAction","target":{"@type":"EntryPoint","urlTemplate":"https:\/\/www.ipsen.com\/spain\/?s={search_term_string}"},"query-input":{"@type":"PropertyValueSpecification","valueRequired":true,"valueName":"search_term_string"}}],"inLanguage":"es-ES"},{"@type":"Organization","@id":"https:\/\/www.ipsen.com\/spain\/#organization","name":"Spain","url":"https:\/\/www.ipsen.com\/spain\/","logo":{"@type":"ImageObject","inLanguage":"es-ES","@id":"https:\/\/www.ipsen.com\/spain\/#\/schema\/logo\/image\/","url":"https:\/\/www.ipsen.com\/spain\/wp-content\/uploads\/sites\/17\/2024\/06\/Logo-Ipsen-new.svg","contentUrl":"https:\/\/www.ipsen.com\/spain\/wp-content\/uploads\/sites\/17\/2024\/06\/Logo-Ipsen-new.svg","caption":"Spain"},"image":{"@id":"https:\/\/www.ipsen.com\/spain\/#\/schema\/logo\/image\/"}}]}},"parsely":{"version":"1.1.0","canonical_url":"https:\/\/ipsen.com\/spain\/press-releases\/gabriel-galvan-nombrado-nuevo-director-general-de-ipsen-iberia\/","smart_links":{"inbound":0,"outbound":0},"traffic_boost_suggestions_count":0,"meta":{"@context":"https:\/\/schema.org","@type":"NewsArticle","headline":"Gabriel Galv\u00e1n, nombrado nuevo director general de Ipsen Iberia","url":"http:\/\/www.ipsen.com\/spain\/press-releases\/gabriel-galvan-nombrado-nuevo-director-general-de-ipsen-iberia\/","mainEntityOfPage":{"@type":"WebPage","@id":"http:\/\/www.ipsen.com\/spain\/press-releases\/gabriel-galvan-nombrado-nuevo-director-general-de-ipsen-iberia\/"},"thumbnailUrl":"","image":{"@type":"ImageObject","url":""},"articleSection":"Notas de prensa","author":[{"@type":"Person","name":"loreto"}],"creator":["loreto"],"publisher":{"@type":"Organization","name":"Spain","logo":""},"keywords":[],"dateCreated":"2025-09-03T06:26:24Z","datePublished":"2025-09-03T06:26:24Z","dateModified":"2025-09-03T06:40:09Z"},"rendered":"<script type=\"application\/ld+json\" class=\"wp-parsely-metadata\">{\"@context\":\"https:\\\/\\\/schema.org\",\"@type\":\"NewsArticle\",\"headline\":\"Gabriel Galv\\u00e1n, nombrado nuevo director general de Ipsen Iberia\",\"url\":\"http:\\\/\\\/www.ipsen.com\\\/spain\\\/press-releases\\\/gabriel-galvan-nombrado-nuevo-director-general-de-ipsen-iberia\\\/\",\"mainEntityOfPage\":{\"@type\":\"WebPage\",\"@id\":\"http:\\\/\\\/www.ipsen.com\\\/spain\\\/press-releases\\\/gabriel-galvan-nombrado-nuevo-director-general-de-ipsen-iberia\\\/\"},\"thumbnailUrl\":\"\",\"image\":{\"@type\":\"ImageObject\",\"url\":\"\"},\"articleSection\":\"Notas de prensa\",\"author\":[{\"@type\":\"Person\",\"name\":\"loreto\"}],\"creator\":[\"loreto\"],\"publisher\":{\"@type\":\"Organization\",\"name\":\"Spain\",\"logo\":\"\"},\"keywords\":[],\"dateCreated\":\"2025-09-03T06:26:24Z\",\"datePublished\":\"2025-09-03T06:26:24Z\",\"dateModified\":\"2025-09-03T06:40:09Z\"}<\/script>","tracker_url":"https:\/\/cdn.parsely.com\/keys\/ipsen.com\/p.js"},"jetpack_sharing_enabled":true,"_links":{"self":[{"href":"https:\/\/www.ipsen.com\/spain\/wp-json\/wp\/v2\/press_release\/3568","targetHints":{"allow":["GET"]}}],"collection":[{"href":"https:\/\/www.ipsen.com\/spain\/wp-json\/wp\/v2\/press_release"}],"about":[{"href":"https:\/\/www.ipsen.com\/spain\/wp-json\/wp\/v2\/types\/press_release"}],"author":[{"embeddable":true,"href":"https:\/\/www.ipsen.com\/spain\/wp-json\/wp\/v2\/users\/73"}],"version-history":[{"count":3,"href":"https:\/\/www.ipsen.com\/spain\/wp-json\/wp\/v2\/press_release\/3568\/revisions"}],"predecessor-version":[{"id":3572,"href":"https:\/\/www.ipsen.com\/spain\/wp-json\/wp\/v2\/press_release\/3568\/revisions\/3572"}],"wp:attachment":[{"href":"https:\/\/www.ipsen.com\/spain\/wp-json\/wp\/v2\/media?parent=3568"}],"wp:term":[{"taxonomy":"category","embeddable":true,"href":"https:\/\/www.ipsen.com\/spain\/wp-json\/wp\/v2\/categories?post=3568"},{"taxonomy":"post_tag","embeddable":true,"href":"https:\/\/www.ipsen.com\/spain\/wp-json\/wp\/v2\/tags?post=3568"}],"curies":[{"name":"wp","href":"https:\/\/api.w.org\/{rel}","templated":true}]}}