{"id":2210,"date":"2023-10-10T12:41:24","date_gmt":"2023-10-10T12:41:24","guid":{"rendered":"https:\/\/www.ipsen.com\/spain\/?p=2210"},"modified":"2024-12-11T16:16:05","modified_gmt":"2024-12-11T14:16:05","slug":"carlos-martinez-caballero-nuevo-director-de-la-unidad-de-negocio-de-oncologia-de-ipsen-para-espana-y-portugal","status":"publish","type":"press_release","link":"https:\/\/www.ipsen.com\/spain\/press-releases\/carlos-martinez-caballero-nuevo-director-de-la-unidad-de-negocio-de-oncologia-de-ipsen-para-espana-y-portugal\/","title":{"rendered":"Carlos Mart\u00ednez Caballero, nuevo director de la Unidad de Negocio de Oncolog\u00eda de Ipsen para Espa\u00f1a y Portugal"},"content":{"rendered":"\n<p><strong>Barcelona, 10 de octubre de 2023.- <\/strong><a href=\"https:\/\/www.ipsen.com\/spain\/\"><strong>Ipsen<\/strong><\/a>, compa\u00f1\u00eda biofarmac\u00e9utica global centrada en innovaci\u00f3n y atenci\u00f3n especializada, ha nombrado a Carlos Mart\u00ednez Caballero nuevo director de la Unidad de Negocio de Oncolog\u00eda para Espa\u00f1a y Portugal. Mart\u00ednez Caballero reportar\u00e1 directamente a Aurora Berra de Unamuno, directora general de Ipsen Iberia, y formar\u00e1 parte del Comit\u00e9 de Direcci\u00f3n.<\/p>\n\n\n\n<p>Carlos Mart\u00ednez Caballero ha desarrollado su trayectoria profesional en la industria farmac\u00e9utica, donde ha desempe\u00f1ado diferentes puestos de responsabilidad en el \u00e1rea de ventas y marketing de distintas multinacionales y pa\u00edses durante los \u00faltimos 20 a\u00f1os, aproximadamente. En Espa\u00f1a, ha sido director de la Unidad de Negocio de Oncolog\u00eda y de la Unidad de Fertilidad de Merck y Brand Manager en Roche. Tambi\u00e9n ha sido Global Marketing Manager en Abbott USA y en Nutricia Holanda y en Lilly M\u00e9xico desempe\u00f1\u00f3 las funciones de Product Manager. Se incorpora a Ipsen desde Ferring, donde hasta ahora era director de la Unidad de Negocio de Medicina Reproductiva para Espa\u00f1a, Grecia y Portugal.<\/p>\n\n\n\n<p>\u201cMe gustar\u00eda agradecer a Ipsen la oportunidad que me ha brindado de formar parte de este gran equipo. Espero que mi experiencia y mi vocaci\u00f3n contribuyan a lograr grandes \u00e9xitos en esta \u00e1rea estrat\u00e9gica de la Compa\u00f1\u00eda, a trav\u00e9s de la innovaci\u00f3n y la diferenciaci\u00f3n\u201d, ha afirmado Carlos Mart\u00ednez.<\/p>\n\n\n\n<p>\u201cEstamos seguros de que la experiencia de Carlos Mart\u00ednez nos ayudar\u00e1 a conseguir las metas definidas a medio plazo en el \u00e1rea de oncolog\u00eda. Adem\u00e1s, su dilatada experiencia en la industria contribuir\u00e1 a aportar nuevos puntos de vista y l\u00edneas de trabajo que seguro afianzar\u00e1n nuestra posici\u00f3n en esta \u00e1rea\u201d, ha se\u00f1alado Aurora Berra de Unamuno, directora general de Ipsen Iberia.<\/p>\n\n\n\n<p>Carlos Mart\u00ednez Caballero es licenciado en Negocios Internacionales por la Universidad Panamericana de M\u00e9xico, posgrado en Finanzas por la misma universidad, MBA en ICADE y m\u00e1ster en marketing digital en ISDI.<\/p>\n\n\n\n<h3 class=\"wp-block-heading\"><strong>Para m\u00e1s informaci\u00f3n:<\/strong><\/h3>\n\n\n\n<figure class=\"wp-block-table\"><table class=\"has-fixed-layout\"><tbody><tr><td><strong>Ipsen<\/strong> <br><br><strong>Loreto Gonz\u00e1lez Goizueta<\/strong><br>Tel\u00e9fono: 93 685 81 00<br><a href=\"mailto:comunicacion.es@ipsen.com\"><strong>comunicacion.es@ipsen.com<\/strong><\/a><\/td><td><strong>DUOMO COMUNICACI\u00d3N<\/strong><br><br><strong>Borja G\u00f3mez<\/strong><br>Tel\u00e9fono: 91 311 92 89 \/90<br><a href=\"mailto:borja_gomez@duomocomunicacion.com\"><strong>borja_gomez@duomocomunicacion.com<\/strong><\/a><\/td><\/tr><\/tbody><\/table><\/figure>\n\n\n\n<h3 class=\"wp-block-heading\">Sobre Ipsen<\/h3>\n\n\n\n<p>Ipsen es una compa\u00f1\u00eda biofarmac\u00e9utica de tama\u00f1o medio centrada en medicinas innovadoras en oncolog\u00eda, enfermedades raras y neurociencias. Con unas ventas de m\u00e1s de 3.000 millones de euros en 2022, Ipsen comercializa medicamentos en m\u00e1s de 100 pa\u00edses. Junto con su estrategia de innovaci\u00f3n externa, los esfuerzos de I+D de Ipsen se centran en sus plataformas tecnol\u00f3gicas diferenciadas e innovadoras ubicadas en los principales centros biotecnol\u00f3gicos y de ciencias de la vida: Par\u00eds-Saclay, Francia; Oxford, Reino Unido; Cambridge, EE. UU.; Shangh\u00e1i, China. Ipsen cuenta con unos 5.000 colaboradores en todo el mundo y cotiza en la bolsa de Par\u00eds (Euronext: IPN) y en Estados Unidos, en el <em>American Depositary Receipt Program<\/em> patrocinado de nivel 1. Para m\u00e1s informaci\u00f3n, visita <a href=\"https:\/\/www.ipsen.com\" target=\"_blank\" rel=\"noopener\"><strong>ipsen.com<\/strong><\/a><\/p>\n\n\n\n<p><strong>Ipsen Pharma Espa\u00f1a<\/strong> se encuentra ubicada en Hospitalet de Llobregat (Barcelona). En Espa\u00f1a, la compa\u00f1\u00eda dispone de un s\u00f3lido porfolio en oncolog\u00eda (ri\u00f1\u00f3n, pr\u00f3stata, tiroides y tumores neuroendocrinos), enfermedades raras (acromegalia, fibrodisplasia osificante progresiva (FOP), S\u00edndrome de Turner y trastornos del crecimiento) y neurociencias (trastornos del movimiento). Para m\u00e1s informaci\u00f3n, visita los sitios web: <a href=\"https:\/\/www.ipsen.com\" target=\"_blank\" rel=\"noopener\"><strong>www.ipsen.com<\/strong><\/a> y <a href=\"https:\/\/www.ipsen.com\/spain\" target=\"_blank\" rel=\"noopener\"><strong>www.ipsen.com\/spain<\/strong><\/a><\/p>\n","protected":false},"excerpt":{"rendered":"","protected":false},"author":11,"template":"","categories":[39],"tags":[],"class_list":["post-2210","press_release","type-press_release","status-publish","hentry","category-notas-de-prensa","entry"],"acf":[],"yoast_head":"<!-- This site is optimized with the Yoast SEO plugin v26.8 - https:\/\/yoast.com\/product\/yoast-seo-wordpress\/ -->\n<title>Carlos Mart\u00ednez Caballero, nuevo director de la Unidad de Negocio de Oncolog\u00eda de Ipsen para Espa\u00f1a y Portugal - Spain<\/title>\n<meta name=\"robots\" content=\"index, follow, max-snippet:-1, max-image-preview:large, max-video-preview:-1\" \/>\n<link rel=\"canonical\" href=\"https:\/\/www.ipsen.com\/spain\/press-releases\/carlos-martinez-caballero-nuevo-director-de-la-unidad-de-negocio-de-oncologia-de-ipsen-para-espana-y-portugal\/\" \/>\n<meta property=\"og:locale\" content=\"es_ES\" \/>\n<meta property=\"og:type\" content=\"article\" \/>\n<meta property=\"og:title\" content=\"Carlos Mart\u00ednez Caballero, nuevo director de la Unidad de Negocio de Oncolog\u00eda de Ipsen para Espa\u00f1a y Portugal - Spain\" \/>\n<meta property=\"og:url\" content=\"https:\/\/www.ipsen.com\/spain\/press-releases\/carlos-martinez-caballero-nuevo-director-de-la-unidad-de-negocio-de-oncologia-de-ipsen-para-espana-y-portugal\/\" \/>\n<meta property=\"og:site_name\" content=\"Spain\" \/>\n<meta property=\"article:modified_time\" content=\"2024-12-11T14:16:05+00:00\" \/>\n<meta name=\"twitter:card\" content=\"summary_large_image\" \/>\n<meta name=\"twitter:label1\" content=\"Est. reading time\" \/>\n\t<meta name=\"twitter:data1\" content=\"3 minutes\" \/>\n<script type=\"application\/ld+json\" class=\"yoast-schema-graph\">{\"@context\":\"https:\/\/schema.org\",\"@graph\":[{\"@type\":\"WebPage\",\"@id\":\"https:\/\/www.ipsen.com\/spain\/press-releases\/carlos-martinez-caballero-nuevo-director-de-la-unidad-de-negocio-de-oncologia-de-ipsen-para-espana-y-portugal\/\",\"url\":\"https:\/\/www.ipsen.com\/spain\/press-releases\/carlos-martinez-caballero-nuevo-director-de-la-unidad-de-negocio-de-oncologia-de-ipsen-para-espana-y-portugal\/\",\"name\":\"Carlos Mart\u00ednez Caballero, nuevo director de la Unidad de Negocio de Oncolog\u00eda de Ipsen para Espa\u00f1a y Portugal - Spain\",\"isPartOf\":{\"@id\":\"https:\/\/www.ipsen.com\/spain\/#website\"},\"datePublished\":\"2023-10-10T12:41:24+00:00\",\"dateModified\":\"2024-12-11T14:16:05+00:00\",\"breadcrumb\":{\"@id\":\"https:\/\/www.ipsen.com\/spain\/press-releases\/carlos-martinez-caballero-nuevo-director-de-la-unidad-de-negocio-de-oncologia-de-ipsen-para-espana-y-portugal\/#breadcrumb\"},\"inLanguage\":\"es-ES\",\"potentialAction\":[{\"@type\":\"ReadAction\",\"target\":[\"https:\/\/www.ipsen.com\/spain\/press-releases\/carlos-martinez-caballero-nuevo-director-de-la-unidad-de-negocio-de-oncologia-de-ipsen-para-espana-y-portugal\/\"]}]},{\"@type\":\"BreadcrumbList\",\"@id\":\"https:\/\/www.ipsen.com\/spain\/press-releases\/carlos-martinez-caballero-nuevo-director-de-la-unidad-de-negocio-de-oncologia-de-ipsen-para-espana-y-portugal\/#breadcrumb\",\"itemListElement\":[{\"@type\":\"ListItem\",\"position\":1,\"name\":\"Home\",\"item\":\"https:\/\/www.ipsen.com\/spain\/\"},{\"@type\":\"ListItem\",\"position\":2,\"name\":\"Carlos Mart\u00ednez Caballero, nuevo director de la Unidad de Negocio de Oncolog\u00eda de Ipsen para Espa\u00f1a y Portugal\"}]},{\"@type\":\"WebSite\",\"@id\":\"https:\/\/www.ipsen.com\/spain\/#website\",\"url\":\"https:\/\/www.ipsen.com\/spain\/\",\"name\":\"Spain\",\"description\":\"\",\"publisher\":{\"@id\":\"https:\/\/www.ipsen.com\/spain\/#organization\"},\"potentialAction\":[{\"@type\":\"SearchAction\",\"target\":{\"@type\":\"EntryPoint\",\"urlTemplate\":\"https:\/\/www.ipsen.com\/spain\/?s={search_term_string}\"},\"query-input\":{\"@type\":\"PropertyValueSpecification\",\"valueRequired\":true,\"valueName\":\"search_term_string\"}}],\"inLanguage\":\"es-ES\"},{\"@type\":\"Organization\",\"@id\":\"https:\/\/www.ipsen.com\/spain\/#organization\",\"name\":\"Spain\",\"url\":\"https:\/\/www.ipsen.com\/spain\/\",\"logo\":{\"@type\":\"ImageObject\",\"inLanguage\":\"es-ES\",\"@id\":\"https:\/\/www.ipsen.com\/spain\/#\/schema\/logo\/image\/\",\"url\":\"https:\/\/www.ipsen.com\/spain\/wp-content\/uploads\/sites\/17\/2024\/06\/Logo-Ipsen-new.svg\",\"contentUrl\":\"https:\/\/www.ipsen.com\/spain\/wp-content\/uploads\/sites\/17\/2024\/06\/Logo-Ipsen-new.svg\",\"caption\":\"Spain\"},\"image\":{\"@id\":\"https:\/\/www.ipsen.com\/spain\/#\/schema\/logo\/image\/\"}}]}<\/script>\n<!-- \/ Yoast SEO plugin. -->","yoast_head_json":{"title":"Carlos Mart\u00ednez Caballero, nuevo director de la Unidad de Negocio de Oncolog\u00eda de Ipsen para Espa\u00f1a y Portugal - Spain","robots":{"index":"index","follow":"follow","max-snippet":"max-snippet:-1","max-image-preview":"max-image-preview:large","max-video-preview":"max-video-preview:-1"},"canonical":"https:\/\/www.ipsen.com\/spain\/press-releases\/carlos-martinez-caballero-nuevo-director-de-la-unidad-de-negocio-de-oncologia-de-ipsen-para-espana-y-portugal\/","og_locale":"es_ES","og_type":"article","og_title":"Carlos Mart\u00ednez Caballero, nuevo director de la Unidad de Negocio de Oncolog\u00eda de Ipsen para Espa\u00f1a y Portugal - Spain","og_url":"https:\/\/www.ipsen.com\/spain\/press-releases\/carlos-martinez-caballero-nuevo-director-de-la-unidad-de-negocio-de-oncologia-de-ipsen-para-espana-y-portugal\/","og_site_name":"Spain","article_modified_time":"2024-12-11T14:16:05+00:00","twitter_card":"summary_large_image","twitter_misc":{"Est. reading time":"3 minutes"},"schema":{"@context":"https:\/\/schema.org","@graph":[{"@type":"WebPage","@id":"https:\/\/www.ipsen.com\/spain\/press-releases\/carlos-martinez-caballero-nuevo-director-de-la-unidad-de-negocio-de-oncologia-de-ipsen-para-espana-y-portugal\/","url":"https:\/\/www.ipsen.com\/spain\/press-releases\/carlos-martinez-caballero-nuevo-director-de-la-unidad-de-negocio-de-oncologia-de-ipsen-para-espana-y-portugal\/","name":"Carlos Mart\u00ednez Caballero, nuevo director de la Unidad de Negocio de Oncolog\u00eda de Ipsen para Espa\u00f1a y Portugal - Spain","isPartOf":{"@id":"https:\/\/www.ipsen.com\/spain\/#website"},"datePublished":"2023-10-10T12:41:24+00:00","dateModified":"2024-12-11T14:16:05+00:00","breadcrumb":{"@id":"https:\/\/www.ipsen.com\/spain\/press-releases\/carlos-martinez-caballero-nuevo-director-de-la-unidad-de-negocio-de-oncologia-de-ipsen-para-espana-y-portugal\/#breadcrumb"},"inLanguage":"es-ES","potentialAction":[{"@type":"ReadAction","target":["https:\/\/www.ipsen.com\/spain\/press-releases\/carlos-martinez-caballero-nuevo-director-de-la-unidad-de-negocio-de-oncologia-de-ipsen-para-espana-y-portugal\/"]}]},{"@type":"BreadcrumbList","@id":"https:\/\/www.ipsen.com\/spain\/press-releases\/carlos-martinez-caballero-nuevo-director-de-la-unidad-de-negocio-de-oncologia-de-ipsen-para-espana-y-portugal\/#breadcrumb","itemListElement":[{"@type":"ListItem","position":1,"name":"Home","item":"https:\/\/www.ipsen.com\/spain\/"},{"@type":"ListItem","position":2,"name":"Carlos Mart\u00ednez Caballero, nuevo director de la Unidad de Negocio de Oncolog\u00eda de Ipsen para Espa\u00f1a y Portugal"}]},{"@type":"WebSite","@id":"https:\/\/www.ipsen.com\/spain\/#website","url":"https:\/\/www.ipsen.com\/spain\/","name":"Spain","description":"","publisher":{"@id":"https:\/\/www.ipsen.com\/spain\/#organization"},"potentialAction":[{"@type":"SearchAction","target":{"@type":"EntryPoint","urlTemplate":"https:\/\/www.ipsen.com\/spain\/?s={search_term_string}"},"query-input":{"@type":"PropertyValueSpecification","valueRequired":true,"valueName":"search_term_string"}}],"inLanguage":"es-ES"},{"@type":"Organization","@id":"https:\/\/www.ipsen.com\/spain\/#organization","name":"Spain","url":"https:\/\/www.ipsen.com\/spain\/","logo":{"@type":"ImageObject","inLanguage":"es-ES","@id":"https:\/\/www.ipsen.com\/spain\/#\/schema\/logo\/image\/","url":"https:\/\/www.ipsen.com\/spain\/wp-content\/uploads\/sites\/17\/2024\/06\/Logo-Ipsen-new.svg","contentUrl":"https:\/\/www.ipsen.com\/spain\/wp-content\/uploads\/sites\/17\/2024\/06\/Logo-Ipsen-new.svg","caption":"Spain"},"image":{"@id":"https:\/\/www.ipsen.com\/spain\/#\/schema\/logo\/image\/"}}]}},"parsely":{"version":"1.1.0","canonical_url":"https:\/\/ipsen.com\/spain\/press-releases\/carlos-martinez-caballero-nuevo-director-de-la-unidad-de-negocio-de-oncologia-de-ipsen-para-espana-y-portugal\/","smart_links":{"inbound":0,"outbound":0},"traffic_boost_suggestions_count":0,"meta":{"@context":"https:\/\/schema.org","@type":"NewsArticle","headline":"Carlos Mart\u00ednez Caballero, nuevo director de la Unidad de Negocio de Oncolog\u00eda de Ipsen para Espa\u00f1a y Portugal","url":"http:\/\/www.ipsen.com\/spain\/press-releases\/carlos-martinez-caballero-nuevo-director-de-la-unidad-de-negocio-de-oncologia-de-ipsen-para-espana-y-portugal\/","mainEntityOfPage":{"@type":"WebPage","@id":"http:\/\/www.ipsen.com\/spain\/press-releases\/carlos-martinez-caballero-nuevo-director-de-la-unidad-de-negocio-de-oncologia-de-ipsen-para-espana-y-portugal\/"},"thumbnailUrl":"","image":{"@type":"ImageObject","url":""},"articleSection":"Notas de prensa","author":[{"@type":"Person","name":"heloisedetouchet"}],"creator":["heloisedetouchet"],"publisher":{"@type":"Organization","name":"Spain","logo":""},"keywords":[],"dateCreated":"2023-10-10T12:41:24Z","datePublished":"2023-10-10T12:41:24Z","dateModified":"2024-12-11T14:16:05Z"},"rendered":"<script type=\"application\/ld+json\" class=\"wp-parsely-metadata\">{\"@context\":\"https:\\\/\\\/schema.org\",\"@type\":\"NewsArticle\",\"headline\":\"Carlos Mart\\u00ednez Caballero, nuevo director de la Unidad de Negocio de Oncolog\\u00eda de Ipsen para Espa\\u00f1a y Portugal\",\"url\":\"http:\\\/\\\/www.ipsen.com\\\/spain\\\/press-releases\\\/carlos-martinez-caballero-nuevo-director-de-la-unidad-de-negocio-de-oncologia-de-ipsen-para-espana-y-portugal\\\/\",\"mainEntityOfPage\":{\"@type\":\"WebPage\",\"@id\":\"http:\\\/\\\/www.ipsen.com\\\/spain\\\/press-releases\\\/carlos-martinez-caballero-nuevo-director-de-la-unidad-de-negocio-de-oncologia-de-ipsen-para-espana-y-portugal\\\/\"},\"thumbnailUrl\":\"\",\"image\":{\"@type\":\"ImageObject\",\"url\":\"\"},\"articleSection\":\"Notas de prensa\",\"author\":[{\"@type\":\"Person\",\"name\":\"heloisedetouchet\"}],\"creator\":[\"heloisedetouchet\"],\"publisher\":{\"@type\":\"Organization\",\"name\":\"Spain\",\"logo\":\"\"},\"keywords\":[],\"dateCreated\":\"2023-10-10T12:41:24Z\",\"datePublished\":\"2023-10-10T12:41:24Z\",\"dateModified\":\"2024-12-11T14:16:05Z\"}<\/script>","tracker_url":"https:\/\/cdn.parsely.com\/keys\/ipsen.com\/p.js"},"jetpack_sharing_enabled":true,"_links":{"self":[{"href":"https:\/\/www.ipsen.com\/spain\/wp-json\/wp\/v2\/press_release\/2210","targetHints":{"allow":["GET"]}}],"collection":[{"href":"https:\/\/www.ipsen.com\/spain\/wp-json\/wp\/v2\/press_release"}],"about":[{"href":"https:\/\/www.ipsen.com\/spain\/wp-json\/wp\/v2\/types\/press_release"}],"author":[{"embeddable":true,"href":"https:\/\/www.ipsen.com\/spain\/wp-json\/wp\/v2\/users\/11"}],"version-history":[{"count":3,"href":"https:\/\/www.ipsen.com\/spain\/wp-json\/wp\/v2\/press_release\/2210\/revisions"}],"predecessor-version":[{"id":2464,"href":"https:\/\/www.ipsen.com\/spain\/wp-json\/wp\/v2\/press_release\/2210\/revisions\/2464"}],"wp:attachment":[{"href":"https:\/\/www.ipsen.com\/spain\/wp-json\/wp\/v2\/media?parent=2210"}],"wp:term":[{"taxonomy":"category","embeddable":true,"href":"https:\/\/www.ipsen.com\/spain\/wp-json\/wp\/v2\/categories?post=2210"},{"taxonomy":"post_tag","embeddable":true,"href":"https:\/\/www.ipsen.com\/spain\/wp-json\/wp\/v2\/tags?post=2210"}],"curies":[{"name":"wp","href":"https:\/\/api.w.org\/{rel}","templated":true}]}}