{"id":2133,"date":"2023-05-22T07:36:47","date_gmt":"2023-05-22T07:36:47","guid":{"rendered":"https:\/\/www.ipsen.com\/spain\/?p=2133"},"modified":"2024-12-13T12:04:51","modified_gmt":"2024-12-13T10:04:51","slug":"ipsen-presenta-el-cortometraje-la-secuela-que-nadie-espera","status":"publish","type":"press_release","link":"https:\/\/www.ipsen.com\/spain\/press-releases\/ipsen-presenta-el-cortometraje-la-secuela-que-nadie-espera\/","title":{"rendered":"En el marco de la 61\u00ba edici\u00f3n del Congreso Nacional de SERMEF : Ipsen presenta el cortometraje  \u2018La secuela que nadie espera\u2019, para concienciar a la sociedad sobre la espasticidad"},"content":{"rendered":"\n<ul class=\"wp-block-list\">\n<li><strong>Hasta el 40 % de las personas que han sufrido un ictus experimentan espasticidad en el primer a\u00f1o desde que sufrieron el accidente cerebro vascular, lo que lo sit\u00faa como la primera causa de discapacidad adquirida. <\/strong><\/li>\n<\/ul>\n\n\n\n<p><strong>Barcelona, 18 de mayo de 2023.- <a href=\"https:\/\/www.ipsen.com\/spain\/\">Ipsen<\/a><\/strong>, compa\u00f1\u00eda biofarmac\u00e9utica global centrada en innovaci\u00f3n y atenci\u00f3n especializada, ha presentado hoy el cortometraje <em>La secuela que nadie espera<\/em>, en el marco de la campa\u00f1a de concienciaci\u00f3n sobre la espasticidad, y coincidiendo con el 61\u00ba Congreso Nacional de la Sociedad Espa\u00f1ola de Rehabilitaci\u00f3n y Medicina F\u00edsica (SERMEF) que se celebra del 17 al 20 de mayo en Santander.<\/p>\n\n\n\n<p>El cortometraje, dirigido por Ferran Calbet y protagonizado por Pau Roca, Gemma Bri\u00f3 y Merc\u00e9 Ortega, busca dar visibilidad a una secuela que, en diferentes grados, pueden padecer hasta el 40 % de las personas que han sufrido un ictus. Conocer la espasticidad es fundamental para facilitar un diagn\u00f3stico temprano y preciso, lo que puede traducirse en mayores posibilidades de mejorar la funcionalidad y la calidad de vida del paciente y de sus familiares.<\/p>\n\n\n\n<p>\u201cEstamos muy contentos de haber acogido en nuestro 61\u00ba Congreso Nacional la presentaci\u00f3n del cortometraje La secuela que nadie espera, ya que como m\u00e9dicos rehabilitadores creemos que es fundamental que la sociedad, los pacientes y sus familiares sean conscientes de la importancia de una detecci\u00f3n temprana y un tratamiento adecuado que facilite la convivencia con la espasticidad y mejore la calidad de vida de las personas afectadas. Por eso, desde la Sociedad hemos querido apoyar esta campa\u00f1a de concienciaci\u00f3n sobre la espasticidad de Ipsen desde su inicio el a\u00f1o pasado\u201d, ha se\u00f1alado Carolina de Miguel, presidenta de SERMEF.<\/p>\n\n\n\n<p>Para favorecer esta detecci\u00f3n temprana es fundamental saber identificar la espasticidad: la sensaci\u00f3n de rigidez o tensi\u00f3n aumentada en los m\u00fasculos, la adopci\u00f3n de posturas anormales como el pu\u00f1o apretado, la mu\u00f1eca doblada o pulgar en la palma, entre otras, son s\u00edntomas asociados a esta secuela del ictus que cobran protagonismo en la historia, y que pueden contribuir a que los familiares reconozcan a la extra\u00f1a visitante que aparece en el cortometraje. Una visitante que viene para quedarse, porque la espasticidad es una secuela cr\u00f3nica.<\/p>\n\n\n\n<p>\u201cConocer la espasticidad, saber c\u00f3mo puede afectar al paciente y ser conscientes de su cronicidad son factores determinantes para poder iniciar su tratamiento lo antes posible. Un tratamiento que requiere un abordaje multidisciplinar y que puede combinar diferentes disciplinas, desde la terapia f\u00edsica, la fisioterapia, la terapia ocupacional, el tratamiento farmacol\u00f3gico o la cirug\u00eda con un doble objetivo: mejorar la funcionalidad y la calidad de vida del paciente\u201d, ha explicado Juan Vicente Lozano, jefe del Servicio de Rehabilitaci\u00f3n del Hospital General Universitario Morales Meseguer de Murcia.<\/p>\n\n\n\n<p><strong>La espasticidad, una visita inesperada con la que hay que aprender a convivir<\/strong><\/p>\n\n\n\n<p>El cortometraje, avalado por SERMEF, por la Sociedad Espa\u00f1ola de Neurolog\u00eda (SEN) y por la Asociaci\u00f3n de Traumatismos Craneoencef\u00e1licos y Da\u00f1os Cerebrales (TRACE), tiene una duraci\u00f3n de 4 minutos, y muestra la llegada de un hombre a su casa despu\u00e9s de haber sufrido un ictus. Le acompa\u00f1a un familiar que, tras acomodarle en una habitaci\u00f3n, le deja un momento a solas. Es entonces, cuando recibe una visita inesperada. Una mujer entra en la habitaci\u00f3n con una maleta y sorprende al hombre que no entiende qui\u00e9n es y que est\u00e1 haciendo en su casa.<\/p>\n\n\n\n<p>\u201cEstamos muy orgullosos de acercar esta realidad a toda la sociedad a trav\u00e9s de un cortometraje tan emotivo, aut\u00e9ntico, impactante y positivo, y que refleja nuestro compromiso con los pacientes. Adem\u00e1s de poner a su disposici\u00f3n toda nuestra ciencia y medicamentos innovadores, para nosotros es fundamental desarrollar proyectos de sensibilizaci\u00f3n y educaci\u00f3n como esta campa\u00f1a de concienciaci\u00f3n sobre la espasticidad\u201d, ha destacado Aurora Berra, directora General de Ipsen Iberia.<\/p>\n\n\n\n<p><strong>Cada 6 minutos se diagnostica un ictus en Espa\u00f1a <\/strong><\/p>\n\n\n\n<p>El ictus es una enfermedad cerebrovascular que se produce bien por la obstrucci\u00f3n-disminuci\u00f3n del flujo sangu\u00edneo (ictus isqu\u00e9mico) o bien por la ruptura de los propios vasos sangu\u00edneos del cerebro (ictus hemorr\u00e1gico). En ambos casos, la sangre no llega al cerebro en la cantidad necesaria y, por tanto, las c\u00e9lulas nerviosas dejan de recibir ox\u00edgeno y nutrientes, lo que provoca una alteraci\u00f3n o una lesi\u00f3n del tejido cerebral que repercute en el funcionamiento normal de una determinada regi\u00f3n del cerebro[1].<\/p>\n\n\n\n<p>Seg\u00fan los datos del estudio IBERICTUS, la incidencia de ictus en Espa\u00f1a es de 187,4 casos por cada 100.000 habitantes[2], con una mayor incidencia en hombres que en mujeres.<\/p>\n\n\n\n<p>Debido a su elevada incidencia y prevalencia, el ictus tiene un gran impacto sanitario y social, ya que constituye la primera causa de discapacidad adquirida en el adulto y la segunda de demencia despu\u00e9s de la enfermedad de Alzheimer. M\u00e1s del 80 % de los ictus son evitables controlando los factores de riesgo modificables como la hipertensi\u00f3n arterial (HTA), el consumo de tabaco o alcohol, la diabetes mellitus, la dieta, la inactividad f\u00edsica, la obesidad, etc.<\/p>\n\n\n\n<p><strong>Ver cortometraje<\/strong> <a href=\"https:\/\/lasecuelaquenadieespera.com\/\"><strong><em>La secuela que nadie espera<\/em><\/strong><\/a><a href=\"https:\/\/lasecuelaquenadieespera.com\/\" target=\"_blank\" rel=\"noreferrer noopener\"><strong>.<\/strong><\/a><\/p>\n\n\n\n<p><strong>P\u00e1gina web campa\u00f1a de concienciaci\u00f3n<\/strong>: <a href=\"https:\/\/lasecuelaquenadieespera.com\/\"><em><strong>Esp<\/strong><\/em><\/a><em><a href=\"https:\/\/lasecuelaquenadieespera.com\/\" target=\"_blank\" rel=\"noreferrer noopener\"><strong>asticidad: la secuela que nadie espera.<\/strong><\/a><\/em><\/p>\n\n\n\n<p><strong>Para m\u00e1s informaci\u00f3n: <\/strong><\/p>\n\n\n\n<figure class=\"wp-block-table\"><table class=\"has-fixed-layout\"><tbody><tr><td><strong>Ipsen<\/strong><br><br><strong>Loreto Gonz\u00e1lez<\/strong><br>93 685 81 00<br><a href=\"mailto:comunicacion.es@ipsen.com\"><strong>comunicacion.es@ipsen.com<\/strong><\/a><\/td><td><strong>DUOMO COMUNICACI\u00d3N<\/strong><br><strong><br>Borja G\u00f3mez<\/strong><br>91 311 92 89 \/ 90<br><strong><a href=\"mailto:borja_gomez@duomocomunicacion.com\">borja_gomez@duomocomunicacion.com<\/a><\/strong><\/td><\/tr><\/tbody><\/table><\/figure>\n\n\n\n<p><strong>Sobre Ipsen<\/strong><\/p>\n\n\n\n<p>Ipsen es una compa\u00f1\u00eda biofarmac\u00e9utica de tama\u00f1o medio centrada en medicinas innovadoras en oncolog\u00eda, enfermedades raras y neurociencias. Con unas ventas de m\u00e1s de 3.000 millones de euros en 2022, Ipsen comercializa medicamentos en m\u00e1s de 100 pa\u00edses. Junto con su estrategia de innovaci\u00f3n externa, los esfuerzos de I+D de Ipsen se centran en sus plataformas tecnol\u00f3gicas diferenciadas e innovadoras ubicadas en los principales centros biotecnol\u00f3gicos y de ciencias de la vida: Par\u00eds-Saclay, Francia; Oxford, Reino Unido; Cambridge, EE. UU.; Shangh\u00e1i, China. Ipsen cuenta con unos 5.000 colaboradores en todo el mundo y cotiza en la bolsa de Par\u00eds (Euronext: IPN) y en Estados Unidos, en el <em>American Depositary Receipt Program<\/em> patrocinado de nivel 1. Para m\u00e1s informaci\u00f3n, visita <a href=\"https:\/\/www.ipsen.com\"><strong>ipsen<\/strong><\/a><a href=\"https:\/\/www.ipsen.com\" target=\"_blank\" rel=\"noreferrer noopener\"><strong>.com<\/strong><\/a><\/p>\n\n\n\n<p><strong>Ipsen Pharma Espa\u00f1a<\/strong> se encuentra ubicada en Hospitalet de Llobregat (Barcelona). En Espa\u00f1a, la compa\u00f1\u00eda dispone de un s\u00f3lido porfolio en oncolog\u00eda (ri\u00f1\u00f3n, pr\u00f3stata, tiroides y tumores neuroendocrinos), enfermedades raras (acromegalia, fibrodisplasia osificante progresiva (FOP), S\u00edndrome de Turner y trastornos del crecimiento) y neurociencias (trastornos del movimiento). Para m\u00e1s informaci\u00f3n, visita www.ipsen.com\/Spain<\/p>\n\n\n\n<p>&#8212;<\/p>\n\n\n\n<p>[1] El atlas del ictus en Espa\u00f1a: https:\/\/www.sen.es\/images\/2020\/atlas\/Atlas_del_Ictus_de_Espana_version_web.pdf<\/p>\n\n\n\n<p>[2] D\u00edaz-Guzm\u00e1n, J. et al. (2012). <em>Stroke and transient ischemic attack incidence rate in Spain: the IBERICTUS study.<\/em> Cerebrovasc dis, 34(4), 272\u2013281. doi.org\/10.1159\/000342652.<\/p>\n","protected":false},"excerpt":{"rendered":"","protected":false},"author":11,"template":"","categories":[39],"tags":[],"class_list":["post-2133","press_release","type-press_release","status-publish","hentry","category-notas-de-prensa","entry"],"acf":[],"yoast_head":"<!-- This site is optimized with the Yoast SEO plugin v26.8 - https:\/\/yoast.com\/product\/yoast-seo-wordpress\/ -->\n<title>Ipsen presenta el cortometraje \u2018La secuela que nadie espera\u2019<\/title>\n<meta name=\"robots\" content=\"index, follow, max-snippet:-1, max-image-preview:large, max-video-preview:-1\" \/>\n<link rel=\"canonical\" href=\"https:\/\/www.ipsen.com\/spain\/press-releases\/ipsen-presenta-el-cortometraje-la-secuela-que-nadie-espera\/\" \/>\n<meta property=\"og:locale\" content=\"es_ES\" \/>\n<meta property=\"og:type\" content=\"article\" \/>\n<meta property=\"og:title\" content=\"Ipsen presenta el cortometraje \u2018La secuela que nadie espera\u2019\" \/>\n<meta property=\"og:url\" content=\"https:\/\/www.ipsen.com\/spain\/press-releases\/ipsen-presenta-el-cortometraje-la-secuela-que-nadie-espera\/\" \/>\n<meta property=\"og:site_name\" content=\"Spain\" \/>\n<meta property=\"article:modified_time\" content=\"2024-12-13T10:04:51+00:00\" \/>\n<meta name=\"twitter:card\" content=\"summary_large_image\" \/>\n<meta name=\"twitter:label1\" content=\"Est. reading time\" \/>\n\t<meta name=\"twitter:data1\" content=\"5 minutes\" \/>\n<script type=\"application\/ld+json\" class=\"yoast-schema-graph\">{\"@context\":\"https:\/\/schema.org\",\"@graph\":[{\"@type\":\"WebPage\",\"@id\":\"https:\/\/www.ipsen.com\/spain\/press-releases\/ipsen-presenta-el-cortometraje-la-secuela-que-nadie-espera\/\",\"url\":\"https:\/\/www.ipsen.com\/spain\/press-releases\/ipsen-presenta-el-cortometraje-la-secuela-que-nadie-espera\/\",\"name\":\"Ipsen presenta el cortometraje \u2018La secuela que nadie espera\u2019\",\"isPartOf\":{\"@id\":\"https:\/\/www.ipsen.com\/spain\/#website\"},\"datePublished\":\"2023-05-22T07:36:47+00:00\",\"dateModified\":\"2024-12-13T10:04:51+00:00\",\"breadcrumb\":{\"@id\":\"https:\/\/www.ipsen.com\/spain\/press-releases\/ipsen-presenta-el-cortometraje-la-secuela-que-nadie-espera\/#breadcrumb\"},\"inLanguage\":\"es-ES\",\"potentialAction\":[{\"@type\":\"ReadAction\",\"target\":[\"https:\/\/www.ipsen.com\/spain\/press-releases\/ipsen-presenta-el-cortometraje-la-secuela-que-nadie-espera\/\"]}]},{\"@type\":\"BreadcrumbList\",\"@id\":\"https:\/\/www.ipsen.com\/spain\/press-releases\/ipsen-presenta-el-cortometraje-la-secuela-que-nadie-espera\/#breadcrumb\",\"itemListElement\":[{\"@type\":\"ListItem\",\"position\":1,\"name\":\"Home\",\"item\":\"https:\/\/www.ipsen.com\/spain\/\"},{\"@type\":\"ListItem\",\"position\":2,\"name\":\"En el marco de la 61\u00ba edici\u00f3n del Congreso Nacional de SERMEF : Ipsen presenta el cortometraje \u2018La secuela que nadie espera\u2019, para concienciar a la sociedad sobre la espasticidad\"}]},{\"@type\":\"WebSite\",\"@id\":\"https:\/\/www.ipsen.com\/spain\/#website\",\"url\":\"https:\/\/www.ipsen.com\/spain\/\",\"name\":\"Spain\",\"description\":\"\",\"publisher\":{\"@id\":\"https:\/\/www.ipsen.com\/spain\/#organization\"},\"potentialAction\":[{\"@type\":\"SearchAction\",\"target\":{\"@type\":\"EntryPoint\",\"urlTemplate\":\"https:\/\/www.ipsen.com\/spain\/?s={search_term_string}\"},\"query-input\":{\"@type\":\"PropertyValueSpecification\",\"valueRequired\":true,\"valueName\":\"search_term_string\"}}],\"inLanguage\":\"es-ES\"},{\"@type\":\"Organization\",\"@id\":\"https:\/\/www.ipsen.com\/spain\/#organization\",\"name\":\"Spain\",\"url\":\"https:\/\/www.ipsen.com\/spain\/\",\"logo\":{\"@type\":\"ImageObject\",\"inLanguage\":\"es-ES\",\"@id\":\"https:\/\/www.ipsen.com\/spain\/#\/schema\/logo\/image\/\",\"url\":\"https:\/\/www.ipsen.com\/spain\/wp-content\/uploads\/sites\/17\/2024\/06\/Logo-Ipsen-new.svg\",\"contentUrl\":\"https:\/\/www.ipsen.com\/spain\/wp-content\/uploads\/sites\/17\/2024\/06\/Logo-Ipsen-new.svg\",\"caption\":\"Spain\"},\"image\":{\"@id\":\"https:\/\/www.ipsen.com\/spain\/#\/schema\/logo\/image\/\"}}]}<\/script>\n<!-- \/ Yoast SEO plugin. -->","yoast_head_json":{"title":"Ipsen presenta el cortometraje \u2018La secuela que nadie espera\u2019","robots":{"index":"index","follow":"follow","max-snippet":"max-snippet:-1","max-image-preview":"max-image-preview:large","max-video-preview":"max-video-preview:-1"},"canonical":"https:\/\/www.ipsen.com\/spain\/press-releases\/ipsen-presenta-el-cortometraje-la-secuela-que-nadie-espera\/","og_locale":"es_ES","og_type":"article","og_title":"Ipsen presenta el cortometraje \u2018La secuela que nadie espera\u2019","og_url":"https:\/\/www.ipsen.com\/spain\/press-releases\/ipsen-presenta-el-cortometraje-la-secuela-que-nadie-espera\/","og_site_name":"Spain","article_modified_time":"2024-12-13T10:04:51+00:00","twitter_card":"summary_large_image","twitter_misc":{"Est. reading time":"5 minutes"},"schema":{"@context":"https:\/\/schema.org","@graph":[{"@type":"WebPage","@id":"https:\/\/www.ipsen.com\/spain\/press-releases\/ipsen-presenta-el-cortometraje-la-secuela-que-nadie-espera\/","url":"https:\/\/www.ipsen.com\/spain\/press-releases\/ipsen-presenta-el-cortometraje-la-secuela-que-nadie-espera\/","name":"Ipsen presenta el cortometraje \u2018La secuela que nadie espera\u2019","isPartOf":{"@id":"https:\/\/www.ipsen.com\/spain\/#website"},"datePublished":"2023-05-22T07:36:47+00:00","dateModified":"2024-12-13T10:04:51+00:00","breadcrumb":{"@id":"https:\/\/www.ipsen.com\/spain\/press-releases\/ipsen-presenta-el-cortometraje-la-secuela-que-nadie-espera\/#breadcrumb"},"inLanguage":"es-ES","potentialAction":[{"@type":"ReadAction","target":["https:\/\/www.ipsen.com\/spain\/press-releases\/ipsen-presenta-el-cortometraje-la-secuela-que-nadie-espera\/"]}]},{"@type":"BreadcrumbList","@id":"https:\/\/www.ipsen.com\/spain\/press-releases\/ipsen-presenta-el-cortometraje-la-secuela-que-nadie-espera\/#breadcrumb","itemListElement":[{"@type":"ListItem","position":1,"name":"Home","item":"https:\/\/www.ipsen.com\/spain\/"},{"@type":"ListItem","position":2,"name":"En el marco de la 61\u00ba edici\u00f3n del Congreso Nacional de SERMEF : Ipsen presenta el cortometraje \u2018La secuela que nadie espera\u2019, para concienciar a la sociedad sobre la espasticidad"}]},{"@type":"WebSite","@id":"https:\/\/www.ipsen.com\/spain\/#website","url":"https:\/\/www.ipsen.com\/spain\/","name":"Spain","description":"","publisher":{"@id":"https:\/\/www.ipsen.com\/spain\/#organization"},"potentialAction":[{"@type":"SearchAction","target":{"@type":"EntryPoint","urlTemplate":"https:\/\/www.ipsen.com\/spain\/?s={search_term_string}"},"query-input":{"@type":"PropertyValueSpecification","valueRequired":true,"valueName":"search_term_string"}}],"inLanguage":"es-ES"},{"@type":"Organization","@id":"https:\/\/www.ipsen.com\/spain\/#organization","name":"Spain","url":"https:\/\/www.ipsen.com\/spain\/","logo":{"@type":"ImageObject","inLanguage":"es-ES","@id":"https:\/\/www.ipsen.com\/spain\/#\/schema\/logo\/image\/","url":"https:\/\/www.ipsen.com\/spain\/wp-content\/uploads\/sites\/17\/2024\/06\/Logo-Ipsen-new.svg","contentUrl":"https:\/\/www.ipsen.com\/spain\/wp-content\/uploads\/sites\/17\/2024\/06\/Logo-Ipsen-new.svg","caption":"Spain"},"image":{"@id":"https:\/\/www.ipsen.com\/spain\/#\/schema\/logo\/image\/"}}]}},"parsely":{"version":"1.1.0","canonical_url":"https:\/\/ipsen.com\/spain\/press-releases\/ipsen-presenta-el-cortometraje-la-secuela-que-nadie-espera\/","smart_links":{"inbound":0,"outbound":0},"traffic_boost_suggestions_count":0,"meta":{"@context":"https:\/\/schema.org","@type":"NewsArticle","headline":"En el marco de la 61\u00ba edici\u00f3n del Congreso Nacional de SERMEF : Ipsen presenta el cortometraje  \u2018La secuela que nadie espera\u2019, para concienciar a la sociedad sobre la espasticidad","url":"http:\/\/www.ipsen.com\/spain\/press-releases\/ipsen-presenta-el-cortometraje-la-secuela-que-nadie-espera\/","mainEntityOfPage":{"@type":"WebPage","@id":"http:\/\/www.ipsen.com\/spain\/press-releases\/ipsen-presenta-el-cortometraje-la-secuela-que-nadie-espera\/"},"thumbnailUrl":"","image":{"@type":"ImageObject","url":""},"articleSection":"Notas de prensa","author":[{"@type":"Person","name":"heloisedetouchet"}],"creator":["heloisedetouchet"],"publisher":{"@type":"Organization","name":"Spain","logo":""},"keywords":[],"dateCreated":"2023-05-22T07:36:47Z","datePublished":"2023-05-22T07:36:47Z","dateModified":"2024-12-13T10:04:51Z"},"rendered":"<script type=\"application\/ld+json\" class=\"wp-parsely-metadata\">{\"@context\":\"https:\\\/\\\/schema.org\",\"@type\":\"NewsArticle\",\"headline\":\"En el marco de la 61\\u00ba edici\\u00f3n del Congreso Nacional de SERMEF : Ipsen presenta el cortometraje  \\u2018La secuela que nadie espera\\u2019, para concienciar a la sociedad sobre la espasticidad\",\"url\":\"http:\\\/\\\/www.ipsen.com\\\/spain\\\/press-releases\\\/ipsen-presenta-el-cortometraje-la-secuela-que-nadie-espera\\\/\",\"mainEntityOfPage\":{\"@type\":\"WebPage\",\"@id\":\"http:\\\/\\\/www.ipsen.com\\\/spain\\\/press-releases\\\/ipsen-presenta-el-cortometraje-la-secuela-que-nadie-espera\\\/\"},\"thumbnailUrl\":\"\",\"image\":{\"@type\":\"ImageObject\",\"url\":\"\"},\"articleSection\":\"Notas de prensa\",\"author\":[{\"@type\":\"Person\",\"name\":\"heloisedetouchet\"}],\"creator\":[\"heloisedetouchet\"],\"publisher\":{\"@type\":\"Organization\",\"name\":\"Spain\",\"logo\":\"\"},\"keywords\":[],\"dateCreated\":\"2023-05-22T07:36:47Z\",\"datePublished\":\"2023-05-22T07:36:47Z\",\"dateModified\":\"2024-12-13T10:04:51Z\"}<\/script>","tracker_url":"https:\/\/cdn.parsely.com\/keys\/ipsen.com\/p.js"},"jetpack_sharing_enabled":true,"_links":{"self":[{"href":"https:\/\/www.ipsen.com\/spain\/wp-json\/wp\/v2\/press_release\/2133","targetHints":{"allow":["GET"]}}],"collection":[{"href":"https:\/\/www.ipsen.com\/spain\/wp-json\/wp\/v2\/press_release"}],"about":[{"href":"https:\/\/www.ipsen.com\/spain\/wp-json\/wp\/v2\/types\/press_release"}],"author":[{"embeddable":true,"href":"https:\/\/www.ipsen.com\/spain\/wp-json\/wp\/v2\/users\/11"}],"version-history":[{"count":2,"href":"https:\/\/www.ipsen.com\/spain\/wp-json\/wp\/v2\/press_release\/2133\/revisions"}],"predecessor-version":[{"id":2793,"href":"https:\/\/www.ipsen.com\/spain\/wp-json\/wp\/v2\/press_release\/2133\/revisions\/2793"}],"wp:attachment":[{"href":"https:\/\/www.ipsen.com\/spain\/wp-json\/wp\/v2\/media?parent=2133"}],"wp:term":[{"taxonomy":"category","embeddable":true,"href":"https:\/\/www.ipsen.com\/spain\/wp-json\/wp\/v2\/categories?post=2133"},{"taxonomy":"post_tag","embeddable":true,"href":"https:\/\/www.ipsen.com\/spain\/wp-json\/wp\/v2\/tags?post=2133"}],"curies":[{"name":"wp","href":"https:\/\/api.w.org\/{rel}","templated":true}]}}