{"id":1988,"date":"2022-10-27T10:06:11","date_gmt":"2022-10-27T10:06:11","guid":{"rendered":"https:\/\/www.ipsen.com\/spain\/?p=1988"},"modified":"2024-12-17T08:05:57","modified_gmt":"2024-12-17T06:05:57","slug":"ipsen-lanza-la-campana-espasticidad-la-secuela-que-nadie-espera-para-concienciar-a-la-poblacion-sobre-uno-de-los-sintomas-mas-frecuentes-tras-un-ictus","status":"publish","type":"press_release","link":"https:\/\/www.ipsen.com\/spain\/press-releases\/ipsen-lanza-la-campana-espasticidad-la-secuela-que-nadie-espera-para-concienciar-a-la-poblacion-sobre-uno-de-los-sintomas-mas-frecuentes-tras-un-ictus\/","title":{"rendered":"Ipsen lanza la campa\u00f1a \u2018Espasticidad: la secuela que nadie espera\u2019 para concienciar a la poblaci\u00f3n sobre uno de los s\u00edntomas m\u00e1s frecuentes tras un ictus"},"content":{"rendered":"\n<ul class=\"wp-block-list\">\n<li>Se estima que hasta el 40 % de los supervivientes de un accidente cerebrovascular experimentan espasticidad en el primer a\u00f1o desde que sufren el ictus, con una prevalencia de entre el 30 % y el 80 %, lo que convierte al ictus en la primera causa de discapacidad adquirida en adultos<\/li>\n\n\n\n<li>Cada 6 minutos se produce un ictus en Espa\u00f1a, si bien m\u00e1s del 80 % son evitables, controlando factores de riesgo como la hipertensi\u00f3n arterial, consumo de tabaco o alcohol, o la hipercolesterolemia, entre otros.<\/li>\n<\/ul>\n\n\n\n<p><strong>Barcelona, 27 de octubre de 2022<\/strong> &#8211; <a href=\"https:\/\/www.ipsen.com\/\" target=\"_blank\" rel=\"noopener\"><strong>Ipsen<\/strong><\/a>, compa\u00f1\u00eda biofarmac\u00e9utica global centrada en innovaci\u00f3n y atenci\u00f3n especializada, ha presentado la campa\u00f1a <a href=\"https:\/\/lasecuelaquenadieespera.com\/\" target=\"_blank\" rel=\"noopener\"><strong>Espasticidad: la secuela que nadie espera<\/strong><\/a>, coincidiendo con el D\u00eda Mundial del Ictus que se celebra el s\u00e1bado 29 de octubre, para concienciar a la sociedad sobre una de las secuelas m\u00e1s frecuentes y, a la vez, m\u00e1s desconocidas tras un ictus: la espasticidad. La campa\u00f1a cuenta con el aval de la Sociedad Espa\u00f1ola de Rehabilitaci\u00f3n y Medicina F\u00edsica (SERMEF).<\/p>\n\n\n\n<p>Se estima que al menos uno de cada tres supervivientes a un ictus o accidente cerebro vascular (ACV) experimentan espasticidad durante el primer a\u00f1o desde que lo sufren, lo que convierte al ictus en la primera causa de discapacidad adquirida en adultos. La espasticidad consiste en una serie de contracciones permanentes de ciertos m\u00fasculos que se manifiesta como rigidez y resistencia al estiramiento muscular.<\/p>\n\n\n\n<p>Con una prevalencia de entre el 30 % y el 80 %<sup>1<\/sup>, la espasticidad se desarrolla de forma gradual, semanas e incluso meses despu\u00e9s de haber padecido un ACV, y acaba siendo una secuela cr\u00f3nica, por lo que es muy importante detectarla y tratarla a tiempo para evitar complicaciones graves o limitaciones funcionales que interfieran en las actividades diarias y en la calidad de vida de los pacientes. La administraci\u00f3n de tratamientos espec\u00edficos, la rehabilitaci\u00f3n y la atenci\u00f3n socio sanitaria son claves para recuperarse tras un ictus.<\/p>\n\n\n\n<h2 class=\"wp-block-heading\"><strong>C\u00f3mo puede detectarse y qu\u00e9 repercusiones tiene la espasticidad <\/strong><\/h2>\n\n\n\n<p>La espasticidad se puede percibir por una sensaci\u00f3n de rigidez o tensi\u00f3n aumentada en los m\u00fasculos, que puede ir acompa\u00f1ada de dolor y\/o espasmos. Constituye una secuela motora importante y est\u00e1 presente en muchos de los pacientes que tras el ictus presentan alg\u00fan tipo de secuela, aunque tambi\u00e9n se presenta en otras afecciones del sistema nervioso central como la esclerosis m\u00faltiple, par\u00e1lisis cerebral infantil, traumatismos craneoencef\u00e1licos o lesiones medulares.<\/p>\n\n\n\n<p>Puede detectarse f\u00e1cilmente porque conlleva la adopci\u00f3n de posturas anormales que limitan el movimiento. Generalmente se manifiesta con algunos de estos patrones<sup>2<\/sup>: abducci\u00f3n y\/o rotaci\u00f3n del hombro, pu\u00f1o apretado, flexi\u00f3n del codo, mu\u00f1eca doblada, antebrazo pronado, pulgar en la palma, rodilla r\u00edgida y pie en punta.<\/p>\n\n\n\n<p>Si la espasticidad no se detecta precozmente y no se trata a tiempo, puede derivar en limitaciones funcionales que interfieren en las actividades de la vida diaria y repercuten de manera importante en la calidad de vida del paciente tras el ictus. Entre las principales repercusiones de la espasticidad figuran:<\/p>\n\n\n\n<ul class=\"wp-block-list\">\n<li><strong>Limita la movilidad<\/strong>, afectando, por ejemplo, al desplazamiento, a moverse en la cama o sentarse.<\/li>\n\n\n\n<li>Produce <strong>dolor, espasmos<\/strong> y <strong>contracciones<\/strong>.<\/li>\n\n\n\n<li>Favorece la <strong>aparici\u00f3n de lesiones en la piel<\/strong> por presi\u00f3n (llagas, ulceras\u2026).<\/li>\n\n\n\n<li><strong>Limita la destreza<\/strong> (comer, vestirse, asearse, escribir\u2026)<\/li>\n\n\n\n<li>Favorece la <strong>deformidad articular<\/strong> (en brazo, codo, mu\u00f1eca, mano y pierna) limitando el movimiento.<\/li>\n<\/ul>\n\n\n\n<h2 class=\"wp-block-heading\">Una correcta valoraci\u00f3n cl\u00ednica es esencial para prevenir complicaciones<\/h2>\n\n\n\n<p>El diagn\u00f3stico temprano de la espasticidad es fundamental para poder realizar el tratamiento adecuado y en el momento preciso, para as\u00ed prevenir complicaciones<sup>3<\/sup> . El manejo de la espasticidad es complejo y requiere un equipo multidisciplinar formado, entre otros, por especialistas m\u00e9dicos (m\u00e9dico de rehabilitaci\u00f3n, neur\u00f3logo, geriatra\u2026), enfermeras, terapeutas (fisioterapeuta, terapeuta ocupacional\u2026) y ortopedistas.<\/p>\n\n\n\n<p>Este equipo desempe\u00f1a un papel clave en el trabajo con el paciente y sus cuidadores para evaluar el grado y el impacto de la espasticidad, identificar los objetivos del tratamiento, iniciar derivaciones para asesoramiento especializado, implementar programas de manejo, monitorear los efectos de las intervenciones<sup>4<\/sup> y hacer seguimiento del proceso de rehabilitaci\u00f3n.<\/p>\n\n\n\n<p>El tratamiento de la espasticidad incluye la combinaci\u00f3n de diversas modalidades de terapia f\u00edsica, fisioterapia, terapia ocupacional, tratamiento farmacol\u00f3gico (toxina botul\u00ednica, medicaci\u00f3n oral, medicaci\u00f3n intratecal, la fenolizaci\u00f3n del nervio) y quir\u00fargicas (cirug\u00eda ortop\u00e9dica y neurocirug\u00eda). Siempre se debe contemplar el asesoramiento y apoyo a los pacientes, familiares y cuidadores.<\/p>\n\n\n\n<p>En l\u00edneas generales, los principales objetivos del tratamiento de la espasticidad son: mejorar la funcionalidad (marcha y movilidad general, equilibrio y postura en sedestaci\u00f3n, y transferencia a la silla o la cama), y mejorar la calidad de vida y el nivel de bienestar del paciente (aliviar el dolor, aumentar la calidad del sue\u00f1o, facilitar los cuidados y las actividades diarias como la higiene, el vestido y la alimentaci\u00f3n y aliviar la labor del cuidador).<\/p>\n\n\n\n<h2 class=\"wp-block-heading\">Cada 6 minutos se diagnostica un ictus en Espa\u00f1a<\/h2>\n\n\n\n<p>El ictus es una enfermedad cerebrovascular que se produce bien por la obstrucci\u00f3n-disminuci\u00f3n del flujo sangu\u00edneo (ictus isqu\u00e9mico) o bien por la ruptura de los propios vasos sangu\u00edneos del cerebro (ictus hemorr\u00e1gico). En ambos casos, la sangre no llega al cerebro en la cantidad necesaria y, por tanto, las c\u00e9lulas nerviosas dejan de recibir ox\u00edgeno y nutrientes, lo que provoca una alteraci\u00f3n o una lesi\u00f3n del tejido cerebral que repercute en el funcionamiento normal de una determinada regi\u00f3n del cerebro<sup>4<\/sup>.<\/p>\n\n\n\n<p>Seg\u00fan los datos del estudio IBERICTUS, la incidencia de ictus en Espa\u00f1a es de 187,4 casos por cada 100.000 habitantes<sup>5<\/sup> , con una mayor incidencia en hombres que en mujeres.<\/p>\n\n\n\n<p>Debido a su elevada incidencia y prevalencia, el ictus tiene un gran impacto sanitario y social, ya que constituye la primera causa de discapacidad adquirida en el adulto y la segunda de demencia despu\u00e9s de la enfermedad de Alzheimer. M\u00e1s del 80 % de los ictus son evitables<sup><a href=\"#_ftnref6\">6<\/a><\/sup> controlando los factores de riesgo modificables como la hipertensi\u00f3n arterial (HTA), el consumo de tabaco o alcohol, la diabetes mellitus, la dieta, la inactividad f\u00edsica, la obesidad, la hipercolesterolemia, etc.<\/p>\n\n\n\n<p>El ictus, por tanto, se puede prevenir, tratar y recuperar. Y, en este sentido, es importante mejorar la prevenci\u00f3n, as\u00ed como la rehabilitaci\u00f3n de las secuelas.<\/p>\n\n\n\n<h3 class=\"wp-block-heading\"><strong>Para m\u00e1s informaci\u00f3n:<\/strong><\/h3>\n\n\n\n<figure class=\"wp-block-table\"><table class=\"has-fixed-layout\"><tbody><tr><td><strong>Ipsen <\/strong><br><br><strong>Loreto Gonz\u00e1lez Goizueta<\/strong><br><strong>Presidenta de NET Espa\u00f1a<\/strong><br>93 685 81 00<br><a href=\"mailto:comunicacion.es@ipsen.com\"><strong>comunicacion.es@ipsen.com<\/strong><\/a> <\/td><td><strong>DUOMO COMUNICACI\u00d3N<\/strong><br><br><strong>Borja G\u00f3mez<\/strong><br>Tel\u00e9fono: 91 311 92 89 \/90<br><a href=\"mailto:borja_gomez@duomocomunicacion.com\"><strong>borja_gomez@duomocomunicacion.com<\/strong><\/a><br><\/td><\/tr><\/tbody><\/table><\/figure>\n\n\n\n<h3 class=\"wp-block-heading\"><strong>Sobre Ipsen<\/strong><\/h3>\n\n\n\n<p>Ipsen es una compa\u00f1\u00eda biofarmac\u00e9utica de tama\u00f1o medio centrada en medicinas innovadoras en oncolog\u00eda, enfermedades raras y neurociencias; tambi\u00e9n est\u00e1 bien establecido en el negocio de atenci\u00f3n m\u00e9dica al consumidor. Con un volumen de negocio en Speciality Care de 2.600 millones de euros en 2021, Ipsen comercializa medicamentos en m\u00e1s de 100 pa\u00edses. Junto con su estrategia de innovaci\u00f3n externa, los esfuerzos de I+D de Ipsen se centran en sus plataformas tecnol\u00f3gicas diferenciadas e innovadoras ubicadas en los principales centros biotecnol\u00f3gicos y de ciencias de la vida: Par\u00eds-Saclay, Francia; Oxford, Reino Unido; Cambridge, EE. UU.; Shangh\u00e1i, China. Ipsen cuenta con unos 4.500 colaboradores en todo el mundo y cotiza en la bolsa de Par\u00eds (Euronext: IPN) y en Estados Unidos, en el American <em>Depositary Receipt Program<\/em> patrocinado de nivel 1. Para m\u00e1s informaci\u00f3n, visita <a href=\"https:\/\/www.ipsen.com\/\" target=\"_blank\" rel=\"noopener\"><strong>ipsen.com<\/strong><\/a><\/p>\n\n\n\n<p>Ipsen Pharma Espa\u00f1a se encuentra ubicada en Hospitalet de Llobregat (Barcelona). En Espa\u00f1a, la compa\u00f1\u00eda dispone de un s\u00f3lido porfolio en oncolog\u00eda (ri\u00f1\u00f3n, pr\u00f3stata, h\u00edgado, tiroides y tumores neuroendocrinos), enfermedades raras (acromegalia, adenoma tirotropo, fibrodisplasia osificante progresiva (FOP), S\u00edndrome de Turner y trastornos del crecimiento) y neurociencias (trastornos del movimiento). Para m\u00e1s informaci\u00f3n, visita los sitios web: <strong><a href=\"https:\/\/www.ipsen.com\/\" target=\"_blank\" rel=\"noreferrer noopener\">www.ipsen.com<\/a><\/strong> y <a href=\"https:\/\/www.ipsen.com\/spain\/\"><strong>www.ipsen.com\/Spain<\/strong><\/a><\/p>\n","protected":false},"excerpt":{"rendered":"","protected":false},"author":11,"template":"","categories":[39],"tags":[],"class_list":["post-1988","press_release","type-press_release","status-publish","hentry","category-notas-de-prensa","entry"],"acf":[],"yoast_head":"<!-- This site is optimized with the Yoast SEO plugin v26.8 - https:\/\/yoast.com\/product\/yoast-seo-wordpress\/ -->\n<title>Ipsen lanza la campa\u00f1a \u2018Espasticidad: la secuela que nadie espera\u2019 para concienciar a la poblaci\u00f3n sobre uno de los s\u00edntomas m\u00e1s frecuentes tras un ictus - Spain<\/title>\n<meta name=\"robots\" content=\"index, follow, max-snippet:-1, max-image-preview:large, max-video-preview:-1\" \/>\n<link rel=\"canonical\" href=\"https:\/\/www.ipsen.com\/spain\/press-releases\/ipsen-lanza-la-campana-espasticidad-la-secuela-que-nadie-espera-para-concienciar-a-la-poblacion-sobre-uno-de-los-sintomas-mas-frecuentes-tras-un-ictus\/\" \/>\n<meta property=\"og:locale\" content=\"es_ES\" \/>\n<meta property=\"og:type\" content=\"article\" \/>\n<meta property=\"og:title\" content=\"Ipsen lanza la campa\u00f1a \u2018Espasticidad: la secuela que nadie espera\u2019 para concienciar a la poblaci\u00f3n sobre uno de los s\u00edntomas m\u00e1s frecuentes tras un ictus - Spain\" \/>\n<meta property=\"og:url\" content=\"https:\/\/www.ipsen.com\/spain\/press-releases\/ipsen-lanza-la-campana-espasticidad-la-secuela-que-nadie-espera-para-concienciar-a-la-poblacion-sobre-uno-de-los-sintomas-mas-frecuentes-tras-un-ictus\/\" \/>\n<meta property=\"og:site_name\" content=\"Spain\" \/>\n<meta property=\"article:modified_time\" content=\"2024-12-17T06:05:57+00:00\" \/>\n<meta name=\"twitter:card\" content=\"summary_large_image\" \/>\n<meta name=\"twitter:label1\" content=\"Est. reading time\" \/>\n\t<meta name=\"twitter:data1\" content=\"6 minutes\" \/>\n<script type=\"application\/ld+json\" class=\"yoast-schema-graph\">{\"@context\":\"https:\/\/schema.org\",\"@graph\":[{\"@type\":\"WebPage\",\"@id\":\"https:\/\/www.ipsen.com\/spain\/press-releases\/ipsen-lanza-la-campana-espasticidad-la-secuela-que-nadie-espera-para-concienciar-a-la-poblacion-sobre-uno-de-los-sintomas-mas-frecuentes-tras-un-ictus\/\",\"url\":\"https:\/\/www.ipsen.com\/spain\/press-releases\/ipsen-lanza-la-campana-espasticidad-la-secuela-que-nadie-espera-para-concienciar-a-la-poblacion-sobre-uno-de-los-sintomas-mas-frecuentes-tras-un-ictus\/\",\"name\":\"Ipsen lanza la campa\u00f1a \u2018Espasticidad: la secuela que nadie espera\u2019 para concienciar a la poblaci\u00f3n sobre uno de los s\u00edntomas m\u00e1s frecuentes tras un ictus - Spain\",\"isPartOf\":{\"@id\":\"https:\/\/www.ipsen.com\/spain\/#website\"},\"datePublished\":\"2022-10-27T10:06:11+00:00\",\"dateModified\":\"2024-12-17T06:05:57+00:00\",\"breadcrumb\":{\"@id\":\"https:\/\/www.ipsen.com\/spain\/press-releases\/ipsen-lanza-la-campana-espasticidad-la-secuela-que-nadie-espera-para-concienciar-a-la-poblacion-sobre-uno-de-los-sintomas-mas-frecuentes-tras-un-ictus\/#breadcrumb\"},\"inLanguage\":\"es-ES\",\"potentialAction\":[{\"@type\":\"ReadAction\",\"target\":[\"https:\/\/www.ipsen.com\/spain\/press-releases\/ipsen-lanza-la-campana-espasticidad-la-secuela-que-nadie-espera-para-concienciar-a-la-poblacion-sobre-uno-de-los-sintomas-mas-frecuentes-tras-un-ictus\/\"]}]},{\"@type\":\"BreadcrumbList\",\"@id\":\"https:\/\/www.ipsen.com\/spain\/press-releases\/ipsen-lanza-la-campana-espasticidad-la-secuela-que-nadie-espera-para-concienciar-a-la-poblacion-sobre-uno-de-los-sintomas-mas-frecuentes-tras-un-ictus\/#breadcrumb\",\"itemListElement\":[{\"@type\":\"ListItem\",\"position\":1,\"name\":\"Home\",\"item\":\"https:\/\/www.ipsen.com\/spain\/\"},{\"@type\":\"ListItem\",\"position\":2,\"name\":\"Ipsen lanza la campa\u00f1a \u2018Espasticidad: la secuela que nadie espera\u2019 para concienciar a la poblaci\u00f3n sobre uno de los s\u00edntomas m\u00e1s frecuentes tras un ictus\"}]},{\"@type\":\"WebSite\",\"@id\":\"https:\/\/www.ipsen.com\/spain\/#website\",\"url\":\"https:\/\/www.ipsen.com\/spain\/\",\"name\":\"Spain\",\"description\":\"\",\"publisher\":{\"@id\":\"https:\/\/www.ipsen.com\/spain\/#organization\"},\"potentialAction\":[{\"@type\":\"SearchAction\",\"target\":{\"@type\":\"EntryPoint\",\"urlTemplate\":\"https:\/\/www.ipsen.com\/spain\/?s={search_term_string}\"},\"query-input\":{\"@type\":\"PropertyValueSpecification\",\"valueRequired\":true,\"valueName\":\"search_term_string\"}}],\"inLanguage\":\"es-ES\"},{\"@type\":\"Organization\",\"@id\":\"https:\/\/www.ipsen.com\/spain\/#organization\",\"name\":\"Spain\",\"url\":\"https:\/\/www.ipsen.com\/spain\/\",\"logo\":{\"@type\":\"ImageObject\",\"inLanguage\":\"es-ES\",\"@id\":\"https:\/\/www.ipsen.com\/spain\/#\/schema\/logo\/image\/\",\"url\":\"https:\/\/www.ipsen.com\/spain\/wp-content\/uploads\/sites\/17\/2024\/06\/Logo-Ipsen-new.svg\",\"contentUrl\":\"https:\/\/www.ipsen.com\/spain\/wp-content\/uploads\/sites\/17\/2024\/06\/Logo-Ipsen-new.svg\",\"caption\":\"Spain\"},\"image\":{\"@id\":\"https:\/\/www.ipsen.com\/spain\/#\/schema\/logo\/image\/\"}}]}<\/script>\n<!-- \/ Yoast SEO plugin. -->","yoast_head_json":{"title":"Ipsen lanza la campa\u00f1a \u2018Espasticidad: la secuela que nadie espera\u2019 para concienciar a la poblaci\u00f3n sobre uno de los s\u00edntomas m\u00e1s frecuentes tras un ictus - Spain","robots":{"index":"index","follow":"follow","max-snippet":"max-snippet:-1","max-image-preview":"max-image-preview:large","max-video-preview":"max-video-preview:-1"},"canonical":"https:\/\/www.ipsen.com\/spain\/press-releases\/ipsen-lanza-la-campana-espasticidad-la-secuela-que-nadie-espera-para-concienciar-a-la-poblacion-sobre-uno-de-los-sintomas-mas-frecuentes-tras-un-ictus\/","og_locale":"es_ES","og_type":"article","og_title":"Ipsen lanza la campa\u00f1a \u2018Espasticidad: la secuela que nadie espera\u2019 para concienciar a la poblaci\u00f3n sobre uno de los s\u00edntomas m\u00e1s frecuentes tras un ictus - Spain","og_url":"https:\/\/www.ipsen.com\/spain\/press-releases\/ipsen-lanza-la-campana-espasticidad-la-secuela-que-nadie-espera-para-concienciar-a-la-poblacion-sobre-uno-de-los-sintomas-mas-frecuentes-tras-un-ictus\/","og_site_name":"Spain","article_modified_time":"2024-12-17T06:05:57+00:00","twitter_card":"summary_large_image","twitter_misc":{"Est. reading time":"6 minutes"},"schema":{"@context":"https:\/\/schema.org","@graph":[{"@type":"WebPage","@id":"https:\/\/www.ipsen.com\/spain\/press-releases\/ipsen-lanza-la-campana-espasticidad-la-secuela-que-nadie-espera-para-concienciar-a-la-poblacion-sobre-uno-de-los-sintomas-mas-frecuentes-tras-un-ictus\/","url":"https:\/\/www.ipsen.com\/spain\/press-releases\/ipsen-lanza-la-campana-espasticidad-la-secuela-que-nadie-espera-para-concienciar-a-la-poblacion-sobre-uno-de-los-sintomas-mas-frecuentes-tras-un-ictus\/","name":"Ipsen lanza la campa\u00f1a \u2018Espasticidad: la secuela que nadie espera\u2019 para concienciar a la poblaci\u00f3n sobre uno de los s\u00edntomas m\u00e1s frecuentes tras un ictus - Spain","isPartOf":{"@id":"https:\/\/www.ipsen.com\/spain\/#website"},"datePublished":"2022-10-27T10:06:11+00:00","dateModified":"2024-12-17T06:05:57+00:00","breadcrumb":{"@id":"https:\/\/www.ipsen.com\/spain\/press-releases\/ipsen-lanza-la-campana-espasticidad-la-secuela-que-nadie-espera-para-concienciar-a-la-poblacion-sobre-uno-de-los-sintomas-mas-frecuentes-tras-un-ictus\/#breadcrumb"},"inLanguage":"es-ES","potentialAction":[{"@type":"ReadAction","target":["https:\/\/www.ipsen.com\/spain\/press-releases\/ipsen-lanza-la-campana-espasticidad-la-secuela-que-nadie-espera-para-concienciar-a-la-poblacion-sobre-uno-de-los-sintomas-mas-frecuentes-tras-un-ictus\/"]}]},{"@type":"BreadcrumbList","@id":"https:\/\/www.ipsen.com\/spain\/press-releases\/ipsen-lanza-la-campana-espasticidad-la-secuela-que-nadie-espera-para-concienciar-a-la-poblacion-sobre-uno-de-los-sintomas-mas-frecuentes-tras-un-ictus\/#breadcrumb","itemListElement":[{"@type":"ListItem","position":1,"name":"Home","item":"https:\/\/www.ipsen.com\/spain\/"},{"@type":"ListItem","position":2,"name":"Ipsen lanza la campa\u00f1a \u2018Espasticidad: la secuela que nadie espera\u2019 para concienciar a la poblaci\u00f3n sobre uno de los s\u00edntomas m\u00e1s frecuentes tras un ictus"}]},{"@type":"WebSite","@id":"https:\/\/www.ipsen.com\/spain\/#website","url":"https:\/\/www.ipsen.com\/spain\/","name":"Spain","description":"","publisher":{"@id":"https:\/\/www.ipsen.com\/spain\/#organization"},"potentialAction":[{"@type":"SearchAction","target":{"@type":"EntryPoint","urlTemplate":"https:\/\/www.ipsen.com\/spain\/?s={search_term_string}"},"query-input":{"@type":"PropertyValueSpecification","valueRequired":true,"valueName":"search_term_string"}}],"inLanguage":"es-ES"},{"@type":"Organization","@id":"https:\/\/www.ipsen.com\/spain\/#organization","name":"Spain","url":"https:\/\/www.ipsen.com\/spain\/","logo":{"@type":"ImageObject","inLanguage":"es-ES","@id":"https:\/\/www.ipsen.com\/spain\/#\/schema\/logo\/image\/","url":"https:\/\/www.ipsen.com\/spain\/wp-content\/uploads\/sites\/17\/2024\/06\/Logo-Ipsen-new.svg","contentUrl":"https:\/\/www.ipsen.com\/spain\/wp-content\/uploads\/sites\/17\/2024\/06\/Logo-Ipsen-new.svg","caption":"Spain"},"image":{"@id":"https:\/\/www.ipsen.com\/spain\/#\/schema\/logo\/image\/"}}]}},"parsely":{"version":"1.1.0","canonical_url":"https:\/\/ipsen.com\/spain\/press-releases\/ipsen-lanza-la-campana-espasticidad-la-secuela-que-nadie-espera-para-concienciar-a-la-poblacion-sobre-uno-de-los-sintomas-mas-frecuentes-tras-un-ictus\/","smart_links":{"inbound":0,"outbound":0},"traffic_boost_suggestions_count":0,"meta":{"@context":"https:\/\/schema.org","@type":"NewsArticle","headline":"Ipsen lanza la campa\u00f1a \u2018Espasticidad: la secuela que nadie espera\u2019 para concienciar a la poblaci\u00f3n sobre uno de los s\u00edntomas m\u00e1s frecuentes tras un ictus","url":"http:\/\/www.ipsen.com\/spain\/press-releases\/ipsen-lanza-la-campana-espasticidad-la-secuela-que-nadie-espera-para-concienciar-a-la-poblacion-sobre-uno-de-los-sintomas-mas-frecuentes-tras-un-ictus\/","mainEntityOfPage":{"@type":"WebPage","@id":"http:\/\/www.ipsen.com\/spain\/press-releases\/ipsen-lanza-la-campana-espasticidad-la-secuela-que-nadie-espera-para-concienciar-a-la-poblacion-sobre-uno-de-los-sintomas-mas-frecuentes-tras-un-ictus\/"},"thumbnailUrl":"","image":{"@type":"ImageObject","url":""},"articleSection":"Notas de prensa","author":[{"@type":"Person","name":"heloisedetouchet"}],"creator":["heloisedetouchet"],"publisher":{"@type":"Organization","name":"Spain","logo":""},"keywords":[],"dateCreated":"2022-10-27T10:06:11Z","datePublished":"2022-10-27T10:06:11Z","dateModified":"2024-12-17T06:05:57Z"},"rendered":"<script type=\"application\/ld+json\" class=\"wp-parsely-metadata\">{\"@context\":\"https:\\\/\\\/schema.org\",\"@type\":\"NewsArticle\",\"headline\":\"Ipsen lanza la campa\\u00f1a \\u2018Espasticidad: la secuela que nadie espera\\u2019 para concienciar a la poblaci\\u00f3n sobre uno de los s\\u00edntomas m\\u00e1s frecuentes tras un ictus\",\"url\":\"http:\\\/\\\/www.ipsen.com\\\/spain\\\/press-releases\\\/ipsen-lanza-la-campana-espasticidad-la-secuela-que-nadie-espera-para-concienciar-a-la-poblacion-sobre-uno-de-los-sintomas-mas-frecuentes-tras-un-ictus\\\/\",\"mainEntityOfPage\":{\"@type\":\"WebPage\",\"@id\":\"http:\\\/\\\/www.ipsen.com\\\/spain\\\/press-releases\\\/ipsen-lanza-la-campana-espasticidad-la-secuela-que-nadie-espera-para-concienciar-a-la-poblacion-sobre-uno-de-los-sintomas-mas-frecuentes-tras-un-ictus\\\/\"},\"thumbnailUrl\":\"\",\"image\":{\"@type\":\"ImageObject\",\"url\":\"\"},\"articleSection\":\"Notas de prensa\",\"author\":[{\"@type\":\"Person\",\"name\":\"heloisedetouchet\"}],\"creator\":[\"heloisedetouchet\"],\"publisher\":{\"@type\":\"Organization\",\"name\":\"Spain\",\"logo\":\"\"},\"keywords\":[],\"dateCreated\":\"2022-10-27T10:06:11Z\",\"datePublished\":\"2022-10-27T10:06:11Z\",\"dateModified\":\"2024-12-17T06:05:57Z\"}<\/script>","tracker_url":"https:\/\/cdn.parsely.com\/keys\/ipsen.com\/p.js"},"jetpack_sharing_enabled":true,"_links":{"self":[{"href":"https:\/\/www.ipsen.com\/spain\/wp-json\/wp\/v2\/press_release\/1988","targetHints":{"allow":["GET"]}}],"collection":[{"href":"https:\/\/www.ipsen.com\/spain\/wp-json\/wp\/v2\/press_release"}],"about":[{"href":"https:\/\/www.ipsen.com\/spain\/wp-json\/wp\/v2\/types\/press_release"}],"author":[{"embeddable":true,"href":"https:\/\/www.ipsen.com\/spain\/wp-json\/wp\/v2\/users\/11"}],"version-history":[{"count":5,"href":"https:\/\/www.ipsen.com\/spain\/wp-json\/wp\/v2\/press_release\/1988\/revisions"}],"predecessor-version":[{"id":3078,"href":"https:\/\/www.ipsen.com\/spain\/wp-json\/wp\/v2\/press_release\/1988\/revisions\/3078"}],"wp:attachment":[{"href":"https:\/\/www.ipsen.com\/spain\/wp-json\/wp\/v2\/media?parent=1988"}],"wp:term":[{"taxonomy":"category","embeddable":true,"href":"https:\/\/www.ipsen.com\/spain\/wp-json\/wp\/v2\/categories?post=1988"},{"taxonomy":"post_tag","embeddable":true,"href":"https:\/\/www.ipsen.com\/spain\/wp-json\/wp\/v2\/tags?post=1988"}],"curies":[{"name":"wp","href":"https:\/\/api.w.org\/{rel}","templated":true}]}}