{"id":39436,"date":"2024-10-04T18:15:59","date_gmt":"2024-10-04T16:15:59","guid":{"rendered":"https:\/\/www.ipsen.com\/it\/?post_type=press_release&#038;p=39436"},"modified":"2024-10-07T10:33:07","modified_gmt":"2024-10-07T08:33:07","slug":"salute-donna-odv-e-ipsen-insieme-per-il-pink-october-il-camper-della-salute-arrivera-a-roma-a-laquila-e-a-reggio-calabria-per-la-prevenzione-del-tumore-al-seno","status":"publish","type":"press_release","link":"https:\/\/www.ipsen.com\/it\/press-releases\/salute-donna-odv-e-ipsen-insieme-per-il-pink-october-il-camper-della-salute-arrivera-a-roma-a-laquila-e-a-reggio-calabria-per-la-prevenzione-del-tumore-al-seno\/","title":{"rendered":"Salute Donna Odv e Ipsen insieme per il Pink October: il camper della salute arriver\u00e0 a Roma, a l\u2019Aquila e a Reggio Calabria per la prevenzione del tumore al seno"},"content":{"rendered":"\n<ul class=\"wp-block-list\">\n<li><strong>In Italia, il tumore al seno \u00e8 la neoplasia pi\u00f9 frequente tra le donne, con circa 55.900 nuove diagnosi annuali. La sopravvivenza a 5 anni \u00e8 molto elevata, pari all&#8217;88%, grazie ai progressi nei programmi di screening e nelle terapie<\/strong><\/li>\n<\/ul>\n\n\n\n<ul class=\"wp-block-list\">\n<li><strong>Il Camper della Salute, di Salute Donna grazie al contributo incondizionato di Ipsen, aggiunge tre nuove citt\u00e0 al suo programma e raggiunger\u00e0 quartieri periferici dove l\u2019accesso a iniziative di prevenzione pubbliche o private \u00e8 limitato<\/strong><\/li>\n<\/ul>\n\n\n\n<ul class=\"wp-block-list\">\n<li><strong>Nel 2023, il Camper della Salute ha effettuato 1.450 visite gratuite in tre regioni: Lombardia, Lazio e Sicilia<\/strong><br><\/li>\n<\/ul>\n\n\n\n<figure class=\"wp-block-image size-large\"><img loading=\"lazy\" decoding=\"async\" height=\"330\" width=\"1024\" src=\"https:\/\/www.ipsen.com\/it\/wp-content\/uploads\/sites\/9\/2024\/10\/PinkOctober-1024x330.png\" alt=\"\" class=\"wp-image-39438\" \/><\/figure>\n\n\n\n<p><strong>Milano, 7 ottobre 2024 \u2013<\/strong> In occasione del <strong>Pink October<\/strong>, il mese internazionale dedicato alla prevenzione del tumore al seno, <strong>Salute Donna Odv e<\/strong> <strong>Ipsen <\/strong>annunciano tre nuove tappe di \u201c<em>Ottobre in Salute<\/em>\u201d, l\u2019iniziativa itinerante volta a sensibilizzare le donne di ogni et\u00e0 sull&#8217;importanza della prevenzione e della diagnosi precoce.<\/p>\n\n\n\n<p><a>In Italia, il tumore al seno \u00e8 la neoplasia pi\u00f9 frequente tra le donne, con circa 55.900 nuove diagnosi annuali<\/a>. Nonostante questi numeri, <a>la sopravvivenza a 5 anni \u00e8 molto elevata, pari all&#8217;88%, grazie ai progressi nei programmi di screening e nelle terapie<\/a>.<br>Nel nostro Paese, 834.200 donne vivono dopo la diagnosi di tumore alla mammella. E, tra il 2007 e il 2019, sono state evitate 10.223 morti per questa neoplasia (-6%).<sup>1<\/sup><\/p>\n\n\n\n<p>Il Camper dedicato alla prevenzione di Salute Donna Odv accoglier\u00e0, anche quest\u2019anno, donne di qualsiasi et\u00e0 offrendo visite specialistiche gratuite, seguite da un consulto sullo stato di salute e su eventuali fattori di rischio, oltre che consigli utili a prevenire l\u2019insorgere di tumori al seno.<\/p>\n\n\n\n<p>Grazie alla collaborazione con Ipsen, si aggiungono &#8211; alle tappe gi\u00e0 in programma &#8211; tre nuove citt\u00e0:<\/p>\n\n\n\n<ul class=\"wp-block-list\">\n<li><strong>Reggio Calabria, <\/strong>Area Grecanica della provincia di Reggio Calabria, Comuni di Bova Marina e Bianco \u2013 con due tappe <strong>sabato<\/strong> <strong>12 ottobre e domenica 27 ottobre 2024 |<\/strong> dalle ore 9:00 alle ore 13:00<\/li>\n\n\n\n<li><strong>L\u2019Aquila, <\/strong>Villa Comunale di L&#8217; Aquila | <strong>sabato 19 ottobre 2024 | <\/strong>dalle ore 9:00 alle ore 13:00\n<ul class=\"wp-block-list\">\n<li><strong>Roma, <\/strong>Municipio Testaccio\/Zona Massemina | <strong>sabato 26 ottobre 2024<\/strong> | dalle ore 9:00 alle ore 14:00<\/li>\n<\/ul>\n<\/li>\n<\/ul>\n\n\n\n<p><strong>Anna Maria Mancuso<\/strong>, Presidente di Salute Donna Odv, ha sottolineato l\u2019importanza del progetto: <em>&#8220;Il tumore al seno rappresenta ancora una delle principali sfide per la salute delle donne. Grazie al supporto di Ipsen e alla nostra rete di specialisti, possiamo portare la prevenzione direttamente sul territorio, abbattendo barriere geografiche e informative. Nel 2023, nel mese di ottobre la nostra associazione grazie al Camper della Salute ha offerto oltre 1.450 visite gratuite in 3 regioni.&#8221;<\/em><\/p>\n\n\n\n<p>Nel corso delle giornate, medici specialisti e personale sanitario saranno a disposizione delle donne per eseguire <strong>screening<\/strong> <strong>gratuiti<\/strong>, offrire <strong>consulenze<\/strong> <strong>personalizzate<\/strong> e materiale informativo sulla prevenzione del tumore al seno. Lo screening mammografico, attualmente previsto dal nostro Sistema Sanitario Nazionale per le donne in una fascia di et\u00e0 over 50, rappresenta lo strumento di prevenzione secondaria pi\u00f9 efficace di cui si dispone.<\/p>\n\n\n\n<p>Negli ultimi decenni lo screening ha permesso infatti una diffusione delle diagnosi precoci e una conseguente diminuzione del tasso di mortalit\u00e0. L\u2019iniziativa del Camper della Salute vuole sensibilizzare i cittadini di tutte le fasce di et\u00e0 affinch\u00e9 la prevenzione del tumore al seno inizi a partire dai 20 anni con controlli eseguiti da uno specialista senologo.<\/p>\n\n\n\n<p>Per usufruire del controllo gratuito \u00e8 necessario prendere appuntamento chiamando i seguenti numeri:<\/p>\n\n\n\n<ul class=\"wp-block-list\">\n<li><strong>Reggio Calabria TEL. <\/strong><strong>3276844426<\/strong><\/li>\n\n\n\n<li><strong>L\u2019Aquila TEL. 3200641621<\/strong><\/li>\n\n\n\n<li><strong>Roma TEL. <\/strong><strong>3518670803<\/strong><\/li>\n<\/ul>\n\n\n\n<p><strong>Patrizia Olivari<\/strong>, Presidente e Amministratore Delegato di Ipsen Italia, ha dichiarato: <em>&#8220;Siamo orgogliosi di sostenere il Pink October con questa iniziativa di Salute Donna che unisce la missione della nostra azienda di migliorare la vita dei pazienti con l\u2019impegno concreto per la prevenzione.<\/em><br><em>I dati dimostrano che le diagnosi di tumore al seno arrivano in et\u00e0 sempre pi\u00f9 giovane ed \u00e8 dunque importante offrire degli strumenti gratuiti anche a delle fasce di popolazione pi\u00f9 ampie.\u201d<\/em><\/p>\n\n\n\n<p>Secondo l\u2019Osservatorio Nazionale Screening, in Italia gli screening mammografici coprono l&#8217;85,9% delle persone eleggibili, sebbene l&#8217;adesione effettiva sia ancora inferiore, con un 56,2% di partecipazione nazionale. Questo riflette una significativa disomogeneit\u00e0 tra Nord (64,7%) e Sud (41,3%).\u200b<sup>2<\/sup><\/p>\n\n\n\n<p>Il <strong>camper della salute<\/strong> rappresenta un punto di riferimento per tutte coloro che desiderano approfondire la conoscenza sul tumore al seno e sulle possibilit\u00e0 di prevenzione. L\u2019iniziativa si inserisce nel quadro delle attivit\u00e0 di <strong>Salute Donna ODV<\/strong> volte a promuovere la salute e il benessere della popolazione femminile.<\/p>\n\n\n\n<p><strong>Per ulteriori informazioni e dettagli sulle tappe del camper della salute, visita il sito web di Salute Donna Odv <\/strong><a href=\"https:\/\/www.salutedonnaonlus.it\/\"><strong>https:\/\/www.salutedonnaonlus.it\/<\/strong><\/a><strong><\/strong><\/p>\n\n\n\n<p><strong>Informazioni su Salute Donna<\/strong><\/p>\n\n\n\n<p>Salute Donna nasce nel 1995 per volont\u00e0 della sua fondatrice nonch\u00e9 ex-paziente Anna Maria Mancuso ed oggi pu\u00f2 contare sul lavoro di 300 volontari, distribuiti in 28 sedi nazionali e sulla competenza scientifica di oltre 50 medici.<\/p>\n\n\n\n<p><strong>Informazioni su Ipsen<\/strong><\/p>\n\n\n\n<p>Ipsen \u00e8 un\u2019azienda biofarmaceutica, focalizzata sullo sviluppo di soluzioni innovative in oncologia, malattie rare e neuroscienze. Con un fatturato di oltre 3 miliardi di euro nel 2023, Ipsen \u00e8 presente in circa 100 Paesi. Accanto alla strategia di innovazione esterna, la Ricerca e Sviluppo dell\u2019azienda \u00e8 basata sull\u2019utilizzo di piattaforme tecnologiche innovative differenziate presenti all\u2019interno dei maggiori centri biotecnologici e di life sciences: Paris-Saclay, Francia; Oxford, U.K.; Cambridge, U.S.; Shangai, Cina. Il Gruppo impiega circa 5.400 dipendenti a livello globale ed \u00e8 quotata in borsa a Parigi (Euronext: IPN) e negli Stati Uniti attraverso uno Sponsored Level I American Depositary Receipt program (ADR: IPSEY).<\/p>\n\n\n\n<p>Per ulteriori informazioni <a href=\"www.ipsen.com\">www.ipsen.com<\/a>.<\/p>\n\n\n\n<p><strong>Per ulteriori informazioni:<\/strong><\/p>\n\n\n\n<p><strong>Chiara LOPRIENO<\/strong> | +39 3488818732 | chiara.loprieno@ipsen.com&nbsp;&nbsp;&nbsp;&nbsp;&nbsp;&nbsp;&nbsp;&nbsp;&nbsp;<\/p>\n\n\n\n<p><strong>Maria Lucia BURRIESCI<\/strong> | +39 3351056045 | <a href=\"mailto:maria.lucia.burriesci@ipsen.com\">maria.lucia.burriesci@ipsen.com<\/a><\/p>\n\n\n\n<p><strong>Riferimenti bibliografici<\/strong><\/p>\n\n\n\n<p>1 I numeri del Cancro 2023 &#8211; <a href=\"https:\/\/www.aiom.it\/i-numeri-del-cancro-in-italia\/\">https:\/\/www.aiom.it\/i-numeri-del-cancro-in-italia\/<\/a><\/p>\n\n\n\n<p>2 <a href=\"\/Users\/mab30580\/AppData\/Local\/Microsoft\/Windows\/INetCache\/Content.Outlook\/GDCIHZFK\/Osservatorio%20Nazionale%20Screening\">Osservatorio Nazionale Screening<\/a> &#8211; <a href=\"https:\/\/www.osservatorionazionalescreening.it\/content\/i-numeri-del-cancro-le-statistiche-dell%E2%80%99ons\">https:\/\/www.osservatorionazionalescreening.it\/content\/i-numeri-del-cancro-le-statistiche-dell%E2%80%99ons<\/a><\/p>\n","protected":false},"excerpt":{"rendered":"","protected":false},"author":43,"template":"","categories":[56,58],"tags":[],"class_list":["post-39436","press_release","type-press_release","status-publish","has-post-thumbnail","hentry","category-comunicato-stampa","category-oncologia-2","entry"],"acf":[],"yoast_head":"<!-- This site is optimized with the Yoast SEO plugin v26.8 - https:\/\/yoast.com\/product\/yoast-seo-wordpress\/ -->\n<title>Salute Donna Odv e Ipsen insieme per il Pink October: il camper della salute arriver\u00e0 a Roma, a l\u2019Aquila e a Reggio Calabria per la prevenzione del tumore al seno - Italy<\/title>\n<meta name=\"description\" content=\"Salute Donna e Ipsen annunciano 3 nuove tappe al Camper della Salute l\u2019iniziativa volta a sensibilizzare le donne sulla prevenzione.\" \/>\n<meta name=\"robots\" content=\"index, follow, max-snippet:-1, max-image-preview:large, max-video-preview:-1\" \/>\n<link rel=\"canonical\" href=\"https:\/\/www.ipsen.com\/it\/press-releases\/salute-donna-odv-e-ipsen-insieme-per-il-pink-october-il-camper-della-salute-arrivera-a-roma-a-laquila-e-a-reggio-calabria-per-la-prevenzione-del-tumore-al-seno\/\" \/>\n<meta property=\"og:locale\" content=\"it_IT\" \/>\n<meta property=\"og:type\" content=\"article\" \/>\n<meta property=\"og:title\" content=\"Salute Donna Odv e Ipsen insieme per il Pink October: il camper della salute arriver\u00e0 a Roma, a l\u2019Aquila e a Reggio Calabria per la prevenzione del tumore al seno - Italy\" \/>\n<meta property=\"og:description\" content=\"Salute Donna e Ipsen annunciano 3 nuove tappe al Camper della Salute l\u2019iniziativa volta a sensibilizzare le donne sulla prevenzione.\" \/>\n<meta property=\"og:url\" content=\"https:\/\/www.ipsen.com\/it\/press-releases\/salute-donna-odv-e-ipsen-insieme-per-il-pink-october-il-camper-della-salute-arrivera-a-roma-a-laquila-e-a-reggio-calabria-per-la-prevenzione-del-tumore-al-seno\/\" \/>\n<meta property=\"og:site_name\" content=\"Italy\" \/>\n<meta property=\"article:modified_time\" content=\"2024-10-07T08:33:07+00:00\" \/>\n<meta property=\"og:image\" content=\"https:\/\/www.ipsen.com\/websites\/ipsen_com_v2\/wp-content\/uploads\/sites\/9\/2024\/02\/01034030\/IT-Press-Release.png\" \/>\n\t<meta property=\"og:image:width\" content=\"440\" \/>\n\t<meta property=\"og:image:height\" content=\"440\" \/>\n\t<meta property=\"og:image:type\" content=\"image\/png\" \/>\n<meta name=\"twitter:card\" content=\"summary_large_image\" \/>\n<meta name=\"twitter:label1\" content=\"Est. reading time\" \/>\n\t<meta name=\"twitter:data1\" content=\"5 minutes\" \/>\n<script type=\"application\/ld+json\" class=\"yoast-schema-graph\">{\"@context\":\"https:\/\/schema.org\",\"@graph\":[{\"@type\":\"WebPage\",\"@id\":\"https:\/\/www.ipsen.com\/it\/press-releases\/salute-donna-odv-e-ipsen-insieme-per-il-pink-october-il-camper-della-salute-arrivera-a-roma-a-laquila-e-a-reggio-calabria-per-la-prevenzione-del-tumore-al-seno\/\",\"url\":\"https:\/\/www.ipsen.com\/it\/press-releases\/salute-donna-odv-e-ipsen-insieme-per-il-pink-october-il-camper-della-salute-arrivera-a-roma-a-laquila-e-a-reggio-calabria-per-la-prevenzione-del-tumore-al-seno\/\",\"name\":\"Salute Donna Odv e Ipsen insieme per il Pink October: il camper della salute arriver\u00e0 a Roma, a l\u2019Aquila e a Reggio Calabria per la prevenzione del tumore al seno - Italy\",\"isPartOf\":{\"@id\":\"https:\/\/www.ipsen.com\/it\/#website\"},\"primaryImageOfPage\":{\"@id\":\"https:\/\/www.ipsen.com\/it\/press-releases\/salute-donna-odv-e-ipsen-insieme-per-il-pink-october-il-camper-della-salute-arrivera-a-roma-a-laquila-e-a-reggio-calabria-per-la-prevenzione-del-tumore-al-seno\/#primaryimage\"},\"image\":{\"@id\":\"https:\/\/www.ipsen.com\/it\/press-releases\/salute-donna-odv-e-ipsen-insieme-per-il-pink-october-il-camper-della-salute-arrivera-a-roma-a-laquila-e-a-reggio-calabria-per-la-prevenzione-del-tumore-al-seno\/#primaryimage\"},\"thumbnailUrl\":\"https:\/\/www.ipsen.com\/it\/wp-content\/uploads\/sites\/9\/2024\/02\/IT-Press-Release.png\",\"datePublished\":\"2024-10-04T16:15:59+00:00\",\"dateModified\":\"2024-10-07T08:33:07+00:00\",\"description\":\"Salute Donna e Ipsen annunciano 3 nuove tappe al Camper della Salute l\u2019iniziativa volta a sensibilizzare le donne sulla prevenzione.\",\"breadcrumb\":{\"@id\":\"https:\/\/www.ipsen.com\/it\/press-releases\/salute-donna-odv-e-ipsen-insieme-per-il-pink-october-il-camper-della-salute-arrivera-a-roma-a-laquila-e-a-reggio-calabria-per-la-prevenzione-del-tumore-al-seno\/#breadcrumb\"},\"inLanguage\":\"it-IT\",\"potentialAction\":[{\"@type\":\"ReadAction\",\"target\":[\"https:\/\/www.ipsen.com\/it\/press-releases\/salute-donna-odv-e-ipsen-insieme-per-il-pink-october-il-camper-della-salute-arrivera-a-roma-a-laquila-e-a-reggio-calabria-per-la-prevenzione-del-tumore-al-seno\/\"]}]},{\"@type\":\"ImageObject\",\"inLanguage\":\"it-IT\",\"@id\":\"https:\/\/www.ipsen.com\/it\/press-releases\/salute-donna-odv-e-ipsen-insieme-per-il-pink-october-il-camper-della-salute-arrivera-a-roma-a-laquila-e-a-reggio-calabria-per-la-prevenzione-del-tumore-al-seno\/#primaryimage\",\"url\":\"https:\/\/www.ipsen.com\/it\/wp-content\/uploads\/sites\/9\/2024\/02\/IT-Press-Release.png\",\"contentUrl\":\"https:\/\/www.ipsen.com\/it\/wp-content\/uploads\/sites\/9\/2024\/02\/IT-Press-Release.png\",\"width\":440,\"height\":440},{\"@type\":\"BreadcrumbList\",\"@id\":\"https:\/\/www.ipsen.com\/it\/press-releases\/salute-donna-odv-e-ipsen-insieme-per-il-pink-october-il-camper-della-salute-arrivera-a-roma-a-laquila-e-a-reggio-calabria-per-la-prevenzione-del-tumore-al-seno\/#breadcrumb\",\"itemListElement\":[{\"@type\":\"ListItem\",\"position\":1,\"name\":\"Home\",\"item\":\"https:\/\/www.ipsen.com\/it\/\"},{\"@type\":\"ListItem\",\"position\":2,\"name\":\"Salute Donna Odv e Ipsen insieme per il Pink October: il camper della salute arriver\u00e0 a Roma, a l\u2019Aquila e a Reggio Calabria per la prevenzione del tumore al seno\"}]},{\"@type\":\"WebSite\",\"@id\":\"https:\/\/www.ipsen.com\/it\/#website\",\"url\":\"https:\/\/www.ipsen.com\/it\/\",\"name\":\"Italy\",\"description\":\"\",\"publisher\":{\"@id\":\"https:\/\/www.ipsen.com\/it\/#organization\"},\"potentialAction\":[{\"@type\":\"SearchAction\",\"target\":{\"@type\":\"EntryPoint\",\"urlTemplate\":\"https:\/\/www.ipsen.com\/it\/?s={search_term_string}\"},\"query-input\":{\"@type\":\"PropertyValueSpecification\",\"valueRequired\":true,\"valueName\":\"search_term_string\"}}],\"inLanguage\":\"it-IT\"},{\"@type\":\"Organization\",\"@id\":\"https:\/\/www.ipsen.com\/it\/#organization\",\"name\":\"Italy\",\"url\":\"https:\/\/www.ipsen.com\/it\/\",\"logo\":{\"@type\":\"ImageObject\",\"inLanguage\":\"it-IT\",\"@id\":\"https:\/\/www.ipsen.com\/it\/#\/schema\/logo\/image\/\",\"url\":\"https:\/\/www.ipsen.com\/it\/wp-content\/uploads\/sites\/9\/2023\/12\/Logo-Ipsen.svg\",\"contentUrl\":\"https:\/\/www.ipsen.com\/it\/wp-content\/uploads\/sites\/9\/2023\/12\/Logo-Ipsen.svg\",\"caption\":\"Italy\"},\"image\":{\"@id\":\"https:\/\/www.ipsen.com\/it\/#\/schema\/logo\/image\/\"}}]}<\/script>\n<!-- \/ Yoast SEO plugin. -->","yoast_head_json":{"title":"Salute Donna Odv e Ipsen insieme per il Pink October: il camper della salute arriver\u00e0 a Roma, a l\u2019Aquila e a Reggio Calabria per la prevenzione del tumore al seno - Italy","description":"Salute Donna e Ipsen annunciano 3 nuove tappe al Camper della Salute l\u2019iniziativa volta a sensibilizzare le donne sulla prevenzione.","robots":{"index":"index","follow":"follow","max-snippet":"max-snippet:-1","max-image-preview":"max-image-preview:large","max-video-preview":"max-video-preview:-1"},"canonical":"https:\/\/www.ipsen.com\/it\/press-releases\/salute-donna-odv-e-ipsen-insieme-per-il-pink-october-il-camper-della-salute-arrivera-a-roma-a-laquila-e-a-reggio-calabria-per-la-prevenzione-del-tumore-al-seno\/","og_locale":"it_IT","og_type":"article","og_title":"Salute Donna Odv e Ipsen insieme per il Pink October: il camper della salute arriver\u00e0 a Roma, a l\u2019Aquila e a Reggio Calabria per la prevenzione del tumore al seno - Italy","og_description":"Salute Donna e Ipsen annunciano 3 nuove tappe al Camper della Salute l\u2019iniziativa volta a sensibilizzare le donne sulla prevenzione.","og_url":"https:\/\/www.ipsen.com\/it\/press-releases\/salute-donna-odv-e-ipsen-insieme-per-il-pink-october-il-camper-della-salute-arrivera-a-roma-a-laquila-e-a-reggio-calabria-per-la-prevenzione-del-tumore-al-seno\/","og_site_name":"Italy","article_modified_time":"2024-10-07T08:33:07+00:00","og_image":[{"width":440,"height":440,"url":"https:\/\/www.ipsen.com\/websites\/ipsen_com_v2\/wp-content\/uploads\/sites\/9\/2024\/02\/01034030\/IT-Press-Release.png","type":"image\/png"}],"twitter_card":"summary_large_image","twitter_misc":{"Est. reading time":"5 minutes"},"schema":{"@context":"https:\/\/schema.org","@graph":[{"@type":"WebPage","@id":"https:\/\/www.ipsen.com\/it\/press-releases\/salute-donna-odv-e-ipsen-insieme-per-il-pink-october-il-camper-della-salute-arrivera-a-roma-a-laquila-e-a-reggio-calabria-per-la-prevenzione-del-tumore-al-seno\/","url":"https:\/\/www.ipsen.com\/it\/press-releases\/salute-donna-odv-e-ipsen-insieme-per-il-pink-october-il-camper-della-salute-arrivera-a-roma-a-laquila-e-a-reggio-calabria-per-la-prevenzione-del-tumore-al-seno\/","name":"Salute Donna Odv e Ipsen insieme per il Pink October: il camper della salute arriver\u00e0 a Roma, a l\u2019Aquila e a Reggio Calabria per la prevenzione del tumore al seno - Italy","isPartOf":{"@id":"https:\/\/www.ipsen.com\/it\/#website"},"primaryImageOfPage":{"@id":"https:\/\/www.ipsen.com\/it\/press-releases\/salute-donna-odv-e-ipsen-insieme-per-il-pink-october-il-camper-della-salute-arrivera-a-roma-a-laquila-e-a-reggio-calabria-per-la-prevenzione-del-tumore-al-seno\/#primaryimage"},"image":{"@id":"https:\/\/www.ipsen.com\/it\/press-releases\/salute-donna-odv-e-ipsen-insieme-per-il-pink-october-il-camper-della-salute-arrivera-a-roma-a-laquila-e-a-reggio-calabria-per-la-prevenzione-del-tumore-al-seno\/#primaryimage"},"thumbnailUrl":"https:\/\/www.ipsen.com\/it\/wp-content\/uploads\/sites\/9\/2024\/02\/IT-Press-Release.png","datePublished":"2024-10-04T16:15:59+00:00","dateModified":"2024-10-07T08:33:07+00:00","description":"Salute Donna e Ipsen annunciano 3 nuove tappe al Camper della Salute l\u2019iniziativa volta a sensibilizzare le donne sulla prevenzione.","breadcrumb":{"@id":"https:\/\/www.ipsen.com\/it\/press-releases\/salute-donna-odv-e-ipsen-insieme-per-il-pink-october-il-camper-della-salute-arrivera-a-roma-a-laquila-e-a-reggio-calabria-per-la-prevenzione-del-tumore-al-seno\/#breadcrumb"},"inLanguage":"it-IT","potentialAction":[{"@type":"ReadAction","target":["https:\/\/www.ipsen.com\/it\/press-releases\/salute-donna-odv-e-ipsen-insieme-per-il-pink-october-il-camper-della-salute-arrivera-a-roma-a-laquila-e-a-reggio-calabria-per-la-prevenzione-del-tumore-al-seno\/"]}]},{"@type":"ImageObject","inLanguage":"it-IT","@id":"https:\/\/www.ipsen.com\/it\/press-releases\/salute-donna-odv-e-ipsen-insieme-per-il-pink-october-il-camper-della-salute-arrivera-a-roma-a-laquila-e-a-reggio-calabria-per-la-prevenzione-del-tumore-al-seno\/#primaryimage","url":"https:\/\/www.ipsen.com\/it\/wp-content\/uploads\/sites\/9\/2024\/02\/IT-Press-Release.png","contentUrl":"https:\/\/www.ipsen.com\/it\/wp-content\/uploads\/sites\/9\/2024\/02\/IT-Press-Release.png","width":440,"height":440},{"@type":"BreadcrumbList","@id":"https:\/\/www.ipsen.com\/it\/press-releases\/salute-donna-odv-e-ipsen-insieme-per-il-pink-october-il-camper-della-salute-arrivera-a-roma-a-laquila-e-a-reggio-calabria-per-la-prevenzione-del-tumore-al-seno\/#breadcrumb","itemListElement":[{"@type":"ListItem","position":1,"name":"Home","item":"https:\/\/www.ipsen.com\/it\/"},{"@type":"ListItem","position":2,"name":"Salute Donna Odv e Ipsen insieme per il Pink October: il camper della salute arriver\u00e0 a Roma, a l\u2019Aquila e a Reggio Calabria per la prevenzione del tumore al seno"}]},{"@type":"WebSite","@id":"https:\/\/www.ipsen.com\/it\/#website","url":"https:\/\/www.ipsen.com\/it\/","name":"Italy","description":"","publisher":{"@id":"https:\/\/www.ipsen.com\/it\/#organization"},"potentialAction":[{"@type":"SearchAction","target":{"@type":"EntryPoint","urlTemplate":"https:\/\/www.ipsen.com\/it\/?s={search_term_string}"},"query-input":{"@type":"PropertyValueSpecification","valueRequired":true,"valueName":"search_term_string"}}],"inLanguage":"it-IT"},{"@type":"Organization","@id":"https:\/\/www.ipsen.com\/it\/#organization","name":"Italy","url":"https:\/\/www.ipsen.com\/it\/","logo":{"@type":"ImageObject","inLanguage":"it-IT","@id":"https:\/\/www.ipsen.com\/it\/#\/schema\/logo\/image\/","url":"https:\/\/www.ipsen.com\/it\/wp-content\/uploads\/sites\/9\/2023\/12\/Logo-Ipsen.svg","contentUrl":"https:\/\/www.ipsen.com\/it\/wp-content\/uploads\/sites\/9\/2023\/12\/Logo-Ipsen.svg","caption":"Italy"},"image":{"@id":"https:\/\/www.ipsen.com\/it\/#\/schema\/logo\/image\/"}}]}},"parsely":{"version":"1.1.0","canonical_url":"https:\/\/ipsen.com\/it\/press-releases\/salute-donna-odv-e-ipsen-insieme-per-il-pink-october-il-camper-della-salute-arrivera-a-roma-a-laquila-e-a-reggio-calabria-per-la-prevenzione-del-tumore-al-seno\/","smart_links":{"inbound":0,"outbound":0},"traffic_boost_suggestions_count":0,"meta":{"@context":"https:\/\/schema.org","@type":"NewsArticle","headline":"Salute Donna Odv e Ipsen insieme per il Pink October: il camper della salute arriver\u00e0 a Roma, a l\u2019Aquila e a Reggio Calabria per la prevenzione del tumore al seno","url":"http:\/\/www.ipsen.com\/it\/press-releases\/salute-donna-odv-e-ipsen-insieme-per-il-pink-october-il-camper-della-salute-arrivera-a-roma-a-laquila-e-a-reggio-calabria-per-la-prevenzione-del-tumore-al-seno\/","mainEntityOfPage":{"@type":"WebPage","@id":"http:\/\/www.ipsen.com\/it\/press-releases\/salute-donna-odv-e-ipsen-insieme-per-il-pink-october-il-camper-della-salute-arrivera-a-roma-a-laquila-e-a-reggio-calabria-per-la-prevenzione-del-tumore-al-seno\/"},"thumbnailUrl":"https:\/\/www.ipsen.com\/it\/wp-content\/uploads\/sites\/9\/2024\/02\/IT-Press-Release.png?w=150&h=150&crop=1","image":{"@type":"ImageObject","url":"https:\/\/www.ipsen.com\/it\/wp-content\/uploads\/sites\/9\/2024\/02\/IT-Press-Release.png"},"articleSection":"Comunicato Stampa","author":[{"@type":"Person","name":"maria"}],"creator":["maria"],"publisher":{"@type":"Organization","name":"Italy","logo":""},"keywords":[],"dateCreated":"2024-10-04T16:15:59Z","datePublished":"2024-10-04T16:15:59Z","dateModified":"2024-10-07T08:33:07Z"},"rendered":"<script type=\"application\/ld+json\" class=\"wp-parsely-metadata\">{\"@context\":\"https:\\\/\\\/schema.org\",\"@type\":\"NewsArticle\",\"headline\":\"Salute Donna Odv e Ipsen insieme per il Pink October: il camper della salute arriver\\u00e0 a Roma, a l\\u2019Aquila e a Reggio Calabria per la prevenzione del tumore al seno\",\"url\":\"http:\\\/\\\/www.ipsen.com\\\/it\\\/press-releases\\\/salute-donna-odv-e-ipsen-insieme-per-il-pink-october-il-camper-della-salute-arrivera-a-roma-a-laquila-e-a-reggio-calabria-per-la-prevenzione-del-tumore-al-seno\\\/\",\"mainEntityOfPage\":{\"@type\":\"WebPage\",\"@id\":\"http:\\\/\\\/www.ipsen.com\\\/it\\\/press-releases\\\/salute-donna-odv-e-ipsen-insieme-per-il-pink-october-il-camper-della-salute-arrivera-a-roma-a-laquila-e-a-reggio-calabria-per-la-prevenzione-del-tumore-al-seno\\\/\"},\"thumbnailUrl\":\"https:\\\/\\\/www.ipsen.com\\\/it\\\/wp-content\\\/uploads\\\/sites\\\/9\\\/2024\\\/02\\\/IT-Press-Release.png?w=150&h=150&crop=1\",\"image\":{\"@type\":\"ImageObject\",\"url\":\"https:\\\/\\\/www.ipsen.com\\\/it\\\/wp-content\\\/uploads\\\/sites\\\/9\\\/2024\\\/02\\\/IT-Press-Release.png\"},\"articleSection\":\"Comunicato Stampa\",\"author\":[{\"@type\":\"Person\",\"name\":\"maria\"}],\"creator\":[\"maria\"],\"publisher\":{\"@type\":\"Organization\",\"name\":\"Italy\",\"logo\":\"\"},\"keywords\":[],\"dateCreated\":\"2024-10-04T16:15:59Z\",\"datePublished\":\"2024-10-04T16:15:59Z\",\"dateModified\":\"2024-10-07T08:33:07Z\"}<\/script>","tracker_url":"https:\/\/cdn.parsely.com\/keys\/ipsen.com\/p.js"},"jetpack_sharing_enabled":true,"_links":{"self":[{"href":"https:\/\/www.ipsen.com\/it\/wp-json\/wp\/v2\/press_release\/39436","targetHints":{"allow":["GET"]}}],"collection":[{"href":"https:\/\/www.ipsen.com\/it\/wp-json\/wp\/v2\/press_release"}],"about":[{"href":"https:\/\/www.ipsen.com\/it\/wp-json\/wp\/v2\/types\/press_release"}],"author":[{"embeddable":true,"href":"https:\/\/www.ipsen.com\/it\/wp-json\/wp\/v2\/users\/43"}],"version-history":[{"count":4,"href":"https:\/\/www.ipsen.com\/it\/wp-json\/wp\/v2\/press_release\/39436\/revisions"}],"predecessor-version":[{"id":39444,"href":"https:\/\/www.ipsen.com\/it\/wp-json\/wp\/v2\/press_release\/39436\/revisions\/39444"}],"wp:featuredmedia":[{"embeddable":true,"href":"https:\/\/www.ipsen.com\/it\/wp-json\/wp\/v2\/media\/39230"}],"wp:attachment":[{"href":"https:\/\/www.ipsen.com\/it\/wp-json\/wp\/v2\/media?parent=39436"}],"wp:term":[{"taxonomy":"category","embeddable":true,"href":"https:\/\/www.ipsen.com\/it\/wp-json\/wp\/v2\/categories?post=39436"},{"taxonomy":"post_tag","embeddable":true,"href":"https:\/\/www.ipsen.com\/it\/wp-json\/wp\/v2\/tags?post=39436"}],"curies":[{"name":"wp","href":"https:\/\/api.w.org\/{rel}","templated":true}]}}