{"id":39329,"date":"2024-06-20T08:10:23","date_gmt":"2024-06-20T06:10:23","guid":{"rendered":"https:\/\/www.ipsen.com\/it\/?post_type=press_release&#038;p=39329"},"modified":"2025-06-18T10:22:51","modified_gmt":"2025-06-18T08:22:51","slug":"world-kidney-cancer-day-oggi-si-celebra-la-giornata-mondiale-di-sensibilizzazione-sul-tumore-del-rene-ideata-dalla-rete-internazionale-di-associazioni-pazienti-ikcc-per-sensibilizzare-la-popolazio","status":"publish","type":"press_release","link":"https:\/\/www.ipsen.com\/it\/press-releases\/world-kidney-cancer-day-oggi-si-celebra-la-giornata-mondiale-di-sensibilizzazione-sul-tumore-del-rene-ideata-dalla-rete-internazionale-di-associazioni-pazienti-ikcc-per-sensibilizzare-la-popolazio\/","title":{"rendered":"World Kidney Cancer Day: oggi si celebra la Giornata Mondiale di sensibilizzazione sul tumore del rene, ideata dalla rete internazionale di associazioni pazienti (IKCC) per sensibilizzare la popolazione"},"content":{"rendered":"\n<ul class=\"wp-block-list\">\n<li>Nel 2022, sono stati circa 435mila i nuovi casi di tumore del rene nel mondo<\/li>\n\n\n\n<li>In Italia, si stimano 12.700 casi annui con una tendenza alla diminuzione delle diagnosi negli uomini negli ultimi 3 anni (-1.100 casi)&nbsp;<\/li>\n\n\n\n<li>Oltre il 50% delle persone neodiagnosticate in fase precoce guarisce e, nella malattia avanzata, la met\u00e0 sopravvive a 5 anni<\/li>\n<\/ul>\n\n\n\n<p><strong>Milano, 20 giugno 2024<\/strong> &#8211; Secondo l\u2019ultima pubblicazione de \u201cI numeri del cancro in Italia 2023\u201d, si registra una tendenza alla diminuzione dei nuovi casi di tumore del rene in Italia, ma la notizia riguarda solo gli uomini. Nella popolazione maschile, nel 2023, sono state stimate 7.900 diagnosi, 1.100 in meno rispetto alle 9.000 nel 2020. Nelle donne, invece, si registra una tendenza opposta, con un incremento di 300 casi in 3 anni (da 4.500 nel 2020 a 4.800 nel 2023).<\/p>\n\n\n\n<p>\u201c<em>I sintomi pi\u00f9 comuni del tumore del rene sono sangue nelle urine, dolore al fianco, presenza di una massa palpabile a livello addominale e calo ponderale, spesso presenti solo in fase metastatica. Conoscerli pu\u00f2 aiutarci ad ascoltare meglio il nostro corpo \u2013 <\/em>spiega il <strong>dott. Giuseppe Fornarini, Coordinatore DMT Neoplasie \u2013 Urologica Presso l\u2019Ospedale Policlinico San Martino di Genova<\/strong><em> -. Oggi, in Italia, 144.400 persone vivono dopo la scoperta della malattia. Pi\u00f9 di sette pazienti su dieci sono vivi a 5 anni dalla diagnosi. Questi risultati sono possibili grazie a un\u2019integrazione di cure farmacologiche, sistemiche o loco regionali. Per anni abbiamo sofferto dell\u2019assenza di trattamenti, ma oggi lo scenario \u00e8 cambiato e si aprono importanti prospettive. Anche per le persone con la malattia in fase avanzata sono sempre pi\u00f9 concrete le possibilit\u00e0 di sopravvivenza a lungo termine, grazie a terapie innovative. I pazienti con diagnosi di malattia in stadio avanzato possono vivere a lungo anche grazie alla disponibilit\u00e0 di trattamenti in combinazione e la parola \u2018cronicizzazione\u2019 \u00e8 diventata una realt\u00e0 consolidata, infatti quasi il 50% di essi oggi sopravvive a 5 anni\u201d.<\/em><\/p>\n\n\n\n<p>Per sensibilizzare la popolazione su questa neoplasia &#8211; che solo nel 2022 ha colpito 435mila persone nel mondo &#8211; si celebra, ogni anno, il <strong>World Kidney Cancer Day, la giornata internazionale di informazione sul tumore del rene<\/strong>, ideata <strong>dall\u2019International Kidney Cancer Coalition (IKCC)<\/strong>, la rete internazionale indipendente di associazioni pazienti provenienti da 45 Paesi diversi.<\/p>\n\n\n\n<p>\u201c<em>Questa giornata \u00e8 un\u2019ulteriore occasione per ridurre i confini e migliorare la collaborazione tra associazioni dei pazienti, societ\u00e0 scientifiche e Istituzioni a livello globale <\/em>&#8211; afferma <strong>Tonia Cinquegrana, Presidente di ANTURE<\/strong> \u2013. <em>\u00c8 importante utilizzare tutti gli strumenti per far conoscere questa patologia e colmare gli attuali gap che incontrano coloro che ci convivono giorno per giorno. Il video rientra proprio nella prospettiva di allargare i confini dell\u2019ascolto. Sono ancora numerose le sfide da affrontare, a cominciare dalla qualit\u00e0 di vita, durante e dopo le cure, che deve essere sempre garantita. Diversi studi hanno dimostrato che i risultati migliori si ottengono quando i pazienti e i medici condividono le decisioni terapeutiche\u201d.<\/em><\/p>\n\n\n\n<p>Il <em>claim<\/em> della giornata di quest\u2019anno \u00e8 \u201c<em>We need to listen<\/em>\u201d, ovvero \u201c<em>Abbiamo bisogno di ascoltare<\/em>\u201d, un tema declinato in diverse forme: condivisione delle decisioni terapeutiche, necessit\u00e0 di una seconda opinione, corretta informazione e ricerca di fonti attendibili e verificate.<\/p>\n\n\n\n<p>All\u2019ascolto del proprio corpo \u00e8 dedicato il video realizzato da Ipsen, promosso con ANTURE, l\u2019associazione nazionale di pazienti con tumore del rene, per far luce sull\u2019importanza della conoscenza del proprio corpo come primo grande passo per prendersi cura di s\u00e9 stessi.<\/p>\n\n\n\n<p><em>\u201cDa oltre 30 anni, Ipsen \u00e8 impegnata in oncologia non solo con terapie efficaci e sicure, ma anche promuovendo e supportando iniziative di sensibilizzazione, come il World Kidney Cancer Day &#8211; <\/em><strong>ha affermato Patrizia Olivari, Presidente e Amministratore Delegato di Ipsen S.p.A<\/strong><em> -. Da sempre, lo facciamo partendo dall\u2019ascolto dei rappresentanti dei pazienti e della comunit\u00e0 scientifica con cui collaboriamo costantemente. Crediamo, infatti, fermamente nel valore di un impegno comune per portare messaggi importanti perch\u00e9 &#8211; come dice anche il tema scelto dall\u2019IKCC quest\u2019anno \u2013 \u2018c\u2019\u00e8 bisogno di ascoltare\u2019, dunque di scambio e confronto con coloro che ogni giorno affrontano sfide importanti per portare un reale beneficio alla comunit\u00e0. Questi momenti, infatti, devono essere un\u2019ulteriore occasione per raggiungere tutta la popolazione, ed \u00e8 per questo motivo che abbiamo realizzato un video che utilizza diverse forme di linguaggio e che ha uno stile comunicativo semplice. E\u2019 importante che tutti sappiano ascoltare il proprio corpo e sappiano riconoscere i segnali che ci manda: la conoscenza \u00e8 il primo grande passo per prendersi cura di s\u00e9 stessi.\u201d<\/em><\/p>\n\n\n\n<p><\/p>\n\n\n    <section class=\"video-card \">\n        <div class=\"container\">\n            <!-- Block Details -->\n            <div class=\"video-card-header\">\n                <h3 class=\"video-card-block-title hidden heading-three\">\n                                    <\/h3>\n                <p class=\"charcoal-grey video-card-block-summary hidden\"> \n                                    <\/p>\n            <\/div>\n\n            <!-- Video Iframe embed -->\n                            <div class=\"video-embed\"> \n                <iframe loading=\"lazy\" title=\"World Kidney Cancer Day 2024: Many languages, for one message, &quot;We need to listen&quot;\" src=\"https:\/\/player.vimeo.com\/video\/962283701?app_id=122963&#038;autoplay=1&#038;muted=1&#038;controls=1&#038;loop=1&#038;autopause=1&#038;background=0\" width=\"640\" height=\"360\" frameborder=\"0\" allow=\"autoplay; fullscreen; picture-in-picture; clipboard-write; encrypted-media; web-share\" referrerpolicy=\"strict-origin-when-cross-origin\" frameborder=\"0\" allow=\"autoplay; fullscreen; picture-in-picture\" data-ot-ignore><\/iframe>                <\/div>\n            \n            <!-- Block CTA -->\n            <div class=\"cta-block hidden\">\n                            <\/div>\n\n        <\/div>\n    <\/section>\n\n\n\n<p><strong>Informazioni su Ipsen<\/strong><br>Ipsen \u00e8 un\u2019azienda biofarmaceutica, focalizzata sullo sviluppo di soluzioni innovative in oncologia, malattie rare e neuroscienze. Con un fatturato di oltre 3 miliardi di euro nel 2023, Ipsen \u00e8 presente in oltre 100 Paesi. Accanto alla strategia di innovazione esterna, la Ricerca e Sviluppo dell\u2019azienda \u00e8 basata sull\u2019utilizzo di piattaforme tecnologiche innovative differenziate presenti all\u2019interno dei maggiori centri biotecnologici e di life sciences: Paris-Saclay, Francia; Oxford, U.K.; Cambridge, U.S.; Shangai, Cina. Il Gruppo impiega circa 5.400 dipendenti a livello globale ed \u00e8 quotata in borsa a Parigi (Euronext: IPN) e negli Stati Uniti attraverso uno Sponsored Level I American Depositary Receipt program (ADR: IPSEY).<\/p>\n\n\n\n<p>Per ulteriori informazioni, <a href=\"http:\/\/www.ipsen.com\">www.ipsen.com<\/a><\/p>\n\n\n\n<p><\/p>\n\n\n\n<p><strong>Informazioni su ANTURE<\/strong><br>L\u2019 Associazione Nazionale Tumore del Rene, denominata ANTURE, \u00e8 un&#8217;organizzazione non lucrativa di attivit\u00e0 sociale (ONLUS) nata nel 2020 dall\u2019unione di pazienti affetti da questa patologia. L&#8217;obiettivo principale di ANTURE \u00e8 la tutela della qualit\u00e0 della vita del paziente e della sua famiglia, attraverso l&#8217;attuazione di attivit\u00e0 di advocacy, il sostegno alla ricerca, la divulgazione, la sensibilizzazione e lo sviluppo di servizi di assistenza sociale, psicologica, sanitaria ed economica.<\/p>\n\n\n\n<p>Per maggiori informazioni <a href=\"https:\/\/ipsengroup-my.sharepoint.com\/personal\/mab30580_ipsen_com\/Documents\/Desktop\/www.anture.it\">www.anture.it<\/a><\/p>\n\n\n\n<p><\/p>\n\n\n\n<p><strong>Riferimenti bibliografici<\/strong><\/p>\n\n\n\n<ol class=\"wp-block-list\">\n<li>International agency for research on Cancer (WHO) <a href=\"https:\/\/gco.iarc.fr\/tomorrow\/en\/dataviz\/isotype?cancers=29&amp;single_unit=50000\">https:\/\/gco.iarc.fr\/tomorrow\/en\/dataviz\/isotype?cancers=29&amp;single_unit=50000<\/a> &#8211; ultimo accesso 04.06.2024<\/li>\n\n\n\n<li><a href=\"https:\/\/eur01.safelinks.protection.outlook.com\/?url=https%3A%2F%2Furoweb.org%2Fguidelines%2Frenal-cell-carcinoma%2Fchapter%2Fepidemiology-aetiology-and-pathology&amp;data=05%7C02%7Cmaria.lucia.burriesci%40ipsen.com%7C0e2abea8ae154b12a23608dc8599e2d1%7C9e776b6aa6cc4fafa054a502153beb01%7C0%7C0%7C638532146573219532%7CUnknown%7CTWFpbGZsb3d8eyJWIjoiMC4wLjAwMDAiLCJQIjoiV2luMzIiLCJBTiI6Ik1haWwiLCJXVCI6Mn0%3D%7C0%7C%7C%7C&amp;sdata=Mh6M%2BtcEJ%2B4xt2yt%2FXxERDkIrsioC7QQWF88rBjDfBQ%3D&amp;reserved=0\">Renal Cell Carcinoma &#8211; EPIDEMIOLOGY AETIOLOGY AND PATHOLOGY &#8211; Uroweb<\/a> <a href=\"https:\/\/eur01.safelinks.protection.outlook.com\/?url=https%3A%2F%2Fikcc.org%2F&amp;data=05%7C02%7Cmaria.lucia.burriesci%40ipsen.com%7C0e2abea8ae154b12a23608dc8599e2d1%7C9e776b6aa6cc4fafa054a502153beb01%7C0%7C0%7C638532146573225484%7CUnknown%7CTWFpbGZsb3d8eyJWIjoiMC4wLjAwMDAiLCJQIjoiV2luMzIiLCJBTiI6Ik1haWwiLCJXVCI6Mn0%3D%7C0%7C%7C%7C&amp;sdata=yww%2FjxrkK5H0Iw9t2ZxNpuagV55s2EjlVETALId1Dhw%3D&amp;reserved=0\">\u2013<\/a> ultimo accesso 04.06.2024<\/li>\n\n\n\n<li>\u201cI numeri del cancro 2023\u201d <a href=\"https:\/\/eur01.safelinks.protection.outlook.com\/?url=https%3A%2F%2Fwww.aiom.it%2Fwpcontent%2Fuploads%2F2023%2F12%2F2023_AIOM_NDC-web.pdf%2520-%2520%2520&amp;data=05%7C02%7Cmaria.lucia.burriesci%40ipsen.com%7C0e2abea8ae154b12a23608dc8599e2d1%7C9e776b6aa6cc4fafa054a502153beb01%7C0%7C0%7C638532146573230833%7CUnknown%7CTWFpbGZsb3d8eyJWIjoiMC4wLjAwMDAiLCJQIjoiV2luMzIiLCJBTiI6Ik1haWwiLCJXVCI6Mn0%3D%7C0%7C%7C%7C&amp;sdata=rGPpzF2PdFlBK4v%2FNB5tI%2FD2jzlKFaYTth%2F0C0xLsHM%3D&amp;reserved=0\">https:\/\/www.aiom.it\/wpcontent\/uploads\/2023\/12\/2023_AIOM_NDC-web.pdf &#8211; &nbsp;<\/a>&nbsp;&nbsp;ultimo accesso 04.06.2024<\/li>\n\n\n\n<li>ANTURE \u2013 <a href=\"https:\/\/eur01.safelinks.protection.outlook.com\/?url=http%3A%2F%2Fwww.anture.org%2F&amp;data=05%7C02%7Cmaria.lucia.burriesci%40ipsen.com%7C0e2abea8ae154b12a23608dc8599e2d1%7C9e776b6aa6cc4fafa054a502153beb01%7C0%7C0%7C638532146573236228%7CUnknown%7CTWFpbGZsb3d8eyJWIjoiMC4wLjAwMDAiLCJQIjoiV2luMzIiLCJBTiI6Ik1haWwiLCJXVCI6Mn0%3D%7C0%7C%7C%7C&amp;sdata=CkJBJbW6%2FSJq%2Bd0QZJVDXS7JXhW4sRlqm5pWfXYtAkg%3D&amp;reserved=0\">www.anture.org<\/a> \u2013 utimo accesso&nbsp; 04.06.2024<\/li>\n<\/ol>\n\n\n\n<p><\/p>\n\n\n\n<p><strong>Contatti:<\/strong><\/p>\n\n\n\n<p><strong>Ipsen Italia<\/strong><br>Chiara Loprieno | +39 3488818732 | <a href=\"mailto:chiara.loprieno@ipsen.com\">chiara.loprieno@ipsen.com<\/a><br>Maria Lucia Burriesci | +39 3351056045 <a href=\"mailto:|maria.lucia.burriesci@ipsen.com\">|maria.lucia.burriesci@ipsen.com<\/a><\/p>\n\n\n\n<p><strong>Ufficio stampa<\/strong><br>Intermedia<br>intermedia@intermedianews.it030.226105 \u2013 3351892975 &#8211; 335265394<\/p>\n","protected":false},"excerpt":{"rendered":"","protected":false},"author":43,"template":"","categories":[56],"tags":[],"class_list":["post-39329","press_release","type-press_release","status-publish","has-post-thumbnail","hentry","category-comunicato-stampa","entry"],"acf":[],"yoast_head":"<!-- This site is optimized with the Yoast SEO plugin v26.8 - https:\/\/yoast.com\/product\/yoast-seo-wordpress\/ -->\n<title>World Kidney Cancer Day: oggi si celebra la Giornata Mondiale di sensibilizzazione sul tumore del rene, ideata dalla rete internazionale di associazioni pazienti (IKCC) per sensibilizzare la popolazione - Italy<\/title>\n<meta name=\"description\" content=\"All\u2019ascolto del proprio corpo \u00e8 dedicato il video realizzato da Ipsen con ANTURE, sull\u2019importanza della conoscenza del proprio corpo\" \/>\n<meta name=\"robots\" content=\"index, follow, max-snippet:-1, max-image-preview:large, max-video-preview:-1\" \/>\n<link rel=\"canonical\" href=\"https:\/\/www.ipsen.com\/it\/press-releases\/world-kidney-cancer-day-oggi-si-celebra-la-giornata-mondiale-di-sensibilizzazione-sul-tumore-del-rene-ideata-dalla-rete-internazionale-di-associazioni-pazienti-ikcc-per-sensibilizzare-la-popolazio\/\" \/>\n<meta property=\"og:locale\" content=\"it_IT\" \/>\n<meta property=\"og:type\" content=\"article\" \/>\n<meta property=\"og:title\" content=\"World Kidney Cancer Day: oggi si celebra la Giornata Mondiale di sensibilizzazione sul tumore del rene, ideata dalla rete internazionale di associazioni pazienti (IKCC) per sensibilizzare la popolazione - Italy\" \/>\n<meta property=\"og:description\" content=\"All\u2019ascolto del proprio corpo \u00e8 dedicato il video realizzato da Ipsen con ANTURE, sull\u2019importanza della conoscenza del proprio corpo\" \/>\n<meta property=\"og:url\" content=\"https:\/\/www.ipsen.com\/it\/press-releases\/world-kidney-cancer-day-oggi-si-celebra-la-giornata-mondiale-di-sensibilizzazione-sul-tumore-del-rene-ideata-dalla-rete-internazionale-di-associazioni-pazienti-ikcc-per-sensibilizzare-la-popolazio\/\" \/>\n<meta property=\"og:site_name\" content=\"Italy\" \/>\n<meta property=\"article:modified_time\" content=\"2025-06-18T08:22:51+00:00\" \/>\n<meta property=\"og:image\" content=\"https:\/\/www.ipsen.com\/websites\/ipsen_com_v2\/wp-content\/uploads\/sites\/9\/2024\/02\/01034030\/IT-Press-Release.png\" \/>\n\t<meta property=\"og:image:width\" content=\"440\" \/>\n\t<meta property=\"og:image:height\" content=\"440\" \/>\n\t<meta property=\"og:image:type\" content=\"image\/png\" \/>\n<meta name=\"twitter:card\" content=\"summary_large_image\" \/>\n<meta name=\"twitter:label1\" content=\"Est. reading time\" \/>\n\t<meta name=\"twitter:data1\" content=\"6 minutes\" \/>\n<script type=\"application\/ld+json\" class=\"yoast-schema-graph\">{\"@context\":\"https:\/\/schema.org\",\"@graph\":[{\"@type\":\"WebPage\",\"@id\":\"https:\/\/www.ipsen.com\/it\/press-releases\/world-kidney-cancer-day-oggi-si-celebra-la-giornata-mondiale-di-sensibilizzazione-sul-tumore-del-rene-ideata-dalla-rete-internazionale-di-associazioni-pazienti-ikcc-per-sensibilizzare-la-popolazio\/\",\"url\":\"https:\/\/www.ipsen.com\/it\/press-releases\/world-kidney-cancer-day-oggi-si-celebra-la-giornata-mondiale-di-sensibilizzazione-sul-tumore-del-rene-ideata-dalla-rete-internazionale-di-associazioni-pazienti-ikcc-per-sensibilizzare-la-popolazio\/\",\"name\":\"World Kidney Cancer Day: oggi si celebra la Giornata Mondiale di sensibilizzazione sul tumore del rene, ideata dalla rete internazionale di associazioni pazienti (IKCC) per sensibilizzare la popolazione - Italy\",\"isPartOf\":{\"@id\":\"https:\/\/www.ipsen.com\/it\/#website\"},\"primaryImageOfPage\":{\"@id\":\"https:\/\/www.ipsen.com\/it\/press-releases\/world-kidney-cancer-day-oggi-si-celebra-la-giornata-mondiale-di-sensibilizzazione-sul-tumore-del-rene-ideata-dalla-rete-internazionale-di-associazioni-pazienti-ikcc-per-sensibilizzare-la-popolazio\/#primaryimage\"},\"image\":{\"@id\":\"https:\/\/www.ipsen.com\/it\/press-releases\/world-kidney-cancer-day-oggi-si-celebra-la-giornata-mondiale-di-sensibilizzazione-sul-tumore-del-rene-ideata-dalla-rete-internazionale-di-associazioni-pazienti-ikcc-per-sensibilizzare-la-popolazio\/#primaryimage\"},\"thumbnailUrl\":\"https:\/\/www.ipsen.com\/it\/wp-content\/uploads\/sites\/9\/2024\/02\/IT-Press-Release.png\",\"datePublished\":\"2024-06-20T06:10:23+00:00\",\"dateModified\":\"2025-06-18T08:22:51+00:00\",\"description\":\"All\u2019ascolto del proprio corpo \u00e8 dedicato il video realizzato da Ipsen con ANTURE, sull\u2019importanza della conoscenza del proprio corpo\",\"breadcrumb\":{\"@id\":\"https:\/\/www.ipsen.com\/it\/press-releases\/world-kidney-cancer-day-oggi-si-celebra-la-giornata-mondiale-di-sensibilizzazione-sul-tumore-del-rene-ideata-dalla-rete-internazionale-di-associazioni-pazienti-ikcc-per-sensibilizzare-la-popolazio\/#breadcrumb\"},\"inLanguage\":\"it-IT\",\"potentialAction\":[{\"@type\":\"ReadAction\",\"target\":[\"https:\/\/www.ipsen.com\/it\/press-releases\/world-kidney-cancer-day-oggi-si-celebra-la-giornata-mondiale-di-sensibilizzazione-sul-tumore-del-rene-ideata-dalla-rete-internazionale-di-associazioni-pazienti-ikcc-per-sensibilizzare-la-popolazio\/\"]}]},{\"@type\":\"ImageObject\",\"inLanguage\":\"it-IT\",\"@id\":\"https:\/\/www.ipsen.com\/it\/press-releases\/world-kidney-cancer-day-oggi-si-celebra-la-giornata-mondiale-di-sensibilizzazione-sul-tumore-del-rene-ideata-dalla-rete-internazionale-di-associazioni-pazienti-ikcc-per-sensibilizzare-la-popolazio\/#primaryimage\",\"url\":\"https:\/\/www.ipsen.com\/it\/wp-content\/uploads\/sites\/9\/2024\/02\/IT-Press-Release.png\",\"contentUrl\":\"https:\/\/www.ipsen.com\/it\/wp-content\/uploads\/sites\/9\/2024\/02\/IT-Press-Release.png\",\"width\":440,\"height\":440},{\"@type\":\"BreadcrumbList\",\"@id\":\"https:\/\/www.ipsen.com\/it\/press-releases\/world-kidney-cancer-day-oggi-si-celebra-la-giornata-mondiale-di-sensibilizzazione-sul-tumore-del-rene-ideata-dalla-rete-internazionale-di-associazioni-pazienti-ikcc-per-sensibilizzare-la-popolazio\/#breadcrumb\",\"itemListElement\":[{\"@type\":\"ListItem\",\"position\":1,\"name\":\"Home\",\"item\":\"https:\/\/www.ipsen.com\/it\/\"},{\"@type\":\"ListItem\",\"position\":2,\"name\":\"World Kidney Cancer Day: oggi si celebra la Giornata Mondiale di sensibilizzazione sul tumore del rene, ideata dalla rete internazionale di associazioni pazienti (IKCC) per sensibilizzare la popolazione\"}]},{\"@type\":\"WebSite\",\"@id\":\"https:\/\/www.ipsen.com\/it\/#website\",\"url\":\"https:\/\/www.ipsen.com\/it\/\",\"name\":\"Italy\",\"description\":\"\",\"publisher\":{\"@id\":\"https:\/\/www.ipsen.com\/it\/#organization\"},\"potentialAction\":[{\"@type\":\"SearchAction\",\"target\":{\"@type\":\"EntryPoint\",\"urlTemplate\":\"https:\/\/www.ipsen.com\/it\/?s={search_term_string}\"},\"query-input\":{\"@type\":\"PropertyValueSpecification\",\"valueRequired\":true,\"valueName\":\"search_term_string\"}}],\"inLanguage\":\"it-IT\"},{\"@type\":\"Organization\",\"@id\":\"https:\/\/www.ipsen.com\/it\/#organization\",\"name\":\"Italy\",\"url\":\"https:\/\/www.ipsen.com\/it\/\",\"logo\":{\"@type\":\"ImageObject\",\"inLanguage\":\"it-IT\",\"@id\":\"https:\/\/www.ipsen.com\/it\/#\/schema\/logo\/image\/\",\"url\":\"https:\/\/www.ipsen.com\/it\/wp-content\/uploads\/sites\/9\/2023\/12\/Logo-Ipsen.svg\",\"contentUrl\":\"https:\/\/www.ipsen.com\/it\/wp-content\/uploads\/sites\/9\/2023\/12\/Logo-Ipsen.svg\",\"caption\":\"Italy\"},\"image\":{\"@id\":\"https:\/\/www.ipsen.com\/it\/#\/schema\/logo\/image\/\"}}]}<\/script>\n<!-- \/ Yoast SEO plugin. -->","yoast_head_json":{"title":"World Kidney Cancer Day: oggi si celebra la Giornata Mondiale di sensibilizzazione sul tumore del rene, ideata dalla rete internazionale di associazioni pazienti (IKCC) per sensibilizzare la popolazione - Italy","description":"All\u2019ascolto del proprio corpo \u00e8 dedicato il video realizzato da Ipsen con ANTURE, sull\u2019importanza della conoscenza del proprio corpo","robots":{"index":"index","follow":"follow","max-snippet":"max-snippet:-1","max-image-preview":"max-image-preview:large","max-video-preview":"max-video-preview:-1"},"canonical":"https:\/\/www.ipsen.com\/it\/press-releases\/world-kidney-cancer-day-oggi-si-celebra-la-giornata-mondiale-di-sensibilizzazione-sul-tumore-del-rene-ideata-dalla-rete-internazionale-di-associazioni-pazienti-ikcc-per-sensibilizzare-la-popolazio\/","og_locale":"it_IT","og_type":"article","og_title":"World Kidney Cancer Day: oggi si celebra la Giornata Mondiale di sensibilizzazione sul tumore del rene, ideata dalla rete internazionale di associazioni pazienti (IKCC) per sensibilizzare la popolazione - Italy","og_description":"All\u2019ascolto del proprio corpo \u00e8 dedicato il video realizzato da Ipsen con ANTURE, sull\u2019importanza della conoscenza del proprio corpo","og_url":"https:\/\/www.ipsen.com\/it\/press-releases\/world-kidney-cancer-day-oggi-si-celebra-la-giornata-mondiale-di-sensibilizzazione-sul-tumore-del-rene-ideata-dalla-rete-internazionale-di-associazioni-pazienti-ikcc-per-sensibilizzare-la-popolazio\/","og_site_name":"Italy","article_modified_time":"2025-06-18T08:22:51+00:00","og_image":[{"width":440,"height":440,"url":"https:\/\/www.ipsen.com\/websites\/ipsen_com_v2\/wp-content\/uploads\/sites\/9\/2024\/02\/01034030\/IT-Press-Release.png","type":"image\/png"}],"twitter_card":"summary_large_image","twitter_misc":{"Est. reading time":"6 minutes"},"schema":{"@context":"https:\/\/schema.org","@graph":[{"@type":"WebPage","@id":"https:\/\/www.ipsen.com\/it\/press-releases\/world-kidney-cancer-day-oggi-si-celebra-la-giornata-mondiale-di-sensibilizzazione-sul-tumore-del-rene-ideata-dalla-rete-internazionale-di-associazioni-pazienti-ikcc-per-sensibilizzare-la-popolazio\/","url":"https:\/\/www.ipsen.com\/it\/press-releases\/world-kidney-cancer-day-oggi-si-celebra-la-giornata-mondiale-di-sensibilizzazione-sul-tumore-del-rene-ideata-dalla-rete-internazionale-di-associazioni-pazienti-ikcc-per-sensibilizzare-la-popolazio\/","name":"World Kidney Cancer Day: oggi si celebra la Giornata Mondiale di sensibilizzazione sul tumore del rene, ideata dalla rete internazionale di associazioni pazienti (IKCC) per sensibilizzare la popolazione - Italy","isPartOf":{"@id":"https:\/\/www.ipsen.com\/it\/#website"},"primaryImageOfPage":{"@id":"https:\/\/www.ipsen.com\/it\/press-releases\/world-kidney-cancer-day-oggi-si-celebra-la-giornata-mondiale-di-sensibilizzazione-sul-tumore-del-rene-ideata-dalla-rete-internazionale-di-associazioni-pazienti-ikcc-per-sensibilizzare-la-popolazio\/#primaryimage"},"image":{"@id":"https:\/\/www.ipsen.com\/it\/press-releases\/world-kidney-cancer-day-oggi-si-celebra-la-giornata-mondiale-di-sensibilizzazione-sul-tumore-del-rene-ideata-dalla-rete-internazionale-di-associazioni-pazienti-ikcc-per-sensibilizzare-la-popolazio\/#primaryimage"},"thumbnailUrl":"https:\/\/www.ipsen.com\/it\/wp-content\/uploads\/sites\/9\/2024\/02\/IT-Press-Release.png","datePublished":"2024-06-20T06:10:23+00:00","dateModified":"2025-06-18T08:22:51+00:00","description":"All\u2019ascolto del proprio corpo \u00e8 dedicato il video realizzato da Ipsen con ANTURE, sull\u2019importanza della conoscenza del proprio corpo","breadcrumb":{"@id":"https:\/\/www.ipsen.com\/it\/press-releases\/world-kidney-cancer-day-oggi-si-celebra-la-giornata-mondiale-di-sensibilizzazione-sul-tumore-del-rene-ideata-dalla-rete-internazionale-di-associazioni-pazienti-ikcc-per-sensibilizzare-la-popolazio\/#breadcrumb"},"inLanguage":"it-IT","potentialAction":[{"@type":"ReadAction","target":["https:\/\/www.ipsen.com\/it\/press-releases\/world-kidney-cancer-day-oggi-si-celebra-la-giornata-mondiale-di-sensibilizzazione-sul-tumore-del-rene-ideata-dalla-rete-internazionale-di-associazioni-pazienti-ikcc-per-sensibilizzare-la-popolazio\/"]}]},{"@type":"ImageObject","inLanguage":"it-IT","@id":"https:\/\/www.ipsen.com\/it\/press-releases\/world-kidney-cancer-day-oggi-si-celebra-la-giornata-mondiale-di-sensibilizzazione-sul-tumore-del-rene-ideata-dalla-rete-internazionale-di-associazioni-pazienti-ikcc-per-sensibilizzare-la-popolazio\/#primaryimage","url":"https:\/\/www.ipsen.com\/it\/wp-content\/uploads\/sites\/9\/2024\/02\/IT-Press-Release.png","contentUrl":"https:\/\/www.ipsen.com\/it\/wp-content\/uploads\/sites\/9\/2024\/02\/IT-Press-Release.png","width":440,"height":440},{"@type":"BreadcrumbList","@id":"https:\/\/www.ipsen.com\/it\/press-releases\/world-kidney-cancer-day-oggi-si-celebra-la-giornata-mondiale-di-sensibilizzazione-sul-tumore-del-rene-ideata-dalla-rete-internazionale-di-associazioni-pazienti-ikcc-per-sensibilizzare-la-popolazio\/#breadcrumb","itemListElement":[{"@type":"ListItem","position":1,"name":"Home","item":"https:\/\/www.ipsen.com\/it\/"},{"@type":"ListItem","position":2,"name":"World Kidney Cancer Day: oggi si celebra la Giornata Mondiale di sensibilizzazione sul tumore del rene, ideata dalla rete internazionale di associazioni pazienti (IKCC) per sensibilizzare la popolazione"}]},{"@type":"WebSite","@id":"https:\/\/www.ipsen.com\/it\/#website","url":"https:\/\/www.ipsen.com\/it\/","name":"Italy","description":"","publisher":{"@id":"https:\/\/www.ipsen.com\/it\/#organization"},"potentialAction":[{"@type":"SearchAction","target":{"@type":"EntryPoint","urlTemplate":"https:\/\/www.ipsen.com\/it\/?s={search_term_string}"},"query-input":{"@type":"PropertyValueSpecification","valueRequired":true,"valueName":"search_term_string"}}],"inLanguage":"it-IT"},{"@type":"Organization","@id":"https:\/\/www.ipsen.com\/it\/#organization","name":"Italy","url":"https:\/\/www.ipsen.com\/it\/","logo":{"@type":"ImageObject","inLanguage":"it-IT","@id":"https:\/\/www.ipsen.com\/it\/#\/schema\/logo\/image\/","url":"https:\/\/www.ipsen.com\/it\/wp-content\/uploads\/sites\/9\/2023\/12\/Logo-Ipsen.svg","contentUrl":"https:\/\/www.ipsen.com\/it\/wp-content\/uploads\/sites\/9\/2023\/12\/Logo-Ipsen.svg","caption":"Italy"},"image":{"@id":"https:\/\/www.ipsen.com\/it\/#\/schema\/logo\/image\/"}}]}},"parsely":{"version":"1.1.0","canonical_url":"https:\/\/ipsen.com\/it\/press-releases\/world-kidney-cancer-day-oggi-si-celebra-la-giornata-mondiale-di-sensibilizzazione-sul-tumore-del-rene-ideata-dalla-rete-internazionale-di-associazioni-pazienti-ikcc-per-sensibilizzare-la-popolazio\/","smart_links":{"inbound":0,"outbound":0},"traffic_boost_suggestions_count":0,"meta":{"@context":"https:\/\/schema.org","@type":"NewsArticle","headline":"World Kidney Cancer Day: oggi si celebra la Giornata Mondiale di sensibilizzazione sul tumore del rene, ideata dalla rete internazionale di associazioni pazienti (IKCC) per sensibilizzare la popolazione","url":"http:\/\/www.ipsen.com\/it\/press-releases\/world-kidney-cancer-day-oggi-si-celebra-la-giornata-mondiale-di-sensibilizzazione-sul-tumore-del-rene-ideata-dalla-rete-internazionale-di-associazioni-pazienti-ikcc-per-sensibilizzare-la-popolazio\/","mainEntityOfPage":{"@type":"WebPage","@id":"http:\/\/www.ipsen.com\/it\/press-releases\/world-kidney-cancer-day-oggi-si-celebra-la-giornata-mondiale-di-sensibilizzazione-sul-tumore-del-rene-ideata-dalla-rete-internazionale-di-associazioni-pazienti-ikcc-per-sensibilizzare-la-popolazio\/"},"thumbnailUrl":"https:\/\/www.ipsen.com\/it\/wp-content\/uploads\/sites\/9\/2024\/02\/IT-Press-Release.png?w=150&h=150&crop=1","image":{"@type":"ImageObject","url":"https:\/\/www.ipsen.com\/it\/wp-content\/uploads\/sites\/9\/2024\/02\/IT-Press-Release.png"},"articleSection":"Comunicato Stampa","author":[{"@type":"Person","name":"maria"}],"creator":["maria"],"publisher":{"@type":"Organization","name":"Italy","logo":""},"keywords":[],"dateCreated":"2024-06-20T06:10:23Z","datePublished":"2024-06-20T06:10:23Z","dateModified":"2025-06-18T08:22:51Z"},"rendered":"<script type=\"application\/ld+json\" class=\"wp-parsely-metadata\">{\"@context\":\"https:\\\/\\\/schema.org\",\"@type\":\"NewsArticle\",\"headline\":\"World Kidney Cancer Day: oggi si celebra la Giornata Mondiale di sensibilizzazione sul tumore del rene, ideata dalla rete internazionale di associazioni pazienti (IKCC) per sensibilizzare la popolazione\",\"url\":\"http:\\\/\\\/www.ipsen.com\\\/it\\\/press-releases\\\/world-kidney-cancer-day-oggi-si-celebra-la-giornata-mondiale-di-sensibilizzazione-sul-tumore-del-rene-ideata-dalla-rete-internazionale-di-associazioni-pazienti-ikcc-per-sensibilizzare-la-popolazio\\\/\",\"mainEntityOfPage\":{\"@type\":\"WebPage\",\"@id\":\"http:\\\/\\\/www.ipsen.com\\\/it\\\/press-releases\\\/world-kidney-cancer-day-oggi-si-celebra-la-giornata-mondiale-di-sensibilizzazione-sul-tumore-del-rene-ideata-dalla-rete-internazionale-di-associazioni-pazienti-ikcc-per-sensibilizzare-la-popolazio\\\/\"},\"thumbnailUrl\":\"https:\\\/\\\/www.ipsen.com\\\/it\\\/wp-content\\\/uploads\\\/sites\\\/9\\\/2024\\\/02\\\/IT-Press-Release.png?w=150&h=150&crop=1\",\"image\":{\"@type\":\"ImageObject\",\"url\":\"https:\\\/\\\/www.ipsen.com\\\/it\\\/wp-content\\\/uploads\\\/sites\\\/9\\\/2024\\\/02\\\/IT-Press-Release.png\"},\"articleSection\":\"Comunicato Stampa\",\"author\":[{\"@type\":\"Person\",\"name\":\"maria\"}],\"creator\":[\"maria\"],\"publisher\":{\"@type\":\"Organization\",\"name\":\"Italy\",\"logo\":\"\"},\"keywords\":[],\"dateCreated\":\"2024-06-20T06:10:23Z\",\"datePublished\":\"2024-06-20T06:10:23Z\",\"dateModified\":\"2025-06-18T08:22:51Z\"}<\/script>","tracker_url":"https:\/\/cdn.parsely.com\/keys\/ipsen.com\/p.js"},"jetpack_sharing_enabled":true,"_links":{"self":[{"href":"https:\/\/www.ipsen.com\/it\/wp-json\/wp\/v2\/press_release\/39329","targetHints":{"allow":["GET"]}}],"collection":[{"href":"https:\/\/www.ipsen.com\/it\/wp-json\/wp\/v2\/press_release"}],"about":[{"href":"https:\/\/www.ipsen.com\/it\/wp-json\/wp\/v2\/types\/press_release"}],"author":[{"embeddable":true,"href":"https:\/\/www.ipsen.com\/it\/wp-json\/wp\/v2\/users\/43"}],"version-history":[{"count":7,"href":"https:\/\/www.ipsen.com\/it\/wp-json\/wp\/v2\/press_release\/39329\/revisions"}],"predecessor-version":[{"id":39749,"href":"https:\/\/www.ipsen.com\/it\/wp-json\/wp\/v2\/press_release\/39329\/revisions\/39749"}],"wp:featuredmedia":[{"embeddable":true,"href":"https:\/\/www.ipsen.com\/it\/wp-json\/wp\/v2\/media\/39230"}],"wp:attachment":[{"href":"https:\/\/www.ipsen.com\/it\/wp-json\/wp\/v2\/media?parent=39329"}],"wp:term":[{"taxonomy":"category","embeddable":true,"href":"https:\/\/www.ipsen.com\/it\/wp-json\/wp\/v2\/categories?post=39329"},{"taxonomy":"post_tag","embeddable":true,"href":"https:\/\/www.ipsen.com\/it\/wp-json\/wp\/v2\/tags?post=39329"}],"curies":[{"name":"wp","href":"https:\/\/api.w.org\/{rel}","templated":true}]}}