{"id":39930,"date":"2025-07-03T10:19:17","date_gmt":"2025-07-03T08:19:17","guid":{"rendered":"https:\/\/www.ipsen.com\/it\/?p=39930"},"modified":"2025-07-03T10:22:17","modified_gmt":"2025-07-03T08:22:17","slug":"oltre-il-soffitto-di-cristallo","status":"publish","type":"post","link":"https:\/\/www.ipsen.com\/it\/news\/oltre-il-soffitto-di-cristallo\/","title":{"rendered":"Oltre il soffitto di cristallo: Il talento non ha genere, eppure le donne continuano a non essere riconosciute e pagate quanto i colleghi uomini*. Ma perch\u00e9?"},"content":{"rendered":"\n<p class=\"has-text-align-center\"><\/p>\n\n\n\n<p>Un confronto \u2013 chiacchierata tra due donne che hanno bucato il fantomatico soffitto di cristallo per tenere alta l\u2019attenzione sul tema della parit\u00e0 di genere e ragionare insieme: <strong>Maria Cristina Origlia<\/strong>, <em>giornalista socio-economica e Past President Forum della Meritocrazia,<\/em> e <strong>Alessandra Benevolo<\/strong>, <em>Ipsen HR Regional Lead South Europe and MEA<\/em>. Oggi questo cristallo \u00e8 tutt\u2019altro che trasparente e purtroppo ancora molto spesso, talmente spesso che, nonostante la Legge Golfo Mosca, i numeri ci raccontano una realt\u00e0 di cui non andare orgogliosi.<\/p>\n\n\n\n<p><em>\u201cQuesta legge (n.d.r. le cui firmatarie furono Lella Golfo e Alessia Mosca) ha rappresentato nel 2011 il primo segnale concreto di attenzione al tema a livello istituzionale, introducendo il concetto di <strong>quote rosa.<\/strong> Una definizione che non non ho mai amato<\/em> \u2013 afferma Alessandra Benevolo &#8211; <em>ma che \u00e8 stata un passaggio necessario e cruciale per contrastare la disparit\u00e0 di genere e promuovere una societ\u00e0 pi\u00f9 inclusiva e giusta.<\/em> <em>Imporre l\u2019inclusione di donne in alcuni contesti (come i Consigli di Amministrazione) tuttavia non ha aiutato a diffondere nel nostro Paese una vera cultura improntata al bilanciamento di genere n\u00e9 una reale partecipazione e valorizzazione del contributo femminile. A distanza di anni sono migliorati alcuni numeri, ma il gap economico rimane\u201d.<\/em><\/p>\n\n\n\n<p>Quando \u201ctecnicamente\u201d si parla di quote rosa ci si riferisce al numero di posti riservati alle donne nell&#8217;organico di strutture pubbliche e private: imprese, istituzioni, organismi decisionali\u2026Ma&nbsp;su questo Maria Cristina Origlia ha un\u2019opinione molto chiara: \u201c<em>Il linguaggio \u00e8 importante: non chiamiamole quote rosa, ma quote di genere, come deve essere, altrimenti derubrichiamo il tema, come ha affermato Daniela Brogi, Professoressa di Letteratura Contemporanea all\u2019Universit\u00e0 di Siena. Detto questo, concordo sul fatto che, al di l\u00e0 della definizione, questa legge fosse necessaria \u2013 basti dire che hanno normative simili anche i Paesi del Nord, notoriamente pi\u00f9 avanzati su queste tematiche &#8211; non solo per accelerare una parit\u00e0 effettiva nei numeri, ma anche nella qualit\u00e0. Quindi, le quote sono state di indubbia utilit\u00e0 nei CdA, dove oggi la presenza di donne supera il 40% indicato dalla legge Golfo Mosca \u2013 <\/em>continua Maria Cristina<em> \u2013, ma hanno anche innalzato le competenze all\u2019interno dei Consigli e abbassato l\u2019et\u00e0 media, perch\u00e8 le donne che sono entrate sono mediamente pi\u00f9 giovani degli uomini, altra diversit\u00e0 per nulla banale. Il problema \u00e8 che la legge non ha generato quell\u2019effetto a cascata che ci si aspettava sul top management. I numeri di amministratrici delegate purtroppo sono ancora estremamente bassi e questo rallenta la diffusione di una governance ispirata alla gender equality\u201d.<\/em><\/p>\n\n\n\n<p>Se siamo tutti concordi sull\u2019importanza di queste misure, \u00e8 opinione altrettanto comune che non siano state trasformative. Cosa fare dunque perch\u00e9 dai proclami si passi ai fatti, dalla teoria si passi davvero alla pratica?<\/p>\n\n\n\n<p><em>\u201cAbbiamo bisogno di una strategia d\u2019intervento chiara e condivisa: dobbiamo partire dalle scuole, sensibilizzando le pi\u00f9 piccole e i pi\u00f9 piccoli, ancora liberi da preconcetti e stereotipi tipici degli adulti, con messaggi di parit\u00e0, di dignit\u00e0 dell\u2019individuo\u2026 &#8211; <\/em>dichiara&nbsp; Alessandra &#8211; <em>Pensiamo alla fatica che facciamo a far avvicinare le ragazze alle STEM: se vogliamo davvero che il futuro sia guidato dalle migliori menti, dobbiamo TUTTI impegnarci perch\u00e9 nessuna di esse venga lasciata indietro. Quindi dobbiamo portare messaggi di inclusione e rispetto alle giovani generazioni di oggi che saranno il nostro futuro di domani, senza bias o pregiudizi, senza mascolinizzare stili manageriali femminili che valgono e servono proprio perch\u00e9 diversi da quelli maschili. Senza evitare di indossare una gonna! E qui torna forte il tema del valore della diversity\u201d.<\/em><\/p>\n\n\n\n<p><em>\u201cCredo che un\u2019attenzione continuativa, come la vostra in Ipsen e in altre aziende, sul mantenere il pi\u00f9 possibile un equilibrio nei numeri e, contemporaneamente, sulla costruzione di una cultura aziendale inclusiva e meritocratica, sia fondamentale. Altrimenti \u2013 <\/em>prosegue Maria Cristina <em>-, oltre la legge Golfo Mosca, anche altre iniziative legislative come la Certificazione per la parit\u00e0 di genere, rischiano di rimanere puri esercizi di stile, dove alla forma corrisponde poca sostanza\u201d.<\/em><\/p>\n\n\n\n<p>Le aziende riflettono la societ\u00e0: c\u2019\u00e8 un tema di mancato riconoscimento del merito e di ingiustizia sociale, che si riflette in una carente valorizzazione dell&#8217;intelligenza diffusa e, alla fine, in competitivit\u00e0, perch\u00e9 ci bruciamo almeno la met\u00e0 dei talenti che sicuramente il Paese detiene.<br>E se proseguiamo su questa scia, c\u2019\u00e8 la dolente nota delle retribuzioni: oltre a un tema di correttezza ed equit\u00e0 \u2013 perch\u00e9 dovrebbe esserci differenza a fronte delle stesse competenze e degli stessi ruoli?! \u2013 il pay gap ha un effetto profondo, andando a ledere l&#8217;indipendenza economica e l&#8217;autodeterminazione delle donne.<\/p>\n\n\n\n<p><em>\u201cSe non si hanno risorse sufficienti per poter essere libere e prendere delle decisioni <\/em>\u2013 sottolinea Maria Cristina &#8211; <em>tutto diventa complicato, soprattutto se ci si trova in difficolt<\/em><em>\u00e0.<\/em><em> Inoltre, retribuzioni pi\u00f9 basse si traducono in pensioni modeste, a volte al limite della sopravvivenza, in media molto pi\u00f9 basse di quelle degli uomini. Questo \u00e8 un tema sociale, oltre che economico, serissimo. La Direttiva UE sulla trasparenza retributiva, che dovrebbe entrare in vigore a luglio 2026, costringer\u00e0 le imprese ad adottare pratiche pi<\/em><em>\u00f9<\/em><em> virtuose. Speriamo lo facciano seriamente<\/em>\u201d.<\/p>\n\n\n\n<p>Nelle more di politiche nazionali avvedute sul tema, le aziende hanno ampi margini \u2013 e responsabilit\u00e0 \u2013 di azione per trasformare in meglio l&#8217;esperienza professionale delle persone, con un impatto sulla loro vita sia come lavoratori sia come cittadini, che pu\u00f2 produrre un enorme valore economico e sociale .<\/p>\n\n\n\n<p>La mimosa, simbolo dell\u20198 marzo, della Giornata Internazionale della Donna, che effetto vi fa?<\/p>\n\n\n\n<p><em>\u201cHo un\u2019avversione profonda per la mimosa!<\/em> <em>\u00c8 come il numero sbattuto in prima pagina che a poco serve se non a nulla! Meno mimose e un po\u2019 pi\u00f9 di coerenza\u201d,<\/em> invita con grande determinazione Alessandra, alla quale fa seguito Maria Cristina constatando che \u201c<em>Le rivoluzioni si possono fare anche in maniera gentile, ma c\u2019\u00e8 un tema di potere forte e la storia ci insegna che nessun gruppo dominante si \u00e8 tirato indietro se non costretto<\/em>\u201d.<\/p>\n\n\n\n<p>Tuttavia, in diversi settori, sta aumentando la componente di donne all\u2019interno delle organizzazioni e se vero \u00e8 che i numeri rimangono numeri, servono per\u00f2 per fare massa critica; oggi possiamo quindi sperare che questa avanzata sfondi presto le barriere o i cosiddetti soffitti di cristallo.<\/p>\n\n\n\n<p>Ribadisce Maria Cristina: <em>\u201cColmare il gender pay gap non \u00e8 solo una questione di equit\u00e0, ma anche di valore. Le organizzazioni che riconoscono e premiano il talento senza distinzioni di genere costruiscono ambienti di lavoro pi\u00f9 innovativi e sostenibili. Ci\u00f2 a cui dobbiamo puntare \u2014 con un approccio pragmatico e responsabile \u2014 \u00e8 un futuro in cui il talento non ha genere o etichette e il merito non incontra ostacoli. Quel futuro non deve essere un\u2019utopia ma una scelta collettiva, fatta di decisioni quotidiane e responsabilit\u00e0 condivise\u201d.<\/em><\/p>\n\n\n\n<p>Il messaggio finale per le giovani donneall&#8217;inizio della loro carriera?<\/p>\n\n\n\n<p><strong>Seguite sempre i vostri sogni e il vostro talento. Se credete nel percorso che avete scelto, abbiate fiducia nelle vostre capacit\u00e0: potete farcela, con determinazione e apertura mentale. Essere tenaci vi aiuter\u00e0 a superare le sfide e ampliare i vostri orizzonti arricchir\u00e0 la vostra crescita. Non limitatevi: esplorate, incrociate percorsi, approfondite. Saranno proprio i vostri studi, il vostro lavoro, le vostre passioni, avere un progetto che riguarda voi, le chiavi della vostra indipendenza. <\/strong><em><\/em><\/p>\n\n\n\n<p><em>\u201cNon esiste barriera, chiusura o confine che si possa imporre alla libert\u00e0 della mia mente\u201d.<\/em><\/p>\n\n\n\n<p><strong><em>Virginia Woolf<\/em><\/strong><em><\/em><\/p>\n\n\n\n<p><em>&#8220;Non lasciate mai che qualcuno vi dica che non potete fare qualcosa. N\u00e9 uomini n\u00e9 donne. N\u00e9 per il colore della pelle n\u00e9 per il genere. Il merito conta&#8221;.<\/em><\/p>\n\n\n\n<p><strong><em>Mae Jemison<\/em><\/strong><em>, prima astronauta afroamericana nello spazio<\/em><\/p>\n\n\n\n<p><\/p>\n\n\n\n<p><\/p>\n\n\n\n<p><em>*Fonte: Rendiconto di genere dell&#8217;INPS basato su dati del 2023.<\/em><em><\/em><\/p>\n\n\n\n<p><\/p>\n","protected":false},"excerpt":{"rendered":"<p>Un confronto \u2013 chiacchierata tra due donne che hanno bucato il fantomatico soffitto di cristallo per tenere alta l\u2019attenzione sul<\/p>\n","protected":false},"author":43,"featured_media":39927,"comment_status":"closed","ping_status":"closed","sticky":false,"template":"","format":"standard","meta":{"_acf_changed":false,"_jetpack_memberships_contains_paid_content":false,"footnotes":""},"categories":[55],"tags":[],"class_list":["post-39930","post","type-post","status-publish","format-standard","has-post-thumbnail","hentry","category-news","entry"],"acf":[],"yoast_head":"<!-- This site is optimized with the Yoast SEO plugin v26.8 - https:\/\/yoast.com\/product\/yoast-seo-wordpress\/ -->\n<title>Oltre il soffitto di cristallo: Il talento non ha genere, eppure le donne continuano a non essere riconosciute e pagate quanto i colleghi uomini*. Ma perch\u00e9? - Italy<\/title>\n<meta name=\"description\" content=\"Un confronto con Maria Cristina Origlia e Alessandra Benevolo, Ipsen HR Regional Lead South Europe and MEA.\" \/>\n<meta name=\"robots\" content=\"index, follow, max-snippet:-1, max-image-preview:large, max-video-preview:-1\" \/>\n<link rel=\"canonical\" href=\"https:\/\/www.ipsen.com\/it\/news\/oltre-il-soffitto-di-cristallo\/\" \/>\n<meta property=\"og:locale\" content=\"it_IT\" \/>\n<meta property=\"og:type\" content=\"article\" \/>\n<meta property=\"og:title\" content=\"Oltre il soffitto di cristallo: Il talento non ha genere, eppure le donne continuano a non essere riconosciute e pagate quanto i colleghi uomini*. Ma perch\u00e9? - Italy\" \/>\n<meta property=\"og:description\" content=\"Un confronto con Maria Cristina Origlia e Alessandra Benevolo, Ipsen HR Regional Lead South Europe and MEA.\" \/>\n<meta property=\"og:url\" content=\"https:\/\/www.ipsen.com\/it\/news\/oltre-il-soffitto-di-cristallo\/\" \/>\n<meta property=\"og:site_name\" content=\"Italy\" \/>\n<meta property=\"article:published_time\" content=\"2025-07-03T08:19:17+00:00\" \/>\n<meta property=\"article:modified_time\" content=\"2025-07-03T08:22:17+00:00\" \/>\n<meta property=\"og:image\" content=\"https:\/\/www.ipsen.com\/websites\/ipsen_com_v2\/wp-content\/uploads\/sites\/9\/2025\/07\/03101214\/FOTO.jpg\" \/>\n\t<meta property=\"og:image:width\" content=\"4000\" \/>\n\t<meta property=\"og:image:height\" content=\"2250\" \/>\n\t<meta property=\"og:image:type\" content=\"image\/jpeg\" \/>\n<meta name=\"author\" content=\"maria\" \/>\n<meta name=\"twitter:card\" content=\"summary_large_image\" \/>\n<meta name=\"twitter:label1\" content=\"Written by\" \/>\n\t<meta name=\"twitter:data1\" content=\"maria\" \/>\n\t<meta name=\"twitter:label2\" content=\"Est. reading time\" \/>\n\t<meta name=\"twitter:data2\" content=\"6 minutes\" \/>\n<script type=\"application\/ld+json\" class=\"yoast-schema-graph\">{\"@context\":\"https:\/\/schema.org\",\"@graph\":[{\"@type\":\"Article\",\"@id\":\"https:\/\/www.ipsen.com\/it\/news\/oltre-il-soffitto-di-cristallo\/#article\",\"isPartOf\":{\"@id\":\"https:\/\/www.ipsen.com\/it\/news\/oltre-il-soffitto-di-cristallo\/\"},\"author\":{\"name\":\"maria\",\"@id\":\"https:\/\/www.ipsen.com\/it\/#\/schema\/person\/eb88e6676574ab74eee628b1c5f5eeb3\"},\"headline\":\"Oltre il soffitto di cristallo: Il talento non ha genere, eppure le donne continuano a non essere riconosciute e pagate quanto i colleghi uomini*. Ma perch\u00e9?\",\"datePublished\":\"2025-07-03T08:19:17+00:00\",\"dateModified\":\"2025-07-03T08:22:17+00:00\",\"mainEntityOfPage\":{\"@id\":\"https:\/\/www.ipsen.com\/it\/news\/oltre-il-soffitto-di-cristallo\/\"},\"wordCount\":1272,\"publisher\":{\"@id\":\"https:\/\/www.ipsen.com\/it\/#organization\"},\"image\":{\"@id\":\"https:\/\/www.ipsen.com\/it\/news\/oltre-il-soffitto-di-cristallo\/#primaryimage\"},\"thumbnailUrl\":\"https:\/\/www.ipsen.com\/it\/wp-content\/uploads\/sites\/9\/2025\/07\/FOTO.jpg\",\"articleSection\":[\"News\"],\"inLanguage\":\"it-IT\"},{\"@type\":\"WebPage\",\"@id\":\"https:\/\/www.ipsen.com\/it\/news\/oltre-il-soffitto-di-cristallo\/\",\"url\":\"https:\/\/www.ipsen.com\/it\/news\/oltre-il-soffitto-di-cristallo\/\",\"name\":\"Oltre il soffitto di cristallo: Il talento non ha genere, eppure le donne continuano a non essere riconosciute e pagate quanto i colleghi uomini*. Ma perch\u00e9? - Italy\",\"isPartOf\":{\"@id\":\"https:\/\/www.ipsen.com\/it\/#website\"},\"primaryImageOfPage\":{\"@id\":\"https:\/\/www.ipsen.com\/it\/news\/oltre-il-soffitto-di-cristallo\/#primaryimage\"},\"image\":{\"@id\":\"https:\/\/www.ipsen.com\/it\/news\/oltre-il-soffitto-di-cristallo\/#primaryimage\"},\"thumbnailUrl\":\"https:\/\/www.ipsen.com\/it\/wp-content\/uploads\/sites\/9\/2025\/07\/FOTO.jpg\",\"datePublished\":\"2025-07-03T08:19:17+00:00\",\"dateModified\":\"2025-07-03T08:22:17+00:00\",\"description\":\"Un confronto con Maria Cristina Origlia e Alessandra Benevolo, Ipsen HR Regional Lead South Europe and MEA.\",\"breadcrumb\":{\"@id\":\"https:\/\/www.ipsen.com\/it\/news\/oltre-il-soffitto-di-cristallo\/#breadcrumb\"},\"inLanguage\":\"it-IT\",\"potentialAction\":[{\"@type\":\"ReadAction\",\"target\":[\"https:\/\/www.ipsen.com\/it\/news\/oltre-il-soffitto-di-cristallo\/\"]}]},{\"@type\":\"ImageObject\",\"inLanguage\":\"it-IT\",\"@id\":\"https:\/\/www.ipsen.com\/it\/news\/oltre-il-soffitto-di-cristallo\/#primaryimage\",\"url\":\"https:\/\/www.ipsen.com\/it\/wp-content\/uploads\/sites\/9\/2025\/07\/FOTO.jpg\",\"contentUrl\":\"https:\/\/www.ipsen.com\/it\/wp-content\/uploads\/sites\/9\/2025\/07\/FOTO.jpg\",\"width\":4000,\"height\":2250},{\"@type\":\"BreadcrumbList\",\"@id\":\"https:\/\/www.ipsen.com\/it\/news\/oltre-il-soffitto-di-cristallo\/#breadcrumb\",\"itemListElement\":[{\"@type\":\"ListItem\",\"position\":1,\"name\":\"Home\",\"item\":\"https:\/\/www.ipsen.com\/it\/\"},{\"@type\":\"ListItem\",\"position\":2,\"name\":\"Oltre il soffitto di cristallo: Il talento non ha genere, eppure le donne continuano a non essere riconosciute e pagate quanto i colleghi uomini*. Ma perch\u00e9?\"}]},{\"@type\":\"WebSite\",\"@id\":\"https:\/\/www.ipsen.com\/it\/#website\",\"url\":\"https:\/\/www.ipsen.com\/it\/\",\"name\":\"Italy\",\"description\":\"\",\"publisher\":{\"@id\":\"https:\/\/www.ipsen.com\/it\/#organization\"},\"potentialAction\":[{\"@type\":\"SearchAction\",\"target\":{\"@type\":\"EntryPoint\",\"urlTemplate\":\"https:\/\/www.ipsen.com\/it\/?s={search_term_string}\"},\"query-input\":{\"@type\":\"PropertyValueSpecification\",\"valueRequired\":true,\"valueName\":\"search_term_string\"}}],\"inLanguage\":\"it-IT\"},{\"@type\":\"Organization\",\"@id\":\"https:\/\/www.ipsen.com\/it\/#organization\",\"name\":\"Italy\",\"url\":\"https:\/\/www.ipsen.com\/it\/\",\"logo\":{\"@type\":\"ImageObject\",\"inLanguage\":\"it-IT\",\"@id\":\"https:\/\/www.ipsen.com\/it\/#\/schema\/logo\/image\/\",\"url\":\"https:\/\/www.ipsen.com\/it\/wp-content\/uploads\/sites\/9\/2023\/12\/Logo-Ipsen.svg\",\"contentUrl\":\"https:\/\/www.ipsen.com\/it\/wp-content\/uploads\/sites\/9\/2023\/12\/Logo-Ipsen.svg\",\"caption\":\"Italy\"},\"image\":{\"@id\":\"https:\/\/www.ipsen.com\/it\/#\/schema\/logo\/image\/\"}},{\"@type\":\"Person\",\"@id\":\"https:\/\/www.ipsen.com\/it\/#\/schema\/person\/eb88e6676574ab74eee628b1c5f5eeb3\",\"name\":\"maria\",\"image\":{\"@type\":\"ImageObject\",\"inLanguage\":\"it-IT\",\"@id\":\"https:\/\/www.ipsen.com\/it\/#\/schema\/person\/image\/\",\"url\":\"https:\/\/secure.gravatar.com\/avatar\/41cdbdd38601b75ec9b156f7de5826a90c830ee67da0d279a885c072230679b2?s=96&d=mm&r=g\",\"contentUrl\":\"https:\/\/secure.gravatar.com\/avatar\/41cdbdd38601b75ec9b156f7de5826a90c830ee67da0d279a885c072230679b2?s=96&d=mm&r=g\",\"caption\":\"maria\"},\"url\":\"https:\/\/www.ipsen.com\/it\/author\/maria\/\"}]}<\/script>\n<!-- \/ Yoast SEO plugin. -->","yoast_head_json":{"title":"Oltre il soffitto di cristallo: Il talento non ha genere, eppure le donne continuano a non essere riconosciute e pagate quanto i colleghi uomini*. Ma perch\u00e9? - Italy","description":"Un confronto con Maria Cristina Origlia e Alessandra Benevolo, Ipsen HR Regional Lead South Europe and MEA.","robots":{"index":"index","follow":"follow","max-snippet":"max-snippet:-1","max-image-preview":"max-image-preview:large","max-video-preview":"max-video-preview:-1"},"canonical":"https:\/\/www.ipsen.com\/it\/news\/oltre-il-soffitto-di-cristallo\/","og_locale":"it_IT","og_type":"article","og_title":"Oltre il soffitto di cristallo: Il talento non ha genere, eppure le donne continuano a non essere riconosciute e pagate quanto i colleghi uomini*. Ma perch\u00e9? - Italy","og_description":"Un confronto con Maria Cristina Origlia e Alessandra Benevolo, Ipsen HR Regional Lead South Europe and MEA.","og_url":"https:\/\/www.ipsen.com\/it\/news\/oltre-il-soffitto-di-cristallo\/","og_site_name":"Italy","article_published_time":"2025-07-03T08:19:17+00:00","article_modified_time":"2025-07-03T08:22:17+00:00","og_image":[{"width":4000,"height":2250,"url":"https:\/\/www.ipsen.com\/websites\/ipsen_com_v2\/wp-content\/uploads\/sites\/9\/2025\/07\/03101214\/FOTO.jpg","type":"image\/jpeg"}],"author":"maria","twitter_card":"summary_large_image","twitter_misc":{"Written by":"maria","Est. reading time":"6 minutes"},"schema":{"@context":"https:\/\/schema.org","@graph":[{"@type":"Article","@id":"https:\/\/www.ipsen.com\/it\/news\/oltre-il-soffitto-di-cristallo\/#article","isPartOf":{"@id":"https:\/\/www.ipsen.com\/it\/news\/oltre-il-soffitto-di-cristallo\/"},"author":{"name":"maria","@id":"https:\/\/www.ipsen.com\/it\/#\/schema\/person\/eb88e6676574ab74eee628b1c5f5eeb3"},"headline":"Oltre il soffitto di cristallo: Il talento non ha genere, eppure le donne continuano a non essere riconosciute e pagate quanto i colleghi uomini*. Ma perch\u00e9?","datePublished":"2025-07-03T08:19:17+00:00","dateModified":"2025-07-03T08:22:17+00:00","mainEntityOfPage":{"@id":"https:\/\/www.ipsen.com\/it\/news\/oltre-il-soffitto-di-cristallo\/"},"wordCount":1272,"publisher":{"@id":"https:\/\/www.ipsen.com\/it\/#organization"},"image":{"@id":"https:\/\/www.ipsen.com\/it\/news\/oltre-il-soffitto-di-cristallo\/#primaryimage"},"thumbnailUrl":"https:\/\/www.ipsen.com\/it\/wp-content\/uploads\/sites\/9\/2025\/07\/FOTO.jpg","articleSection":["News"],"inLanguage":"it-IT"},{"@type":"WebPage","@id":"https:\/\/www.ipsen.com\/it\/news\/oltre-il-soffitto-di-cristallo\/","url":"https:\/\/www.ipsen.com\/it\/news\/oltre-il-soffitto-di-cristallo\/","name":"Oltre il soffitto di cristallo: Il talento non ha genere, eppure le donne continuano a non essere riconosciute e pagate quanto i colleghi uomini*. Ma perch\u00e9? - Italy","isPartOf":{"@id":"https:\/\/www.ipsen.com\/it\/#website"},"primaryImageOfPage":{"@id":"https:\/\/www.ipsen.com\/it\/news\/oltre-il-soffitto-di-cristallo\/#primaryimage"},"image":{"@id":"https:\/\/www.ipsen.com\/it\/news\/oltre-il-soffitto-di-cristallo\/#primaryimage"},"thumbnailUrl":"https:\/\/www.ipsen.com\/it\/wp-content\/uploads\/sites\/9\/2025\/07\/FOTO.jpg","datePublished":"2025-07-03T08:19:17+00:00","dateModified":"2025-07-03T08:22:17+00:00","description":"Un confronto con Maria Cristina Origlia e Alessandra Benevolo, Ipsen HR Regional Lead South Europe and MEA.","breadcrumb":{"@id":"https:\/\/www.ipsen.com\/it\/news\/oltre-il-soffitto-di-cristallo\/#breadcrumb"},"inLanguage":"it-IT","potentialAction":[{"@type":"ReadAction","target":["https:\/\/www.ipsen.com\/it\/news\/oltre-il-soffitto-di-cristallo\/"]}]},{"@type":"ImageObject","inLanguage":"it-IT","@id":"https:\/\/www.ipsen.com\/it\/news\/oltre-il-soffitto-di-cristallo\/#primaryimage","url":"https:\/\/www.ipsen.com\/it\/wp-content\/uploads\/sites\/9\/2025\/07\/FOTO.jpg","contentUrl":"https:\/\/www.ipsen.com\/it\/wp-content\/uploads\/sites\/9\/2025\/07\/FOTO.jpg","width":4000,"height":2250},{"@type":"BreadcrumbList","@id":"https:\/\/www.ipsen.com\/it\/news\/oltre-il-soffitto-di-cristallo\/#breadcrumb","itemListElement":[{"@type":"ListItem","position":1,"name":"Home","item":"https:\/\/www.ipsen.com\/it\/"},{"@type":"ListItem","position":2,"name":"Oltre il soffitto di cristallo: Il talento non ha genere, eppure le donne continuano a non essere riconosciute e pagate quanto i colleghi uomini*. Ma perch\u00e9?"}]},{"@type":"WebSite","@id":"https:\/\/www.ipsen.com\/it\/#website","url":"https:\/\/www.ipsen.com\/it\/","name":"Italy","description":"","publisher":{"@id":"https:\/\/www.ipsen.com\/it\/#organization"},"potentialAction":[{"@type":"SearchAction","target":{"@type":"EntryPoint","urlTemplate":"https:\/\/www.ipsen.com\/it\/?s={search_term_string}"},"query-input":{"@type":"PropertyValueSpecification","valueRequired":true,"valueName":"search_term_string"}}],"inLanguage":"it-IT"},{"@type":"Organization","@id":"https:\/\/www.ipsen.com\/it\/#organization","name":"Italy","url":"https:\/\/www.ipsen.com\/it\/","logo":{"@type":"ImageObject","inLanguage":"it-IT","@id":"https:\/\/www.ipsen.com\/it\/#\/schema\/logo\/image\/","url":"https:\/\/www.ipsen.com\/it\/wp-content\/uploads\/sites\/9\/2023\/12\/Logo-Ipsen.svg","contentUrl":"https:\/\/www.ipsen.com\/it\/wp-content\/uploads\/sites\/9\/2023\/12\/Logo-Ipsen.svg","caption":"Italy"},"image":{"@id":"https:\/\/www.ipsen.com\/it\/#\/schema\/logo\/image\/"}},{"@type":"Person","@id":"https:\/\/www.ipsen.com\/it\/#\/schema\/person\/eb88e6676574ab74eee628b1c5f5eeb3","name":"maria","image":{"@type":"ImageObject","inLanguage":"it-IT","@id":"https:\/\/www.ipsen.com\/it\/#\/schema\/person\/image\/","url":"https:\/\/secure.gravatar.com\/avatar\/41cdbdd38601b75ec9b156f7de5826a90c830ee67da0d279a885c072230679b2?s=96&d=mm&r=g","contentUrl":"https:\/\/secure.gravatar.com\/avatar\/41cdbdd38601b75ec9b156f7de5826a90c830ee67da0d279a885c072230679b2?s=96&d=mm&r=g","caption":"maria"},"url":"https:\/\/www.ipsen.com\/it\/author\/maria\/"}]}},"parsely":{"version":"1.1.0","canonical_url":"https:\/\/ipsen.com\/it\/news\/oltre-il-soffitto-di-cristallo\/","smart_links":{"inbound":0,"outbound":0},"traffic_boost_suggestions_count":0,"meta":{"@context":"https:\/\/schema.org","@type":"NewsArticle","headline":"Oltre il soffitto di cristallo: Il talento non ha genere, eppure le donne continuano a non essere riconosciute e pagate quanto i colleghi uomini*. Ma perch\u00e9?","url":"http:\/\/www.ipsen.com\/it\/news\/oltre-il-soffitto-di-cristallo\/","mainEntityOfPage":{"@type":"WebPage","@id":"http:\/\/www.ipsen.com\/it\/news\/oltre-il-soffitto-di-cristallo\/"},"thumbnailUrl":"https:\/\/www.ipsen.com\/it\/wp-content\/uploads\/sites\/9\/2025\/07\/FOTO.jpg?w=150&h=150&crop=1","image":{"@type":"ImageObject","url":"https:\/\/www.ipsen.com\/it\/wp-content\/uploads\/sites\/9\/2025\/07\/FOTO.jpg"},"articleSection":"News","author":[{"@type":"Person","name":"maria"}],"creator":["maria"],"publisher":{"@type":"Organization","name":"Italy","logo":""},"keywords":[],"dateCreated":"2025-07-03T08:19:17Z","datePublished":"2025-07-03T08:19:17Z","dateModified":"2025-07-03T08:22:17Z"},"rendered":"<script type=\"application\/ld+json\" class=\"wp-parsely-metadata\">{\"@context\":\"https:\\\/\\\/schema.org\",\"@type\":\"NewsArticle\",\"headline\":\"Oltre il soffitto di cristallo: Il talento non ha genere, eppure le donne continuano a non essere riconosciute e pagate quanto i colleghi uomini*. Ma perch\\u00e9?\",\"url\":\"http:\\\/\\\/www.ipsen.com\\\/it\\\/news\\\/oltre-il-soffitto-di-cristallo\\\/\",\"mainEntityOfPage\":{\"@type\":\"WebPage\",\"@id\":\"http:\\\/\\\/www.ipsen.com\\\/it\\\/news\\\/oltre-il-soffitto-di-cristallo\\\/\"},\"thumbnailUrl\":\"https:\\\/\\\/www.ipsen.com\\\/it\\\/wp-content\\\/uploads\\\/sites\\\/9\\\/2025\\\/07\\\/FOTO.jpg?w=150&h=150&crop=1\",\"image\":{\"@type\":\"ImageObject\",\"url\":\"https:\\\/\\\/www.ipsen.com\\\/it\\\/wp-content\\\/uploads\\\/sites\\\/9\\\/2025\\\/07\\\/FOTO.jpg\"},\"articleSection\":\"News\",\"author\":[{\"@type\":\"Person\",\"name\":\"maria\"}],\"creator\":[\"maria\"],\"publisher\":{\"@type\":\"Organization\",\"name\":\"Italy\",\"logo\":\"\"},\"keywords\":[],\"dateCreated\":\"2025-07-03T08:19:17Z\",\"datePublished\":\"2025-07-03T08:19:17Z\",\"dateModified\":\"2025-07-03T08:22:17Z\"}<\/script>","tracker_url":"https:\/\/cdn.parsely.com\/keys\/ipsen.com\/p.js"},"jetpack_featured_media_url":"https:\/\/www.ipsen.com\/it\/wp-content\/uploads\/sites\/9\/2025\/07\/FOTO.jpg","jetpack_sharing_enabled":true,"_links":{"self":[{"href":"https:\/\/www.ipsen.com\/it\/wp-json\/wp\/v2\/posts\/39930","targetHints":{"allow":["GET"]}}],"collection":[{"href":"https:\/\/www.ipsen.com\/it\/wp-json\/wp\/v2\/posts"}],"about":[{"href":"https:\/\/www.ipsen.com\/it\/wp-json\/wp\/v2\/types\/post"}],"author":[{"embeddable":true,"href":"https:\/\/www.ipsen.com\/it\/wp-json\/wp\/v2\/users\/43"}],"replies":[{"embeddable":true,"href":"https:\/\/www.ipsen.com\/it\/wp-json\/wp\/v2\/comments?post=39930"}],"version-history":[{"count":3,"href":"https:\/\/www.ipsen.com\/it\/wp-json\/wp\/v2\/posts\/39930\/revisions"}],"predecessor-version":[{"id":39934,"href":"https:\/\/www.ipsen.com\/it\/wp-json\/wp\/v2\/posts\/39930\/revisions\/39934"}],"wp:featuredmedia":[{"embeddable":true,"href":"https:\/\/www.ipsen.com\/it\/wp-json\/wp\/v2\/media\/39927"}],"wp:attachment":[{"href":"https:\/\/www.ipsen.com\/it\/wp-json\/wp\/v2\/media?parent=39930"}],"wp:term":[{"taxonomy":"category","embeddable":true,"href":"https:\/\/www.ipsen.com\/it\/wp-json\/wp\/v2\/categories?post=39930"},{"taxonomy":"post_tag","embeddable":true,"href":"https:\/\/www.ipsen.com\/it\/wp-json\/wp\/v2\/tags?post=39930"}],"curies":[{"name":"wp","href":"https:\/\/api.w.org\/{rel}","templated":true}]}}