{"id":1888,"date":"2026-04-03T13:35:42","date_gmt":"2026-04-03T11:35:42","guid":{"rendered":"https:\/\/www.ipsen.com\/france\/?p=1888"},"modified":"2026-04-03T14:54:33","modified_gmt":"2026-04-03T12:54:33","slug":"ipsen-devient-membre-fondateur-du-nouveau-syndicat-initiative-pharma","status":"publish","type":"post","link":"https:\/\/www.ipsen.com\/france\/ipsen-devient-membre-fondateur-du-nouveau-syndicat-initiative-pharma\/vie-dentreprise\/","title":{"rendered":"Ipsen\u00a0devient membre fondateur du\u00a0nouveau\u00a0syndicat\u00a0Initiative Pharma"},"content":{"rendered":"\n<figure class=\"wp-block-gallery has-nested-images columns-default is-cropped wp-block-gallery-1 is-layout-flex wp-block-gallery-is-layout-flex\"><\/figure>\n\n\n\n<p><strong>Ipsen&nbsp;devient membre fondateur du nouveau syndicat professionnel Initiative Pharma,&nbsp;aux c\u00f4t\u00e9s de&nbsp;six&nbsp;leaders de l\u2019industrie pharmaceutique en France &#8211;&nbsp;Guerbet, LFB, Pierre Fabre, Sanofi, Servier et Th\u00e9a. Une nouvelle voix syndicale engag\u00e9e en&nbsp;faveur de l\u2019innovation et de la production de m\u00e9dicaments en France.&nbsp;&nbsp;<\/strong><\/p>\n\n\n\n<p>Rejoint depuis par deux nouveaux membres,&nbsp;Chiesi&nbsp;France et&nbsp;Serb&nbsp;Pharmaceuticals, Initiative Pharma repr\u00e9sente plus de 36 000 emplois et plus de 4 milliards d\u2019euros investis chaque ann\u00e9e en R&amp;D en France. Initiative Pharma porte une conviction claire&nbsp;: la sant\u00e9 n\u2019est pas un co\u00fbt, c\u2019est un investissement vital pour la France.&nbsp;&nbsp;<\/p>\n\n\n\n<p>Dans un syst\u00e8me de sant\u00e9 \u00e0 bout de souffle, Initiative Pharma appelle \u00e0 un changement de cap et porte trois axes de proposition pour garantir une souverainet\u00e9 sanitaire durable en faveur des patients fran\u00e7ais\u202f:&nbsp;<\/p>\n\n\n\n<ul class=\"wp-block-list\">\n<li>Int\u00e9grer des crit\u00e8res de souverainet\u00e9 et valoriser l&#8217;investissement en France et en Europe \u00e0 chaque \u00e9tape de la d\u00e9cision publique du parcours du m\u00e9dicament&nbsp;<\/li>\n<\/ul>\n\n\n\n<ul class=\"wp-block-list\">\n<li>Cr\u00e9er une enveloppe budg\u00e9taire nationale d\u00e9di\u00e9e \u00e0 l\u2019innovation et \u00e0 la&nbsp;souverainet\u00e9 sanitaire&nbsp;&nbsp;<\/li>\n<\/ul>\n\n\n\n<ul class=\"wp-block-list\">\n<li>Instaurer une loi de programmation en sant\u00e9 pour l\u2019innovation et la souverainet\u00e9 sanitaire&nbsp;&nbsp;<\/li>\n<\/ul>\n\n\n\n<p>Pour plus d\u2019informations, consultez le site internet\u202f:&nbsp;<a href=\"http:\/\/www.initiativepharma.fr\/\" target=\"_blank\" rel=\"noreferrer noopener\">www.initiativepharma.fr<\/a>&nbsp;<\/p>\n\n\n\n<p><\/p>\n\n\n\n<p><\/p>\n\n\n\n<p><\/p>\n\n\n\n<!--Alert Card Layout Start Here-->\n<section class=\"alertcard-section\">\n      <div class=\"container\">\n        <!--Alert Box HTML Start Here-->\n        <div class=\"alert-box general-box\">\n                    <div class=\"info-icon\">\n              <span class=\"info-circle\"><img decoding=\"async\" src=\"https:\/\/www.ipsen.com\/france\/wp-content\/themes\/ipsen-main\/dist\/images\/alert-info-icon.png\" alt=\"Alert\"\/><\/i>\n            <\/div>\n                    <div class=\"info-contents\">\n          <h4 role=\"heading\" aria-level=\"2\" class=\"info-head heading-four heading-four\"><\/h4>\n            <p class=\"info-sub-head-para visible heading-para\"><\/p>\n            <div class=\"alert-content visible\"><p>ALLSC-FR-003754 &#8211; Avril 2026<\/p>\n<\/div>\n          <\/div>\n        <\/div>\n        <!--Alert Box HTML Start Here-->\n      <\/div>\n    <\/section>\n<!--Alert Card Layout End Here-->\n","protected":false},"excerpt":{"rendered":"<p>Ipsen&nbsp;devient membre fondateur du nouveau syndicat professionnel Initiative Pharma,&nbsp;aux c\u00f4t\u00e9s de&nbsp;six&nbsp;leaders de l\u2019industrie pharmaceutique en France &#8211;&nbsp;Guerbet, LFB, Pierre Fabre,<\/p>\n","protected":false},"author":124,"featured_media":1929,"comment_status":"open","ping_status":"open","sticky":false,"template":"","format":"standard","meta":{"_acf_changed":false,"_jetpack_memberships_contains_paid_content":false,"footnotes":""},"categories":[34],"tags":[],"class_list":["post-1888","post","type-post","status-publish","format-standard","has-post-thumbnail","hentry","category-vie-dentreprise","entry"],"acf":[],"yoast_head":"<!-- This site is optimized with the Yoast SEO plugin v26.8 - https:\/\/yoast.com\/product\/yoast-seo-wordpress\/ -->\n<title>Ipsen\u00a0devient membre fondateur du\u00a0nouveau\u00a0syndicat\u00a0Initiative Pharma - France<\/title>\n<meta name=\"robots\" content=\"index, follow, max-snippet:-1, max-image-preview:large, max-video-preview:-1\" \/>\n<link rel=\"canonical\" href=\"https:\/\/www.ipsen.com\/france\/ipsen-devient-membre-fondateur-du-nouveau-syndicat-initiative-pharma\/vie-dentreprise\/\" \/>\n<meta property=\"og:locale\" content=\"fr_FR\" \/>\n<meta property=\"og:type\" content=\"article\" \/>\n<meta property=\"og:title\" content=\"Ipsen\u00a0devient membre fondateur du\u00a0nouveau\u00a0syndicat\u00a0Initiative Pharma - France\" \/>\n<meta property=\"og:description\" content=\"Ipsen&nbsp;devient membre fondateur du nouveau syndicat professionnel Initiative Pharma,&nbsp;aux c\u00f4t\u00e9s de&nbsp;six&nbsp;leaders de l\u2019industrie pharmaceutique en France &#8211;&nbsp;Guerbet, LFB, Pierre Fabre,\" \/>\n<meta property=\"og:url\" content=\"https:\/\/www.ipsen.com\/france\/ipsen-devient-membre-fondateur-du-nouveau-syndicat-initiative-pharma\/vie-dentreprise\/\" \/>\n<meta property=\"og:site_name\" content=\"France\" \/>\n<meta property=\"article:published_time\" content=\"2026-04-03T11:35:42+00:00\" \/>\n<meta property=\"article:modified_time\" content=\"2026-04-03T12:54:33+00:00\" \/>\n<meta property=\"og:image\" content=\"https:\/\/www.ipsen.com\/france\/wp-content\/uploads\/sites\/15\/2026\/04\/Initiative-Pharma-Web-L1004158-1.jpg\" \/>\n\t<meta property=\"og:image:width\" content=\"800\" \/>\n\t<meta property=\"og:image:height\" content=\"531\" \/>\n\t<meta property=\"og:image:type\" content=\"image\/jpeg\" \/>\n<meta name=\"author\" content=\"amelle\" \/>\n<meta name=\"twitter:card\" content=\"summary_large_image\" \/>\n<meta name=\"twitter:label1\" content=\"Written by\" \/>\n\t<meta name=\"twitter:data1\" content=\"amelle\" \/>\n\t<meta name=\"twitter:label2\" content=\"Est. reading time\" \/>\n\t<meta name=\"twitter:data2\" content=\"2 minutes\" \/>\n<script type=\"application\/ld+json\" class=\"yoast-schema-graph\">{\"@context\":\"https:\/\/schema.org\",\"@graph\":[{\"@type\":\"Article\",\"@id\":\"https:\/\/www.ipsen.com\/france\/ipsen-devient-membre-fondateur-du-nouveau-syndicat-initiative-pharma\/vie-dentreprise\/#article\",\"isPartOf\":{\"@id\":\"https:\/\/www.ipsen.com\/france\/ipsen-devient-membre-fondateur-du-nouveau-syndicat-initiative-pharma\/vie-dentreprise\/\"},\"author\":{\"name\":\"amelle\",\"@id\":\"https:\/\/www.ipsen.com\/france\/#\/schema\/person\/6b8c89c757f44ac541ee1a27c754fb5a\"},\"headline\":\"Ipsen\u00a0devient membre fondateur du\u00a0nouveau\u00a0syndicat\u00a0Initiative Pharma\",\"datePublished\":\"2026-04-03T11:35:42+00:00\",\"dateModified\":\"2026-04-03T12:54:33+00:00\",\"mainEntityOfPage\":{\"@id\":\"https:\/\/www.ipsen.com\/france\/ipsen-devient-membre-fondateur-du-nouveau-syndicat-initiative-pharma\/vie-dentreprise\/\"},\"wordCount\":245,\"commentCount\":0,\"publisher\":{\"@id\":\"https:\/\/www.ipsen.com\/france\/#organization\"},\"image\":{\"@id\":\"https:\/\/www.ipsen.com\/france\/ipsen-devient-membre-fondateur-du-nouveau-syndicat-initiative-pharma\/vie-dentreprise\/#primaryimage\"},\"thumbnailUrl\":\"https:\/\/www.ipsen.com\/france\/wp-content\/uploads\/sites\/15\/2026\/04\/Initiative-Pharma-Web-L1004158-1.jpg\",\"articleSection\":[\"Vie d'entreprise\"],\"inLanguage\":\"fr-FR\",\"potentialAction\":[{\"@type\":\"CommentAction\",\"name\":\"Comment\",\"target\":[\"https:\/\/www.ipsen.com\/france\/ipsen-devient-membre-fondateur-du-nouveau-syndicat-initiative-pharma\/vie-dentreprise\/#respond\"]}]},{\"@type\":\"WebPage\",\"@id\":\"https:\/\/www.ipsen.com\/france\/ipsen-devient-membre-fondateur-du-nouveau-syndicat-initiative-pharma\/vie-dentreprise\/\",\"url\":\"https:\/\/www.ipsen.com\/france\/ipsen-devient-membre-fondateur-du-nouveau-syndicat-initiative-pharma\/vie-dentreprise\/\",\"name\":\"Ipsen\u00a0devient membre fondateur du\u00a0nouveau\u00a0syndicat\u00a0Initiative Pharma - France\",\"isPartOf\":{\"@id\":\"https:\/\/www.ipsen.com\/france\/#website\"},\"primaryImageOfPage\":{\"@id\":\"https:\/\/www.ipsen.com\/france\/ipsen-devient-membre-fondateur-du-nouveau-syndicat-initiative-pharma\/vie-dentreprise\/#primaryimage\"},\"image\":{\"@id\":\"https:\/\/www.ipsen.com\/france\/ipsen-devient-membre-fondateur-du-nouveau-syndicat-initiative-pharma\/vie-dentreprise\/#primaryimage\"},\"thumbnailUrl\":\"https:\/\/www.ipsen.com\/france\/wp-content\/uploads\/sites\/15\/2026\/04\/Initiative-Pharma-Web-L1004158-1.jpg\",\"datePublished\":\"2026-04-03T11:35:42+00:00\",\"dateModified\":\"2026-04-03T12:54:33+00:00\",\"breadcrumb\":{\"@id\":\"https:\/\/www.ipsen.com\/france\/ipsen-devient-membre-fondateur-du-nouveau-syndicat-initiative-pharma\/vie-dentreprise\/#breadcrumb\"},\"inLanguage\":\"fr-FR\",\"potentialAction\":[{\"@type\":\"ReadAction\",\"target\":[\"https:\/\/www.ipsen.com\/france\/ipsen-devient-membre-fondateur-du-nouveau-syndicat-initiative-pharma\/vie-dentreprise\/\"]}]},{\"@type\":\"ImageObject\",\"inLanguage\":\"fr-FR\",\"@id\":\"https:\/\/www.ipsen.com\/france\/ipsen-devient-membre-fondateur-du-nouveau-syndicat-initiative-pharma\/vie-dentreprise\/#primaryimage\",\"url\":\"https:\/\/www.ipsen.com\/france\/wp-content\/uploads\/sites\/15\/2026\/04\/Initiative-Pharma-Web-L1004158-1.jpg\",\"contentUrl\":\"https:\/\/www.ipsen.com\/france\/wp-content\/uploads\/sites\/15\/2026\/04\/Initiative-Pharma-Web-L1004158-1.jpg\",\"width\":800,\"height\":531},{\"@type\":\"BreadcrumbList\",\"@id\":\"https:\/\/www.ipsen.com\/france\/ipsen-devient-membre-fondateur-du-nouveau-syndicat-initiative-pharma\/vie-dentreprise\/#breadcrumb\",\"itemListElement\":[{\"@type\":\"ListItem\",\"position\":1,\"name\":\"Home\",\"item\":\"https:\/\/www.ipsen.com\/france\/\"},{\"@type\":\"ListItem\",\"position\":2,\"name\":\"Ipsen\u00a0devient membre fondateur du\u00a0nouveau\u00a0syndicat\u00a0Initiative Pharma\"}]},{\"@type\":\"WebSite\",\"@id\":\"https:\/\/www.ipsen.com\/france\/#website\",\"url\":\"https:\/\/www.ipsen.com\/france\/\",\"name\":\"France\",\"description\":\"\",\"publisher\":{\"@id\":\"https:\/\/www.ipsen.com\/france\/#organization\"},\"potentialAction\":[{\"@type\":\"SearchAction\",\"target\":{\"@type\":\"EntryPoint\",\"urlTemplate\":\"https:\/\/www.ipsen.com\/france\/?s={search_term_string}\"},\"query-input\":{\"@type\":\"PropertyValueSpecification\",\"valueRequired\":true,\"valueName\":\"search_term_string\"}}],\"inLanguage\":\"fr-FR\"},{\"@type\":\"Organization\",\"@id\":\"https:\/\/www.ipsen.com\/france\/#organization\",\"name\":\"France\",\"url\":\"https:\/\/www.ipsen.com\/france\/\",\"logo\":{\"@type\":\"ImageObject\",\"inLanguage\":\"fr-FR\",\"@id\":\"https:\/\/www.ipsen.com\/france\/#\/schema\/logo\/image\/\",\"url\":\"https:\/\/www.ipsen.com\/france\/wp-content\/uploads\/sites\/15\/2024\/03\/Logo-Ipsen.svg\",\"contentUrl\":\"https:\/\/www.ipsen.com\/france\/wp-content\/uploads\/sites\/15\/2024\/03\/Logo-Ipsen.svg\",\"caption\":\"France\"},\"image\":{\"@id\":\"https:\/\/www.ipsen.com\/france\/#\/schema\/logo\/image\/\"}},{\"@type\":\"Person\",\"@id\":\"https:\/\/www.ipsen.com\/france\/#\/schema\/person\/6b8c89c757f44ac541ee1a27c754fb5a\",\"name\":\"amelle\",\"image\":{\"@type\":\"ImageObject\",\"inLanguage\":\"fr-FR\",\"@id\":\"https:\/\/www.ipsen.com\/france\/#\/schema\/person\/image\/\",\"url\":\"https:\/\/secure.gravatar.com\/avatar\/e5b10c1d98dddeac144c37fdfc0b89f7c987698eca2874cde6787dd190506e10?s=96&d=mm&r=g\",\"contentUrl\":\"https:\/\/secure.gravatar.com\/avatar\/e5b10c1d98dddeac144c37fdfc0b89f7c987698eca2874cde6787dd190506e10?s=96&d=mm&r=g\",\"caption\":\"amelle\"},\"url\":\"https:\/\/www.ipsen.com\/france\/author\/amelle\/\"}]}<\/script>\n<!-- \/ Yoast SEO plugin. -->","yoast_head_json":{"title":"Ipsen\u00a0devient membre fondateur du\u00a0nouveau\u00a0syndicat\u00a0Initiative Pharma - France","robots":{"index":"index","follow":"follow","max-snippet":"max-snippet:-1","max-image-preview":"max-image-preview:large","max-video-preview":"max-video-preview:-1"},"canonical":"https:\/\/www.ipsen.com\/france\/ipsen-devient-membre-fondateur-du-nouveau-syndicat-initiative-pharma\/vie-dentreprise\/","og_locale":"fr_FR","og_type":"article","og_title":"Ipsen\u00a0devient membre fondateur du\u00a0nouveau\u00a0syndicat\u00a0Initiative Pharma - France","og_description":"Ipsen&nbsp;devient membre fondateur du nouveau syndicat professionnel Initiative Pharma,&nbsp;aux c\u00f4t\u00e9s de&nbsp;six&nbsp;leaders de l\u2019industrie pharmaceutique en France &#8211;&nbsp;Guerbet, LFB, Pierre Fabre,","og_url":"https:\/\/www.ipsen.com\/france\/ipsen-devient-membre-fondateur-du-nouveau-syndicat-initiative-pharma\/vie-dentreprise\/","og_site_name":"France","article_published_time":"2026-04-03T11:35:42+00:00","article_modified_time":"2026-04-03T12:54:33+00:00","og_image":[{"width":800,"height":531,"url":"https:\/\/www.ipsen.com\/france\/wp-content\/uploads\/sites\/15\/2026\/04\/Initiative-Pharma-Web-L1004158-1.jpg","type":"image\/jpeg"}],"author":"amelle","twitter_card":"summary_large_image","twitter_misc":{"Written by":"amelle","Est. reading time":"2 minutes"},"schema":{"@context":"https:\/\/schema.org","@graph":[{"@type":"Article","@id":"https:\/\/www.ipsen.com\/france\/ipsen-devient-membre-fondateur-du-nouveau-syndicat-initiative-pharma\/vie-dentreprise\/#article","isPartOf":{"@id":"https:\/\/www.ipsen.com\/france\/ipsen-devient-membre-fondateur-du-nouveau-syndicat-initiative-pharma\/vie-dentreprise\/"},"author":{"name":"amelle","@id":"https:\/\/www.ipsen.com\/france\/#\/schema\/person\/6b8c89c757f44ac541ee1a27c754fb5a"},"headline":"Ipsen\u00a0devient membre fondateur du\u00a0nouveau\u00a0syndicat\u00a0Initiative Pharma","datePublished":"2026-04-03T11:35:42+00:00","dateModified":"2026-04-03T12:54:33+00:00","mainEntityOfPage":{"@id":"https:\/\/www.ipsen.com\/france\/ipsen-devient-membre-fondateur-du-nouveau-syndicat-initiative-pharma\/vie-dentreprise\/"},"wordCount":245,"commentCount":0,"publisher":{"@id":"https:\/\/www.ipsen.com\/france\/#organization"},"image":{"@id":"https:\/\/www.ipsen.com\/france\/ipsen-devient-membre-fondateur-du-nouveau-syndicat-initiative-pharma\/vie-dentreprise\/#primaryimage"},"thumbnailUrl":"https:\/\/www.ipsen.com\/france\/wp-content\/uploads\/sites\/15\/2026\/04\/Initiative-Pharma-Web-L1004158-1.jpg","articleSection":["Vie d'entreprise"],"inLanguage":"fr-FR","potentialAction":[{"@type":"CommentAction","name":"Comment","target":["https:\/\/www.ipsen.com\/france\/ipsen-devient-membre-fondateur-du-nouveau-syndicat-initiative-pharma\/vie-dentreprise\/#respond"]}]},{"@type":"WebPage","@id":"https:\/\/www.ipsen.com\/france\/ipsen-devient-membre-fondateur-du-nouveau-syndicat-initiative-pharma\/vie-dentreprise\/","url":"https:\/\/www.ipsen.com\/france\/ipsen-devient-membre-fondateur-du-nouveau-syndicat-initiative-pharma\/vie-dentreprise\/","name":"Ipsen\u00a0devient membre fondateur du\u00a0nouveau\u00a0syndicat\u00a0Initiative Pharma - France","isPartOf":{"@id":"https:\/\/www.ipsen.com\/france\/#website"},"primaryImageOfPage":{"@id":"https:\/\/www.ipsen.com\/france\/ipsen-devient-membre-fondateur-du-nouveau-syndicat-initiative-pharma\/vie-dentreprise\/#primaryimage"},"image":{"@id":"https:\/\/www.ipsen.com\/france\/ipsen-devient-membre-fondateur-du-nouveau-syndicat-initiative-pharma\/vie-dentreprise\/#primaryimage"},"thumbnailUrl":"https:\/\/www.ipsen.com\/france\/wp-content\/uploads\/sites\/15\/2026\/04\/Initiative-Pharma-Web-L1004158-1.jpg","datePublished":"2026-04-03T11:35:42+00:00","dateModified":"2026-04-03T12:54:33+00:00","breadcrumb":{"@id":"https:\/\/www.ipsen.com\/france\/ipsen-devient-membre-fondateur-du-nouveau-syndicat-initiative-pharma\/vie-dentreprise\/#breadcrumb"},"inLanguage":"fr-FR","potentialAction":[{"@type":"ReadAction","target":["https:\/\/www.ipsen.com\/france\/ipsen-devient-membre-fondateur-du-nouveau-syndicat-initiative-pharma\/vie-dentreprise\/"]}]},{"@type":"ImageObject","inLanguage":"fr-FR","@id":"https:\/\/www.ipsen.com\/france\/ipsen-devient-membre-fondateur-du-nouveau-syndicat-initiative-pharma\/vie-dentreprise\/#primaryimage","url":"https:\/\/www.ipsen.com\/france\/wp-content\/uploads\/sites\/15\/2026\/04\/Initiative-Pharma-Web-L1004158-1.jpg","contentUrl":"https:\/\/www.ipsen.com\/france\/wp-content\/uploads\/sites\/15\/2026\/04\/Initiative-Pharma-Web-L1004158-1.jpg","width":800,"height":531},{"@type":"BreadcrumbList","@id":"https:\/\/www.ipsen.com\/france\/ipsen-devient-membre-fondateur-du-nouveau-syndicat-initiative-pharma\/vie-dentreprise\/#breadcrumb","itemListElement":[{"@type":"ListItem","position":1,"name":"Home","item":"https:\/\/www.ipsen.com\/france\/"},{"@type":"ListItem","position":2,"name":"Ipsen\u00a0devient membre fondateur du\u00a0nouveau\u00a0syndicat\u00a0Initiative Pharma"}]},{"@type":"WebSite","@id":"https:\/\/www.ipsen.com\/france\/#website","url":"https:\/\/www.ipsen.com\/france\/","name":"France","description":"","publisher":{"@id":"https:\/\/www.ipsen.com\/france\/#organization"},"potentialAction":[{"@type":"SearchAction","target":{"@type":"EntryPoint","urlTemplate":"https:\/\/www.ipsen.com\/france\/?s={search_term_string}"},"query-input":{"@type":"PropertyValueSpecification","valueRequired":true,"valueName":"search_term_string"}}],"inLanguage":"fr-FR"},{"@type":"Organization","@id":"https:\/\/www.ipsen.com\/france\/#organization","name":"France","url":"https:\/\/www.ipsen.com\/france\/","logo":{"@type":"ImageObject","inLanguage":"fr-FR","@id":"https:\/\/www.ipsen.com\/france\/#\/schema\/logo\/image\/","url":"https:\/\/www.ipsen.com\/france\/wp-content\/uploads\/sites\/15\/2024\/03\/Logo-Ipsen.svg","contentUrl":"https:\/\/www.ipsen.com\/france\/wp-content\/uploads\/sites\/15\/2024\/03\/Logo-Ipsen.svg","caption":"France"},"image":{"@id":"https:\/\/www.ipsen.com\/france\/#\/schema\/logo\/image\/"}},{"@type":"Person","@id":"https:\/\/www.ipsen.com\/france\/#\/schema\/person\/6b8c89c757f44ac541ee1a27c754fb5a","name":"amelle","image":{"@type":"ImageObject","inLanguage":"fr-FR","@id":"https:\/\/www.ipsen.com\/france\/#\/schema\/person\/image\/","url":"https:\/\/secure.gravatar.com\/avatar\/e5b10c1d98dddeac144c37fdfc0b89f7c987698eca2874cde6787dd190506e10?s=96&d=mm&r=g","contentUrl":"https:\/\/secure.gravatar.com\/avatar\/e5b10c1d98dddeac144c37fdfc0b89f7c987698eca2874cde6787dd190506e10?s=96&d=mm&r=g","caption":"amelle"},"url":"https:\/\/www.ipsen.com\/france\/author\/amelle\/"}]}},"parsely":{"version":"1.1.0","canonical_url":"http:\/\/ipsen.com\/france\/ipsen-devient-membre-fondateur-du-nouveau-syndicat-initiative-pharma\/vie-dentreprise\/","smart_links":{"inbound":0,"outbound":0},"traffic_boost_suggestions_count":0,"meta":{"@context":"https:\/\/schema.org","@type":"NewsArticle","headline":"Ipsen\u00a0devient membre fondateur du\u00a0nouveau\u00a0syndicat\u00a0Initiative Pharma","url":"http:\/\/www.ipsen.com\/france\/ipsen-devient-membre-fondateur-du-nouveau-syndicat-initiative-pharma\/vie-dentreprise\/","mainEntityOfPage":{"@type":"WebPage","@id":"http:\/\/www.ipsen.com\/france\/ipsen-devient-membre-fondateur-du-nouveau-syndicat-initiative-pharma\/vie-dentreprise\/"},"thumbnailUrl":"https:\/\/www.ipsen.com\/france\/wp-content\/uploads\/sites\/15\/2026\/04\/Initiative-Pharma-Web-L1004158-1.jpg?w=150&h=150&crop=1","image":{"@type":"ImageObject","url":"https:\/\/www.ipsen.com\/france\/wp-content\/uploads\/sites\/15\/2026\/04\/Initiative-Pharma-Web-L1004158-1.jpg"},"articleSection":"Vie d'entreprise","author":[{"@type":"Person","name":"amelle"}],"creator":["amelle"],"publisher":{"@type":"Organization","name":"France","logo":""},"keywords":[],"dateCreated":"2026-04-03T11:35:42Z","datePublished":"2026-04-03T11:35:42Z","dateModified":"2026-04-03T12:54:33Z"},"rendered":"<script type=\"application\/ld+json\" class=\"wp-parsely-metadata\">{\"@context\":\"https:\\\/\\\/schema.org\",\"@type\":\"NewsArticle\",\"headline\":\"Ipsen\\u00a0devient membre fondateur du\\u00a0nouveau\\u00a0syndicat\\u00a0Initiative Pharma\",\"url\":\"http:\\\/\\\/www.ipsen.com\\\/france\\\/ipsen-devient-membre-fondateur-du-nouveau-syndicat-initiative-pharma\\\/vie-dentreprise\\\/\",\"mainEntityOfPage\":{\"@type\":\"WebPage\",\"@id\":\"http:\\\/\\\/www.ipsen.com\\\/france\\\/ipsen-devient-membre-fondateur-du-nouveau-syndicat-initiative-pharma\\\/vie-dentreprise\\\/\"},\"thumbnailUrl\":\"https:\\\/\\\/www.ipsen.com\\\/france\\\/wp-content\\\/uploads\\\/sites\\\/15\\\/2026\\\/04\\\/Initiative-Pharma-Web-L1004158-1.jpg?w=150&h=150&crop=1\",\"image\":{\"@type\":\"ImageObject\",\"url\":\"https:\\\/\\\/www.ipsen.com\\\/france\\\/wp-content\\\/uploads\\\/sites\\\/15\\\/2026\\\/04\\\/Initiative-Pharma-Web-L1004158-1.jpg\"},\"articleSection\":\"Vie d'entreprise\",\"author\":[{\"@type\":\"Person\",\"name\":\"amelle\"}],\"creator\":[\"amelle\"],\"publisher\":{\"@type\":\"Organization\",\"name\":\"France\",\"logo\":\"\"},\"keywords\":[],\"dateCreated\":\"2026-04-03T11:35:42Z\",\"datePublished\":\"2026-04-03T11:35:42Z\",\"dateModified\":\"2026-04-03T12:54:33Z\"}<\/script>","tracker_url":"https:\/\/cdn.parsely.com\/keys\/ipsen.com\/p.js"},"jetpack_featured_media_url":"https:\/\/www.ipsen.com\/france\/wp-content\/uploads\/sites\/15\/2026\/04\/Initiative-Pharma-Web-L1004158-1.jpg","jetpack_sharing_enabled":true,"_links":{"self":[{"href":"https:\/\/www.ipsen.com\/france\/wp-json\/wp\/v2\/posts\/1888","targetHints":{"allow":["GET"]}}],"collection":[{"href":"https:\/\/www.ipsen.com\/france\/wp-json\/wp\/v2\/posts"}],"about":[{"href":"https:\/\/www.ipsen.com\/france\/wp-json\/wp\/v2\/types\/post"}],"author":[{"embeddable":true,"href":"https:\/\/www.ipsen.com\/france\/wp-json\/wp\/v2\/users\/124"}],"replies":[{"embeddable":true,"href":"https:\/\/www.ipsen.com\/france\/wp-json\/wp\/v2\/comments?post=1888"}],"version-history":[{"count":10,"href":"https:\/\/www.ipsen.com\/france\/wp-json\/wp\/v2\/posts\/1888\/revisions"}],"predecessor-version":[{"id":1933,"href":"https:\/\/www.ipsen.com\/france\/wp-json\/wp\/v2\/posts\/1888\/revisions\/1933"}],"wp:featuredmedia":[{"embeddable":true,"href":"https:\/\/www.ipsen.com\/france\/wp-json\/wp\/v2\/media\/1929"}],"wp:attachment":[{"href":"https:\/\/www.ipsen.com\/france\/wp-json\/wp\/v2\/media?parent=1888"}],"wp:term":[{"taxonomy":"category","embeddable":true,"href":"https:\/\/www.ipsen.com\/france\/wp-json\/wp\/v2\/categories?post=1888"},{"taxonomy":"post_tag","embeddable":true,"href":"https:\/\/www.ipsen.com\/france\/wp-json\/wp\/v2\/tags?post=1888"}],"curies":[{"name":"wp","href":"https:\/\/api.w.org\/{rel}","templated":true}]}}