{"id":1322,"date":"2025-03-25T09:34:41","date_gmt":"2025-03-25T07:34:41","guid":{"rendered":"https:\/\/www.ipsen.com\/france\/?p=1322"},"modified":"2025-07-01T14:48:19","modified_gmt":"2025-07-01T12:48:19","slug":"ipsen-nomme-dominique-bery-au-poste-de-directrice-generale-france","status":"publish","type":"post","link":"https:\/\/www.ipsen.com\/france\/ipsen-nomme-dominique-bery-au-poste-de-directrice-generale-france\/communique-de-presse\/","title":{"rendered":"Ipsen\u00a0nomme Dominique Bery au poste de Directrice G\u00e9n\u00e9rale France"},"content":{"rendered":"\n<p class=\"has-white-color has-text-color has-link-color wp-elements-7e4ac651328708ea719ac0894fa30934\">.<\/p>\n\n\n\n<p><a><strong>PARIS, FRANCE, 25 mars 2025 <\/strong><\/a><strong>&#8211; <\/strong>Ipsen (Euronext : IPN ; ADR : IPSEY), groupe biopharmaceutique mondial de sp\u00e9cialit\u00e9, a annonc\u00e9 aujourd&#8217;hui la nomination de Dominique Bery au poste de Directrice G\u00e9n\u00e9rale France, \u00e0 compter du 1<sup>er<\/sup> avril 2025.<\/p>\n\n\n\n<p>Dans le cadre de ses responsabilit\u00e9s, Dominique Bery s\u2019assurera de la croissance des activit\u00e9s d\u2019Ipsen en France, dans un contexte d\u2019\u00e9ch\u00e9ances majeures en termes d\u2019acc\u00e8s aux traitements innovants de l\u2019entreprise, et de concurrence accrue.<\/p>\n\n\n\n<p>&nbsp;<em>\u00ab&nbsp;Ma priorit\u00e9 sera de contribuer \u00e0 acc\u00e9l\u00e9rer l\u2019acc\u00e8s aux th\u00e9rapies innovantes d\u2019Ipsen pour les patients atteints de maladies rares. Je souhaite \u00e9galement m\u2019investir pour que la France soit reconnue comme un \u00e9cosyst\u00e8me d\u2019innovation fertile, o\u00f9 l\u2019ensemble des acteurs est soutenu et la valeur de l\u2019innovation reconnue \u00bb<\/em>, souligne-t-elle.<\/p>\n\n\n\n<p>La France est au c\u0153ur du d\u00e9veloppement d\u2019Ipsen depuis la cr\u00e9ation du Groupe \u00e0 Dreux (Eure-et-Loir) en 1929. L\u2019entreprise, bient\u00f4t centenaire, est solidement implant\u00e9e sur le territoire fran\u00e7ais avec son si\u00e8ge social mondial et sa filiale commerciale \u00e0 Paris, son site de d\u00e9veloppement pharmaceutique et R&amp;D \u00e0 Dreux et son site de production \u00e0 Signes (Var). La France repr\u00e9sente 50% des d\u00e9penses de R&amp;D, 30% des pr\u00e8s de 6000 collaborateurs, et pr\u00e8s de 60% de la production (en valeur) d\u2019Ipsen. &nbsp;<\/p>\n\n\n\n<p>Dominique Bery poursuivra l\u2019engagement fort d\u2019Ipsen en mati\u00e8re de \u00ab&nbsp;made in France&nbsp;\u00bb, que ce soit \u00e0 travers ses activit\u00e9s de R&amp;D, de production ou \u00e0 travers son soutien \u00e0 l\u2019innovation et aux biotechs fran\u00e7aises. Ce soutien s\u2019est acc\u00e9l\u00e9r\u00e9 ces derni\u00e8res ann\u00e9es avec notamment les partenariats nou\u00e9s avec GenfitT (Lille), AGV Discovery (Montpellier), et Biomunex (Paris).<\/p>\n\n\n\n<p>Depuis mars 2022, Dominique Bery dirigeait les activit\u00e9s de la r\u00e9gion Pays nordiques et baltes. Depuis septembre 2023, elle \u00e9tait \u00e9galement \u00e0 la t\u00eate de la r\u00e9gion Europe du Nord et Europe Centrale. Elle \u00e9tait auparavant Vice-Pr\u00e9sidente ex\u00e9cutive, en charge de la Strat\u00e9gie et de la Transformation, et membre de la direction ex\u00e9cutive du Groupe.<\/p>\n\n\n\n<p>Avant de rejoindre Ipsen, Dominique Bery \u00e9tait directrice associ\u00e9e au sein de McKinsey &amp; Company, o\u00f9 elle s\u2019\u00e9tait sp\u00e9cialis\u00e9e dans le secteur de la sant\u00e9. Elle est dipl\u00f4m\u00e9e de l\u2019ESSEC et d\u00e9tient un Master of Business Administration (MBA) de la Harvard Business School.<\/p>\n\n\n\n<p>Dominique Bery succ\u00e8de dans ce poste \u00e0 Philippe de Pougnadoresse qui est nomm\u00e9 Directeur de la R\u00e9gion Moyen-Orient, Afrique, Maghreb. Elle sera rattach\u00e9e \u00e0 Mari Scheiffele, Vice-Pr\u00e9sidente ex\u00e9cutive, Pr\u00e9sidente de l\u2019International et membre de la direction ex\u00e9cutive du Groupe. <\/p>\n\n\n\n<p><em>\u00ab&nbsp;L\u2019expertise strat\u00e9gique et commerciale de Dominique est un atout incontestable dans le cadre de ses nouvelles fonctions. Je tiens \u00e0 la f\u00e9liciter&nbsp;pour son leadership et son engagement sans faille au service d\u2019Ipsen et je lui souhaite tout le meilleur dans ce nouveau poste \u00bb, a soulign\u00e9 Mari Scheiffele<\/em>, <em>Vice-Pr\u00e9sidente ex\u00e9cutive, Pr\u00e9sidente de l\u2019International.<\/em><\/p>\n\n\n\n<p><\/p>\n\n\n\n<p><strong>A propos d\u2019Ipsen <\/strong><strong><\/strong><\/p>\n\n\n\n<p>Nous sommes un groupe biopharmaceutique mondial focalis\u00e9 sur la mise au point de m\u00e9dicaments innovants pour les patients dans trois domaines th\u00e9rapeutiques : l&#8217;Oncologie, les Maladies Rares et les Neurosciences.<\/p>\n\n\n\n<p>Notre portefeuille de produits en R&amp;D s&#8217;appuie sur l&#8217;innovation externe et sur pr\u00e8s de 100 ans d&#8217;exp\u00e9rience de d\u00e9veloppement au sein de hubs mondiaux aux \u00c9tats-Unis, en France et au Royaume-Uni. Nos \u00e9quipes, pr\u00e9sentes dans plus de 40 pays, et nos partenariats \u00e0 travers le monde nous permettent de proposer nos m\u00e9dicaments aux patients dans plus de 80 pays. Ipsen est cot\u00e9 \u00e0 Paris (Euronext : IPN) et aux Etats-Unis \u00e0 travers un programme d\u2019American Depositary Receipt (ADR : IPSEY) sponsoris\u00e9 de niveau I. Pour plus d&#8217;informations, consultez ipsen.com<\/p>\n\n\n\n<p><strong>Ipsen contacts <\/strong><strong><\/strong><\/p>\n\n\n\n<p><strong>Investisseurs<\/strong><\/p>\n\n\n\n<ul class=\"wp-block-list\">\n<li>Alina LEVCHUK &nbsp;| + 41 79 572 8712 | alina.levchuk@ipsen.com  <\/li>\n\n\n\n<li><a>Nicolas BOGLER | + 33 6 52 19 98 92 | nicolas.bogler@ipsen.com<\/a> <\/li>\n<\/ul>\n\n\n\n<p><strong>M\u00e9dias<\/strong><\/p>\n\n\n\n<ul class=\"wp-block-list\">\n<li>V\u00e9ronique DELVOLVE | +  33 7 63 45 11 97 | veronique.delvolve@ipsen.com<\/li>\n\n\n\n<li>Anne LIONTAS | + 33 7 67 34 72 96 | anne.liontas.ext@ipsen.com<\/li>\n<\/ul>\n\n\n\n<p><strong>Avertissements et\/ou d\u00e9clarations prospectives<\/strong><\/p>\n\n\n\n<p>Les d\u00e9clarations prospectives et les objectifs contenus dans ce communiqu\u00e9 sont bas\u00e9s sur la strat\u00e9gie et les hypoth\u00e8ses actuelles de la Direction d\u2019Ipsen. Ces d\u00e9clarations et objectifs d\u00e9pendent de risques et d\u2019incertitudes connus ou non qui peuvent entra\u00eener une divergence significative entre les r\u00e9sultats, performances ou \u00e9v\u00e9nements effectifs et ceux envisag\u00e9s dans ce communiqu\u00e9 de tels risques et impr\u00e9vus pourraient affecter la capacit\u00e9 d\u2019Ipsen \u00e0 atteindre ses objectifs financiers, lesquels reposent sur des hypoth\u00e8ses raisonnables quant aux conditions macro\u00e9conomiques \u00e0 venir formul\u00e9es d\u2019apr\u00e8s les informations disponibles \u00e0 ce jour. L\u2019utilisation des termes \u00ab croit \u00bb, \u00ab envisage \u00bb et \u00ab pr\u00e9voit \u00bb ou d\u2019expressions similaires a pour but d\u2019identifier des \u00e9nonc\u00e9s prospectifs, notamment les attentes d\u2019Ipsen quant \u00e0 des \u00e9v\u00e9nements futurs tels que les soumissions et d\u00e9cisions r\u00e9glementaires. De plus, les objectifs mentionn\u00e9s dans ce document sont \u00e9tablis sans tenir compte d\u2019\u00e9ventuelles op\u00e9rations futures de croissance externe qui pourraient venir modifier tous ces param\u00e8tres. Ces pr\u00e9visions sont notamment fond\u00e9es sur des donn\u00e9es et hypoth\u00e8ses consid\u00e9r\u00e9es comme raisonnables par Ipsen, et d\u00e9pendent de circonstances ou de faits susceptibles de se produire \u00e0 l\u2019avenir et dont certains \u00e9chappent au contr\u00f4le du Groupe, et non pas exclusivement de donn\u00e9es historiques. Les r\u00e9sultats r\u00e9els pourraient s\u2019av\u00e9rer substantiellement diff\u00e9rents de ces objectifs compte tenu de la mat\u00e9rialisation de certains risques ou incertitudes, et notamment qu\u2019un nouveau m\u00e9dicament peut para\u00eetre prometteur au cours d\u2019une phase pr\u00e9paratoire de d\u00e9veloppement ou apr\u00e8s des essais cliniques, mais n\u2019\u00eatre jamais commercialis\u00e9 ou ne pas atteindre ses objectifs commerciaux, notamment pour des raisons r\u00e9glementaires ou concurrentielles. Ipsen doit ou peut avoir \u00e0 faire face \u00e0 la concurrence de produits g\u00e9n\u00e9riques, qui pourrait se traduire par des pertes de parts de march\u00e9. En outre, le processus de recherche et d\u00e9veloppement comprend plusieurs \u00e9tapes et, lors de chaque \u00e9tape, le risque est important qu\u2019Ipsen ne parvienne pas \u00e0 atteindre ses objectifs et qu\u2019il soit conduit \u00e0 renoncer \u00e0 poursuivre ses efforts sur un m\u00e9dicament dans lequel il a investi des sommes significatives. Aussi, Ipsen ne peut \u00eatre certain que des r\u00e9sultats favorables obtenus lors des essais pr\u00e9cliniques seront confirm\u00e9s ult\u00e9rieurement lors des essais cliniques ou que les r\u00e9sultats des essais cliniques seront suffisants pour d\u00e9montrer le caract\u00e8re s\u00fbr et efficace du m\u00e9dicament concern\u00e9. Il ne saurait \u00eatre garanti qu\u2019un m\u00e9dicament recevra les approbations r\u00e9glementaires n\u00e9cessaires ou qu\u2019il atteindra ses objectifs commerciaux. Les r\u00e9sultats r\u00e9els pourraient \u00eatre sensiblement diff\u00e9rents de ceux annonc\u00e9s dans les d\u00e9clarations pr\u00e9visionnelles si les hypoth\u00e8ses sous-jacentes s\u2019av\u00e8rent inexactes ou si certains risques ou incertitudes se mat\u00e9rialisent. Les autres risques et incertitudes comprennent, sans toutefois s\u2019y limiter, la situation g\u00e9n\u00e9rale du secteur et la concurrence ; les facteurs \u00e9conomiques g\u00e9n\u00e9raux, y compris les fluctuations des taux d\u2019int\u00e9r\u00eat et des taux de change ; l\u2019incidence de la r\u00e9glementation de l\u2019industrie pharmaceutique et de la l\u00e9gislation en mati\u00e8re de sant\u00e9 ; les tendances mondiales vers<\/p>\n\n\n\n<p>une plus grande ma\u00eetrise des co\u00fbts de sant\u00e9 ; les avanc\u00e9es technologiques, les nouveaux m\u00e9dicaments et les brevets obtenus par la concurrence ; les probl\u00e8mes inh\u00e9rents au d\u00e9veloppement de nouveaux m\u00e9dicaments, notamment l\u2019obtention d\u2019une homologation ; la capacit\u00e9 d\u2019Ipsen \u00e0 pr\u00e9voir avec pr\u00e9cision les futures conditions du march\u00e9 ; les difficult\u00e9s ou d\u00e9lais de production ; l\u2019instabilit\u00e9 financi\u00e8re de l\u2019\u00e9conomie internationale et le risque souverain ; la d\u00e9pendance \u00e0 l\u2019\u00e9gard de l\u2019efficacit\u00e9 des brevets d\u2019Ipsen et d\u2019autres protections concernant les m\u00e9dicaments novateurs ; l\u2019\u00e9chec possible des lancements de produits ; et le risque de litiges, notamment des litiges en mati\u00e8re de brevets ou des recours r\u00e9glementaires ; ainsi que le risque de redressements fiscaux au vu des audits r\u00e9guliers \u00e9manant des autorit\u00e9s fiscales dont le groupe fait l\u2019objet, compte tenu de sa strat\u00e9gie d\u2019acquisition et de sa pr\u00e9sence dans de multiples pays. Ipsen d\u00e9pend \u00e9galement de tierces parties pour le d\u00e9veloppement et la commercialisation de ses m\u00e9dicaments, ce qui peut donner lieu \u00e0 des redevances substantielles ; en outre ces partenaires pourraient agir de mani\u00e8re \u00e0 nuire aux activit\u00e9s d\u2019Ipsen ainsi qu\u2019\u00e0 ses r\u00e9sultats financiers. Ipsen ne peut \u00eatre certain que ses partenaires tiendront leurs engagements. \u00c0 ce titre, le Groupe pourrait ne pas \u00eatre en mesure de b\u00e9n\u00e9ficier de ces accords. Une d\u00e9faillance d\u2019un de ses partenaires pourrait engendrer une baisse impr\u00e9vue de revenus pour Ipsen. De telles situations pourraient avoir un impact n\u00e9gatif sur l\u2019activit\u00e9 d\u2019Ipsen, sa situation financi\u00e8re ou ses r\u00e9sultats. Sous r\u00e9serve des dispositions l\u00e9gales en vigueur, Ipsen ne prend aucun engagement de mettre \u00e0 jour ou de r\u00e9viser les \u00e9nonc\u00e9s prospectifs ou objectifs vis\u00e9s dans le pr\u00e9sent communiqu\u00e9 afin de refl\u00e9ter des changements qui viendraient affecter les \u00e9v\u00e9nements, situations, hypoth\u00e8ses ou circonstances sur lesquels ces \u00e9nonc\u00e9s se fondent. L\u2019activit\u00e9 d\u2019Ipsen est soumise \u00e0 des facteurs de risques qui sont d\u00e9crits dans ses documents d\u2019information enregistr\u00e9s aupr\u00e8s de l\u2019Autorit\u00e9 des March\u00e9s Financiers. Les risques et incertitudes pr\u00e9sent\u00e9s ne sont pas les seuls auxquels le Groupe doit faire face et le lecteur est invit\u00e9 \u00e0 prendre connaissance de la derni\u00e8re \u00e9dition du Document d\u2019enregistrement universel d\u2019Ipsen, disponible sur ipsen.com.<\/p>\n","protected":false},"excerpt":{"rendered":"<p>. PARIS, FRANCE, 25 mars 2025 &#8211; Ipsen (Euronext : IPN ; ADR : IPSEY), groupe biopharmaceutique mondial de sp\u00e9cialit\u00e9,<\/p>\n","protected":false},"author":11,"featured_media":1498,"comment_status":"open","ping_status":"open","sticky":false,"template":"","format":"standard","meta":{"_acf_changed":false,"_jetpack_memberships_contains_paid_content":false,"footnotes":""},"categories":[37],"tags":[],"class_list":["post-1322","post","type-post","status-publish","format-standard","has-post-thumbnail","hentry","category-communique-de-presse","entry"],"acf":[],"yoast_head":"<!-- This site is optimized with the Yoast SEO plugin v26.8 - https:\/\/yoast.com\/product\/yoast-seo-wordpress\/ -->\n<title>Ipsen\u00a0nomme Dominique Bery au poste de Directrice G\u00e9n\u00e9rale France - France<\/title>\n<meta name=\"robots\" content=\"index, follow, max-snippet:-1, max-image-preview:large, max-video-preview:-1\" \/>\n<link rel=\"canonical\" href=\"https:\/\/www.ipsen.com\/france\/ipsen-nomme-dominique-bery-au-poste-de-directrice-generale-france\/communique-de-presse\/\" \/>\n<meta property=\"og:locale\" content=\"fr_FR\" \/>\n<meta property=\"og:type\" content=\"article\" \/>\n<meta property=\"og:title\" content=\"Ipsen\u00a0nomme Dominique Bery au poste de Directrice G\u00e9n\u00e9rale France - France\" \/>\n<meta property=\"og:description\" content=\". PARIS, FRANCE, 25 mars 2025 &#8211; Ipsen (Euronext : IPN ; ADR : IPSEY), groupe biopharmaceutique mondial de sp\u00e9cialit\u00e9,\" \/>\n<meta property=\"og:url\" content=\"https:\/\/www.ipsen.com\/france\/ipsen-nomme-dominique-bery-au-poste-de-directrice-generale-france\/communique-de-presse\/\" \/>\n<meta property=\"og:site_name\" content=\"France\" \/>\n<meta property=\"article:published_time\" content=\"2025-03-25T07:34:41+00:00\" \/>\n<meta property=\"article:modified_time\" content=\"2025-07-01T12:48:19+00:00\" \/>\n<meta property=\"og:image\" content=\"https:\/\/www.ipsen.com\/websites\/ipsen_com_v2\/wp-content\/uploads\/sites\/15\/2025\/03\/01144813\/PressRelease_FR.jpg\" \/>\n\t<meta property=\"og:image:width\" content=\"440\" \/>\n\t<meta property=\"og:image:height\" content=\"440\" \/>\n\t<meta property=\"og:image:type\" content=\"image\/jpeg\" \/>\n<meta name=\"author\" content=\"heloisedetouchet\" \/>\n<meta name=\"twitter:card\" content=\"summary_large_image\" \/>\n<meta name=\"twitter:label1\" content=\"Written by\" \/>\n\t<meta name=\"twitter:data1\" content=\"heloisedetouchet\" \/>\n\t<meta name=\"twitter:label2\" content=\"Est. reading time\" \/>\n\t<meta name=\"twitter:data2\" content=\"7 minutes\" \/>\n<script type=\"application\/ld+json\" class=\"yoast-schema-graph\">{\"@context\":\"https:\/\/schema.org\",\"@graph\":[{\"@type\":\"Article\",\"@id\":\"https:\/\/www.ipsen.com\/france\/ipsen-nomme-dominique-bery-au-poste-de-directrice-generale-france\/communique-de-presse\/#article\",\"isPartOf\":{\"@id\":\"https:\/\/www.ipsen.com\/france\/ipsen-nomme-dominique-bery-au-poste-de-directrice-generale-france\/communique-de-presse\/\"},\"author\":{\"name\":\"heloisedetouchet\",\"@id\":\"https:\/\/www.ipsen.com\/france\/#\/schema\/person\/2c275168b31beee81688f3c041877318\"},\"headline\":\"Ipsen\u00a0nomme Dominique Bery au poste de Directrice G\u00e9n\u00e9rale France\",\"datePublished\":\"2025-03-25T07:34:41+00:00\",\"dateModified\":\"2025-07-01T12:48:19+00:00\",\"mainEntityOfPage\":{\"@id\":\"https:\/\/www.ipsen.com\/france\/ipsen-nomme-dominique-bery-au-poste-de-directrice-generale-france\/communique-de-presse\/\"},\"wordCount\":1656,\"commentCount\":0,\"publisher\":{\"@id\":\"https:\/\/www.ipsen.com\/france\/#organization\"},\"image\":{\"@id\":\"https:\/\/www.ipsen.com\/france\/ipsen-nomme-dominique-bery-au-poste-de-directrice-generale-france\/communique-de-presse\/#primaryimage\"},\"thumbnailUrl\":\"https:\/\/www.ipsen.com\/france\/wp-content\/uploads\/sites\/15\/2025\/03\/PressRelease_FR.jpg\",\"articleSection\":[\"Communiqu\u00e9 de presse\"],\"inLanguage\":\"fr-FR\",\"potentialAction\":[{\"@type\":\"CommentAction\",\"name\":\"Comment\",\"target\":[\"https:\/\/www.ipsen.com\/france\/ipsen-nomme-dominique-bery-au-poste-de-directrice-generale-france\/communique-de-presse\/#respond\"]}]},{\"@type\":\"WebPage\",\"@id\":\"https:\/\/www.ipsen.com\/france\/ipsen-nomme-dominique-bery-au-poste-de-directrice-generale-france\/communique-de-presse\/\",\"url\":\"https:\/\/www.ipsen.com\/france\/ipsen-nomme-dominique-bery-au-poste-de-directrice-generale-france\/communique-de-presse\/\",\"name\":\"Ipsen\u00a0nomme Dominique Bery au poste de Directrice G\u00e9n\u00e9rale France - France\",\"isPartOf\":{\"@id\":\"https:\/\/www.ipsen.com\/france\/#website\"},\"primaryImageOfPage\":{\"@id\":\"https:\/\/www.ipsen.com\/france\/ipsen-nomme-dominique-bery-au-poste-de-directrice-generale-france\/communique-de-presse\/#primaryimage\"},\"image\":{\"@id\":\"https:\/\/www.ipsen.com\/france\/ipsen-nomme-dominique-bery-au-poste-de-directrice-generale-france\/communique-de-presse\/#primaryimage\"},\"thumbnailUrl\":\"https:\/\/www.ipsen.com\/france\/wp-content\/uploads\/sites\/15\/2025\/03\/PressRelease_FR.jpg\",\"datePublished\":\"2025-03-25T07:34:41+00:00\",\"dateModified\":\"2025-07-01T12:48:19+00:00\",\"breadcrumb\":{\"@id\":\"https:\/\/www.ipsen.com\/france\/ipsen-nomme-dominique-bery-au-poste-de-directrice-generale-france\/communique-de-presse\/#breadcrumb\"},\"inLanguage\":\"fr-FR\",\"potentialAction\":[{\"@type\":\"ReadAction\",\"target\":[\"https:\/\/www.ipsen.com\/france\/ipsen-nomme-dominique-bery-au-poste-de-directrice-generale-france\/communique-de-presse\/\"]}]},{\"@type\":\"ImageObject\",\"inLanguage\":\"fr-FR\",\"@id\":\"https:\/\/www.ipsen.com\/france\/ipsen-nomme-dominique-bery-au-poste-de-directrice-generale-france\/communique-de-presse\/#primaryimage\",\"url\":\"https:\/\/www.ipsen.com\/france\/wp-content\/uploads\/sites\/15\/2025\/03\/PressRelease_FR.jpg\",\"contentUrl\":\"https:\/\/www.ipsen.com\/france\/wp-content\/uploads\/sites\/15\/2025\/03\/PressRelease_FR.jpg\",\"width\":440,\"height\":440},{\"@type\":\"BreadcrumbList\",\"@id\":\"https:\/\/www.ipsen.com\/france\/ipsen-nomme-dominique-bery-au-poste-de-directrice-generale-france\/communique-de-presse\/#breadcrumb\",\"itemListElement\":[{\"@type\":\"ListItem\",\"position\":1,\"name\":\"Home\",\"item\":\"https:\/\/www.ipsen.com\/france\/\"},{\"@type\":\"ListItem\",\"position\":2,\"name\":\"Ipsen\u00a0nomme Dominique Bery au poste de Directrice G\u00e9n\u00e9rale France\"}]},{\"@type\":\"WebSite\",\"@id\":\"https:\/\/www.ipsen.com\/france\/#website\",\"url\":\"https:\/\/www.ipsen.com\/france\/\",\"name\":\"France\",\"description\":\"\",\"publisher\":{\"@id\":\"https:\/\/www.ipsen.com\/france\/#organization\"},\"potentialAction\":[{\"@type\":\"SearchAction\",\"target\":{\"@type\":\"EntryPoint\",\"urlTemplate\":\"https:\/\/www.ipsen.com\/france\/?s={search_term_string}\"},\"query-input\":{\"@type\":\"PropertyValueSpecification\",\"valueRequired\":true,\"valueName\":\"search_term_string\"}}],\"inLanguage\":\"fr-FR\"},{\"@type\":\"Organization\",\"@id\":\"https:\/\/www.ipsen.com\/france\/#organization\",\"name\":\"France\",\"url\":\"https:\/\/www.ipsen.com\/france\/\",\"logo\":{\"@type\":\"ImageObject\",\"inLanguage\":\"fr-FR\",\"@id\":\"https:\/\/www.ipsen.com\/france\/#\/schema\/logo\/image\/\",\"url\":\"https:\/\/www.ipsen.com\/france\/wp-content\/uploads\/sites\/15\/2024\/03\/Logo-Ipsen.svg\",\"contentUrl\":\"https:\/\/www.ipsen.com\/france\/wp-content\/uploads\/sites\/15\/2024\/03\/Logo-Ipsen.svg\",\"caption\":\"France\"},\"image\":{\"@id\":\"https:\/\/www.ipsen.com\/france\/#\/schema\/logo\/image\/\"}},{\"@type\":\"Person\",\"@id\":\"https:\/\/www.ipsen.com\/france\/#\/schema\/person\/2c275168b31beee81688f3c041877318\",\"name\":\"heloisedetouchet\",\"image\":{\"@type\":\"ImageObject\",\"inLanguage\":\"fr-FR\",\"@id\":\"https:\/\/www.ipsen.com\/france\/#\/schema\/person\/image\/\",\"url\":\"https:\/\/secure.gravatar.com\/avatar\/a294050dc7df14814ce352dcd30bd2b11c1bf6f269c4edf2111b59216f02bb15?s=96&d=mm&r=g\",\"contentUrl\":\"https:\/\/secure.gravatar.com\/avatar\/a294050dc7df14814ce352dcd30bd2b11c1bf6f269c4edf2111b59216f02bb15?s=96&d=mm&r=g\",\"caption\":\"heloisedetouchet\"},\"url\":\"https:\/\/www.ipsen.com\/france\/author\/heloisedetouchet\/\"}]}<\/script>\n<!-- \/ Yoast SEO plugin. -->","yoast_head_json":{"title":"Ipsen\u00a0nomme Dominique Bery au poste de Directrice G\u00e9n\u00e9rale France - France","robots":{"index":"index","follow":"follow","max-snippet":"max-snippet:-1","max-image-preview":"max-image-preview:large","max-video-preview":"max-video-preview:-1"},"canonical":"https:\/\/www.ipsen.com\/france\/ipsen-nomme-dominique-bery-au-poste-de-directrice-generale-france\/communique-de-presse\/","og_locale":"fr_FR","og_type":"article","og_title":"Ipsen\u00a0nomme Dominique Bery au poste de Directrice G\u00e9n\u00e9rale France - France","og_description":". PARIS, FRANCE, 25 mars 2025 &#8211; Ipsen (Euronext : IPN ; ADR : IPSEY), groupe biopharmaceutique mondial de sp\u00e9cialit\u00e9,","og_url":"https:\/\/www.ipsen.com\/france\/ipsen-nomme-dominique-bery-au-poste-de-directrice-generale-france\/communique-de-presse\/","og_site_name":"France","article_published_time":"2025-03-25T07:34:41+00:00","article_modified_time":"2025-07-01T12:48:19+00:00","og_image":[{"width":440,"height":440,"url":"https:\/\/www.ipsen.com\/websites\/ipsen_com_v2\/wp-content\/uploads\/sites\/15\/2025\/03\/01144813\/PressRelease_FR.jpg","type":"image\/jpeg"}],"author":"heloisedetouchet","twitter_card":"summary_large_image","twitter_misc":{"Written by":"heloisedetouchet","Est. reading time":"7 minutes"},"schema":{"@context":"https:\/\/schema.org","@graph":[{"@type":"Article","@id":"https:\/\/www.ipsen.com\/france\/ipsen-nomme-dominique-bery-au-poste-de-directrice-generale-france\/communique-de-presse\/#article","isPartOf":{"@id":"https:\/\/www.ipsen.com\/france\/ipsen-nomme-dominique-bery-au-poste-de-directrice-generale-france\/communique-de-presse\/"},"author":{"name":"heloisedetouchet","@id":"https:\/\/www.ipsen.com\/france\/#\/schema\/person\/2c275168b31beee81688f3c041877318"},"headline":"Ipsen\u00a0nomme Dominique Bery au poste de Directrice G\u00e9n\u00e9rale France","datePublished":"2025-03-25T07:34:41+00:00","dateModified":"2025-07-01T12:48:19+00:00","mainEntityOfPage":{"@id":"https:\/\/www.ipsen.com\/france\/ipsen-nomme-dominique-bery-au-poste-de-directrice-generale-france\/communique-de-presse\/"},"wordCount":1656,"commentCount":0,"publisher":{"@id":"https:\/\/www.ipsen.com\/france\/#organization"},"image":{"@id":"https:\/\/www.ipsen.com\/france\/ipsen-nomme-dominique-bery-au-poste-de-directrice-generale-france\/communique-de-presse\/#primaryimage"},"thumbnailUrl":"https:\/\/www.ipsen.com\/france\/wp-content\/uploads\/sites\/15\/2025\/03\/PressRelease_FR.jpg","articleSection":["Communiqu\u00e9 de presse"],"inLanguage":"fr-FR","potentialAction":[{"@type":"CommentAction","name":"Comment","target":["https:\/\/www.ipsen.com\/france\/ipsen-nomme-dominique-bery-au-poste-de-directrice-generale-france\/communique-de-presse\/#respond"]}]},{"@type":"WebPage","@id":"https:\/\/www.ipsen.com\/france\/ipsen-nomme-dominique-bery-au-poste-de-directrice-generale-france\/communique-de-presse\/","url":"https:\/\/www.ipsen.com\/france\/ipsen-nomme-dominique-bery-au-poste-de-directrice-generale-france\/communique-de-presse\/","name":"Ipsen\u00a0nomme Dominique Bery au poste de Directrice G\u00e9n\u00e9rale France - France","isPartOf":{"@id":"https:\/\/www.ipsen.com\/france\/#website"},"primaryImageOfPage":{"@id":"https:\/\/www.ipsen.com\/france\/ipsen-nomme-dominique-bery-au-poste-de-directrice-generale-france\/communique-de-presse\/#primaryimage"},"image":{"@id":"https:\/\/www.ipsen.com\/france\/ipsen-nomme-dominique-bery-au-poste-de-directrice-generale-france\/communique-de-presse\/#primaryimage"},"thumbnailUrl":"https:\/\/www.ipsen.com\/france\/wp-content\/uploads\/sites\/15\/2025\/03\/PressRelease_FR.jpg","datePublished":"2025-03-25T07:34:41+00:00","dateModified":"2025-07-01T12:48:19+00:00","breadcrumb":{"@id":"https:\/\/www.ipsen.com\/france\/ipsen-nomme-dominique-bery-au-poste-de-directrice-generale-france\/communique-de-presse\/#breadcrumb"},"inLanguage":"fr-FR","potentialAction":[{"@type":"ReadAction","target":["https:\/\/www.ipsen.com\/france\/ipsen-nomme-dominique-bery-au-poste-de-directrice-generale-france\/communique-de-presse\/"]}]},{"@type":"ImageObject","inLanguage":"fr-FR","@id":"https:\/\/www.ipsen.com\/france\/ipsen-nomme-dominique-bery-au-poste-de-directrice-generale-france\/communique-de-presse\/#primaryimage","url":"https:\/\/www.ipsen.com\/france\/wp-content\/uploads\/sites\/15\/2025\/03\/PressRelease_FR.jpg","contentUrl":"https:\/\/www.ipsen.com\/france\/wp-content\/uploads\/sites\/15\/2025\/03\/PressRelease_FR.jpg","width":440,"height":440},{"@type":"BreadcrumbList","@id":"https:\/\/www.ipsen.com\/france\/ipsen-nomme-dominique-bery-au-poste-de-directrice-generale-france\/communique-de-presse\/#breadcrumb","itemListElement":[{"@type":"ListItem","position":1,"name":"Home","item":"https:\/\/www.ipsen.com\/france\/"},{"@type":"ListItem","position":2,"name":"Ipsen\u00a0nomme Dominique Bery au poste de Directrice G\u00e9n\u00e9rale France"}]},{"@type":"WebSite","@id":"https:\/\/www.ipsen.com\/france\/#website","url":"https:\/\/www.ipsen.com\/france\/","name":"France","description":"","publisher":{"@id":"https:\/\/www.ipsen.com\/france\/#organization"},"potentialAction":[{"@type":"SearchAction","target":{"@type":"EntryPoint","urlTemplate":"https:\/\/www.ipsen.com\/france\/?s={search_term_string}"},"query-input":{"@type":"PropertyValueSpecification","valueRequired":true,"valueName":"search_term_string"}}],"inLanguage":"fr-FR"},{"@type":"Organization","@id":"https:\/\/www.ipsen.com\/france\/#organization","name":"France","url":"https:\/\/www.ipsen.com\/france\/","logo":{"@type":"ImageObject","inLanguage":"fr-FR","@id":"https:\/\/www.ipsen.com\/france\/#\/schema\/logo\/image\/","url":"https:\/\/www.ipsen.com\/france\/wp-content\/uploads\/sites\/15\/2024\/03\/Logo-Ipsen.svg","contentUrl":"https:\/\/www.ipsen.com\/france\/wp-content\/uploads\/sites\/15\/2024\/03\/Logo-Ipsen.svg","caption":"France"},"image":{"@id":"https:\/\/www.ipsen.com\/france\/#\/schema\/logo\/image\/"}},{"@type":"Person","@id":"https:\/\/www.ipsen.com\/france\/#\/schema\/person\/2c275168b31beee81688f3c041877318","name":"heloisedetouchet","image":{"@type":"ImageObject","inLanguage":"fr-FR","@id":"https:\/\/www.ipsen.com\/france\/#\/schema\/person\/image\/","url":"https:\/\/secure.gravatar.com\/avatar\/a294050dc7df14814ce352dcd30bd2b11c1bf6f269c4edf2111b59216f02bb15?s=96&d=mm&r=g","contentUrl":"https:\/\/secure.gravatar.com\/avatar\/a294050dc7df14814ce352dcd30bd2b11c1bf6f269c4edf2111b59216f02bb15?s=96&d=mm&r=g","caption":"heloisedetouchet"},"url":"https:\/\/www.ipsen.com\/france\/author\/heloisedetouchet\/"}]}},"parsely":{"version":"1.1.0","canonical_url":"https:\/\/ipsen.com\/france\/ipsen-nomme-dominique-bery-au-poste-de-directrice-generale-france\/communique-de-presse\/","smart_links":{"inbound":0,"outbound":0},"traffic_boost_suggestions_count":0,"meta":{"@context":"https:\/\/schema.org","@type":"NewsArticle","headline":"Ipsen\u00a0nomme Dominique Bery au poste de Directrice G\u00e9n\u00e9rale France","url":"http:\/\/www.ipsen.com\/france\/ipsen-nomme-dominique-bery-au-poste-de-directrice-generale-france\/communique-de-presse\/","mainEntityOfPage":{"@type":"WebPage","@id":"http:\/\/www.ipsen.com\/france\/ipsen-nomme-dominique-bery-au-poste-de-directrice-generale-france\/communique-de-presse\/"},"thumbnailUrl":"https:\/\/www.ipsen.com\/france\/wp-content\/uploads\/sites\/15\/2025\/03\/PressRelease_FR.jpg?w=150&h=150&crop=1","image":{"@type":"ImageObject","url":"https:\/\/www.ipsen.com\/france\/wp-content\/uploads\/sites\/15\/2025\/03\/PressRelease_FR.jpg"},"articleSection":"Communiqu\u00e9 de presse","author":[{"@type":"Person","name":"heloisedetouchet"}],"creator":["heloisedetouchet"],"publisher":{"@type":"Organization","name":"France","logo":""},"keywords":[],"dateCreated":"2025-03-25T07:34:41Z","datePublished":"2025-03-25T07:34:41Z","dateModified":"2025-07-01T12:48:19Z"},"rendered":"<script type=\"application\/ld+json\" class=\"wp-parsely-metadata\">{\"@context\":\"https:\\\/\\\/schema.org\",\"@type\":\"NewsArticle\",\"headline\":\"Ipsen\\u00a0nomme Dominique Bery au poste de Directrice G\\u00e9n\\u00e9rale France\",\"url\":\"http:\\\/\\\/www.ipsen.com\\\/france\\\/ipsen-nomme-dominique-bery-au-poste-de-directrice-generale-france\\\/communique-de-presse\\\/\",\"mainEntityOfPage\":{\"@type\":\"WebPage\",\"@id\":\"http:\\\/\\\/www.ipsen.com\\\/france\\\/ipsen-nomme-dominique-bery-au-poste-de-directrice-generale-france\\\/communique-de-presse\\\/\"},\"thumbnailUrl\":\"https:\\\/\\\/www.ipsen.com\\\/france\\\/wp-content\\\/uploads\\\/sites\\\/15\\\/2025\\\/03\\\/PressRelease_FR.jpg?w=150&h=150&crop=1\",\"image\":{\"@type\":\"ImageObject\",\"url\":\"https:\\\/\\\/www.ipsen.com\\\/france\\\/wp-content\\\/uploads\\\/sites\\\/15\\\/2025\\\/03\\\/PressRelease_FR.jpg\"},\"articleSection\":\"Communiqu\\u00e9 de presse\",\"author\":[{\"@type\":\"Person\",\"name\":\"heloisedetouchet\"}],\"creator\":[\"heloisedetouchet\"],\"publisher\":{\"@type\":\"Organization\",\"name\":\"France\",\"logo\":\"\"},\"keywords\":[],\"dateCreated\":\"2025-03-25T07:34:41Z\",\"datePublished\":\"2025-03-25T07:34:41Z\",\"dateModified\":\"2025-07-01T12:48:19Z\"}<\/script>","tracker_url":"https:\/\/cdn.parsely.com\/keys\/ipsen.com\/p.js"},"jetpack_featured_media_url":"https:\/\/www.ipsen.com\/france\/wp-content\/uploads\/sites\/15\/2025\/03\/PressRelease_FR.jpg","jetpack_sharing_enabled":true,"_links":{"self":[{"href":"https:\/\/www.ipsen.com\/france\/wp-json\/wp\/v2\/posts\/1322","targetHints":{"allow":["GET"]}}],"collection":[{"href":"https:\/\/www.ipsen.com\/france\/wp-json\/wp\/v2\/posts"}],"about":[{"href":"https:\/\/www.ipsen.com\/france\/wp-json\/wp\/v2\/types\/post"}],"author":[{"embeddable":true,"href":"https:\/\/www.ipsen.com\/france\/wp-json\/wp\/v2\/users\/11"}],"replies":[{"embeddable":true,"href":"https:\/\/www.ipsen.com\/france\/wp-json\/wp\/v2\/comments?post=1322"}],"version-history":[{"count":5,"href":"https:\/\/www.ipsen.com\/france\/wp-json\/wp\/v2\/posts\/1322\/revisions"}],"predecessor-version":[{"id":1500,"href":"https:\/\/www.ipsen.com\/france\/wp-json\/wp\/v2\/posts\/1322\/revisions\/1500"}],"wp:featuredmedia":[{"embeddable":true,"href":"https:\/\/www.ipsen.com\/france\/wp-json\/wp\/v2\/media\/1498"}],"wp:attachment":[{"href":"https:\/\/www.ipsen.com\/france\/wp-json\/wp\/v2\/media?parent=1322"}],"wp:term":[{"taxonomy":"category","embeddable":true,"href":"https:\/\/www.ipsen.com\/france\/wp-json\/wp\/v2\/categories?post=1322"},{"taxonomy":"post_tag","embeddable":true,"href":"https:\/\/www.ipsen.com\/france\/wp-json\/wp\/v2\/tags?post=1322"}],"curies":[{"name":"wp","href":"https:\/\/api.w.org\/{rel}","templated":true}]}}