{"id":78283,"date":"2025-04-17T15:45:38","date_gmt":"2025-04-17T13:45:38","guid":{"rendered":"https:\/\/www.ipsen.com\/?p=78283"},"modified":"2025-05-22T17:46:02","modified_gmt":"2025-05-22T15:46:02","slug":"assemblee-generale-mixte-2025","status":"publish","type":"post","link":"https:\/\/www.ipsen.com\/fr\/actualites\/shareholdersmeet-fr\/assemblee-generale-mixte-2025\/","title":{"rendered":"Assembl\u00e9e g\u00e9n\u00e9rale mixte 2025"},"content":{"rendered":"    <section class=\"title-text \">\n        <div class=\"container\">\n            <div class=\"title-text-inner\" style=\"background-color:#EDEBE4;\">\n\n                <!-- If heading is enabled then it's visible -->\n                <div class=\"text-head-dash hidden\">\n                <h3 class=\"heading-three\" role=\"heading\" aria-level=\"2\">\n                                            <\/h3>\n                <\/div>\n               \n                <!-- If description is enabled then it's visible -->\n                <div class=\"text-parbase visible\">\n                    <p>L\u2019Assembl\u00e9e g\u00e9n\u00e9rale mixte 2025 d\u2019Ipsen S.A. a eu lieu 21 mai 2025, \u00e0 Paris, en France.<\/p>\n                <\/div>\n\n                <!-- If button is enabled then it's visible -->\n                \n            <\/div>\n        <\/div>\n    <\/section>\n\n\n    <!--Highlight card with carousel -->\n    <section class=\"highlight-card\" >\n        <div class=\"horizontal-card-carousal mt-5 container\"  >\n            <h3 class=\"highlight-block-title hidden heading-three\" role=\"heading\" aria-level=\"2\">\n                Key highlights            <\/h3>\n            <div id=\"carouselHighlightControls-14\" class=\"carousel slide horizontalcarousel\" data-carouselid=\"14\" data-bs-ride=\"carousel\"  data-autoplay=\"\" data-autoplayspeed=\"\">\n                                <div class=\"carousel-inner\">\n                      <!-- Post Cards layout start here -->\n  <div class=\"carousel-item active \">\n    <div class=\"row\">\n        <div class=\"col-xl-12 col-md-12 col-sm-12\">\n        <!-- highlight-card with image -->\n            <div class=\"container noPadding\">\n                <div class=\"highlight-div\">\n                    <div class=\"row highlight-row\">\n                                                                        <div class=\"column-1 col-lg-12 col-md-12 col-sm-12\">\n                                                    <div class=\"highlight-post\">\n                                <div class=\"highlight-time-div\">\n                                    <div class=\"highlight-info-sec\">\n                                        \n                                        <span class=\"desk-span\">\n                                                                                                                                    <span class=\"hightlight-date visible\">21 Mai 2025<\/span>\n                                                                                                                                    <\/span>\n\n                                        <p class=\"mob-span\">\n                                                                                        \n                                                                                            <span class=\"hightlight-date visible\">21 Mai 2025<\/span>\n                                                                                                                                        \n                                        <\/p>\n                                    <\/div>\n                                    <div class=\"highlight-rightside-icons\">\n                                        \n                                                                                    <div class=\"highlight-share-sec visible\">\n                                                                                                <div id=\"share-toggle-79925\" class=\"share-toggle\" role=\"button\" aria-expanded=\"false\" aria-controls=\"share-tray-79925\" tabindex=\"0\" data-title=\"Ipsen S.A. - Assembl\u00e9e G\u00e9n\u00e9rale Annuelle du 21 mai 2025\">\n                                                    <img decoding=\"async\" src=\"https:\/\/www.ipsen.com\/wp-content\/themes\/ipsen-main\/dist\/images\/share-icon.svg\" alt=\"Partager sur les r\u00e9seaux sociaux\" title=\"Partager sur les r\u00e9seaux sociaux\" >\n                                                <\/div>\n                                                <div id=\"share-tray-79925\" class=\"share-tray hidden\" role=\"menu\" aria-hidden=\"true\">\n                                                                                                                <a role=\"menuitem\" tabindex=\"-1\" href=\"https:\/\/www.linkedin.com\/shareArticle?url=https%3A%2F%2Fwww.ipsen.com%2Ffr%2Fcommunique-de-presse%2Fipsen-s-a-assemblee-generale-annuelle-du-21-mai-2025-3085997%2F&#038;title=Ipsen+S.A.+-+Assembl%C3%A9e+G%C3%A9n%C3%A9rale+Annuelle+du+21+mai+2025&#038;media=\" target=\"_blank\">\n                                                                <img decoding=\"async\" src=\"https:\/\/www.ipsen.com\/wp-content\/themes\/ipsen-main\/dist\/images\/LinkedIn.png\" alt=\"Partager sur LinkedIn\" title=\"Partager sur LinkedIn\" >LinkedIn\n                                                            <\/a>\n                                                                                                                <!--<a href=\"\" target=\"_blank\">\n                                                                <img decoding=\"async\" src=\"\" alt=\"\" title=\"\" >Twitter\n                                                            <\/a>-->\n\n                                                                                                                <a role=\"menuitem\" tabindex=\"-1\" href=\"https:\/\/www.facebook.com\/sharer.php?u=https%3A%2F%2Fwww.ipsen.com%2Ffr%2Fcommunique-de-presse%2Fipsen-s-a-assemblee-generale-annuelle-du-21-mai-2025-3085997%2F&#038;p=Ipsen+S.A.+-+Assembl%C3%A9e+G%C3%A9n%C3%A9rale+Annuelle+du+21+mai+2025\" target=\"_blank\">\n                                                                <img decoding=\"async\" src=\"https:\/\/www.ipsen.com\/wp-content\/themes\/ipsen-main\/dist\/images\/Facebook.png\" alt=\"Partager sur Facebook\" title=\"Partager sur Facebook\" >Facebook\n                                                            <\/a>\n                                                                                                    <\/div>\n                                            <\/div>\n                                            <script>\n                                            (function(){\n                                                var toggle = document.getElementById('share-toggle-79925');\n                                                var tray = document.getElementById('share-tray-79925');\n                                                if(!toggle || !tray) return;\n                                                var isOpen = false;\n                                                function openTray(){\n                                                    isOpen = true;\n                                                    toggle.setAttribute('aria-expanded','true');\n                                                    tray.classList.remove('hidden');\n                                                    tray.setAttribute('aria-hidden','false');\n                                                    var first = tray.querySelector('[role=\"menuitem\"]');\n                                                    if(first){ first.tabIndex = 0; first.focus(); }\n                                                }\n                                                function closeTray(){\n                                                    isOpen = false;\n                                                    toggle.setAttribute('aria-expanded','false');\n                                                    tray.classList.add('hidden');\n                                                    tray.setAttribute('aria-hidden','true');\n                                                    var items = tray.querySelectorAll('[role=\"menuitem\"]');\n                                                    items.forEach(function(it){ it.tabIndex = -1; });\n                                                    toggle.focus();\n                                                }\n                                                toggle.addEventListener('click', function(e){\n                                                    if(isOpen) closeTray(); else openTray();\n                                                }, false);\n                                                toggle.addEventListener('keydown', function(e){\n                                                    if(e.key === 'Enter' || e.key === ' ' || e.code === 'Space'){ e.preventDefault(); toggle.click(); }\n                                                });\n                                                document.addEventListener('click', function(e){\n                                                    if(!toggle.contains(e.target) && !tray.contains(e.target) && isOpen){\n                                                        closeTray();\n                                                    }\n                                                });\n                                                tray.addEventListener('keydown', function(e){\n                                                    if(e.key === 'Escape'){ closeTray(); }\n                                                });\n                                                var itemsInit = tray.querySelectorAll('[role=\"menuitem\"]');\n                                                itemsInit.forEach(function(it){ it.tabIndex = -1; });\n                                            })();\n                                            <\/script>\n                                                                            <\/div>\n                                <\/div>\n                                <div class=\"highlight-post-content\">\n                                    <a href=\"https:\/\/www.ipsen.com\/fr\/communique-de-presse\/ipsen-s-a-assemblee-generale-annuelle-du-21-mai-2025-3085997\/\">\n                                        <h5 class=\"blue-txt\" role=\"heading\" aria-level=\"3\">Ipsen S.A. &#8211; Assembl\u00e9e G\u00e9n\u00e9rale Annuelle du 21 mai 2025<\/h5>\n                                    <\/a>\n                                                                    <\/div>\n                            <\/div>\n                        <\/div>\n                    <\/div>\n                <\/div>\n            <\/div>\n        <\/div>\n    <\/div>\n<\/div>\n<!--Post Cards layout end here -->                <\/div>\n            <\/div>\n        <\/div>\n    <\/section>\n\n\n<!-- Text & Media Block Code -->\n<section class=\"two-col-section text-media-section\">\n    <div class=\"container two-section-innner \">\n        <div class=\"response-inner\" style=\"background-image: url('')\">\n            <div class=\"row \">\n                <div class=\"col-xs-12 col-sm-12 col-md-6\">\n                                                    <div class=\"img-video-section\">\n                                <img decoding=\"async\" \n                                    src=\"https:\/\/www.ipsen.com\/wp-content\/uploads\/2024\/10\/Module5_Visual-OUR-PARTNERSHIPS_700x420pix_.jpg\" \n                                    alt=\"\" \n                                >\n                            <\/div>\n                                        <\/div>\n                <div class=\" col-xs-12 col-sm-12 col-md-6\">\n                    <div class=\"section-content\">\n                        <div class=\"heading-dash\">\n                                                            <span class=\"dash\"><\/span>\n                                <h4 class=\"heading-para heading-four\" role=\"heading\" aria-level=\"2\">\n                                    LIEN WEBCAST REPLAY                                <\/h4>\n                                                    <\/div>\n                                                <p>Le 21 mai, l&#8217;Assembl\u00e9e g\u00e9n\u00e9rale a \u00e9t\u00e9 film\u00e9e et retransmise en direct. Cliquez sur le lien pour visionner le replay.<\/p>\n                            <a \n                            aria-label=\"Visionner le replay about LIEN WEBCAST REPLAY\"  \n                                role=\"link\" \n                                class=\"btn-link section-btn cta-visible\"\n                                href=\"https:\/\/www.ipsenwebcast.live\/AG2025\" \n                                target=\"_blank\"\n                            > \n                                Visionner le replay \n                            <\/a>\n\n                    <\/div>\n                <\/div>\n            <\/div>\n        <\/div>\n    <\/div>\n<\/section>\n\n\n    <div class=\"container tab-pane-container\" >\n        <section class=\"profile-card\">\n            <div class=\"profile-regular-listing\">\n    <div class=\"container regular-listing-container\">\n        <h3 role=\"heading\" aria-level=\"2\" class=\"profile-head visible heading-three\">Intervenants \u00e0 l\u2019Assembl\u00e9e G\u00e9n\u00e9rale Mixte<\/h3>\n        <p class=\"profile-summary hidden\"><\/p>\n        <div class=\"regular-lisitng\">\n            <div class=\"row\">\n                                            <div class=\"col-lg-4 col-md-6 col-sm-12\">\n                                <div class=\"profile-regular-card\">\n\n                                        <div class=\"profile-regular-card-inner\">\n                                                                                            <a href=\"https:\/\/www.ipsen.com\/fr\/leadership\/marc-de-garidel\/\">\n                                                \n                                            \n                                                <div class=\"profile-card-img\">\n                                                    <img decoding=\"async\" src=\"https:\/\/www.ipsen.com\/wp-content\/uploads\/2024\/05\/Ipsen-website_Marc-de-Garidel_756x506pix.jpg\" alt=\"Marc de Garidel\" \/>\n                                                <\/div>\n                                                <div class=\"profile-details-sec\">\n                                                    <h3 role=\"heading\" aria-level=\"3\" class=\"profile-title-para\">\n                                                        Marc de Garidel                                                    <\/h3>\n                                                    <div class=\"role-sec\">\n                                                        <p>\n                                                            <span class=\"profile-main visible\">\n                                                                Pr\u00e9sident du Conseil d&#8217;administration                                                            <\/span>\n                                                        <\/p>\n                                                        <div class=\"profile-dec-sec hidden\">\n                                                            <p class=\"profile-role-desc\">\n                                                                                                                            <\/p>\n                                                        <\/div>\n                                                    <\/div>\n                                                <\/div>\n                                                                                            <\/a>\n                                                \n\n                                        <\/div>\n\n                                <\/div>\n                            <\/div>\n                                            <div class=\"col-lg-4 col-md-6 col-sm-12\">\n                                <div class=\"profile-regular-card\">\n\n                                        <div class=\"profile-regular-card-inner\">\n                                                                                            <a href=\"https:\/\/www.ipsen.com\/fr\/leadership\/antoine-flochel\/\">\n                                                \n                                            \n                                                <div class=\"profile-card-img\">\n                                                    <img decoding=\"async\" src=\"https:\/\/www.ipsen.com\/wp-content\/uploads\/2024\/05\/Ipsen-website_Antoine-Fochel_756x506pix.jpg\" alt=\"Antoine Flochel\" \/>\n                                                <\/div>\n                                                <div class=\"profile-details-sec\">\n                                                    <h3 role=\"heading\" aria-level=\"3\" class=\"profile-title-para\">\n                                                        Antoine Flochel                                                    <\/h3>\n                                                    <div class=\"role-sec\">\n                                                        <p>\n                                                            <span class=\"profile-main visible\">\n                                                                Vice-Pr\u00e9sident du Conseil d\u2019administration                                                            <\/span>\n                                                        <\/p>\n                                                        <div class=\"profile-dec-sec hidden\">\n                                                            <p class=\"profile-role-desc\">\n                                                                                                                            <\/p>\n                                                        <\/div>\n                                                    <\/div>\n                                                <\/div>\n                                                                                            <\/a>\n                                                \n\n                                        <\/div>\n\n                                <\/div>\n                            <\/div>\n                                            <div class=\"col-lg-4 col-md-6 col-sm-12\">\n                                <div class=\"profile-regular-card\">\n\n                                        <div class=\"profile-regular-card-inner\">\n                                                                                            <a href=\"https:\/\/www.ipsen.com\/fr\/leadership\/david-loew\/\">\n                                                \n                                            \n                                                <div class=\"profile-card-img\">\n                                                    <img decoding=\"async\" src=\"https:\/\/www.ipsen.com\/wp-content\/uploads\/2026\/03\/01_DAVID-LOEW_IPSEN-COM_756x506pix.jpg\" alt=\"David Loew\" \/>\n                                                <\/div>\n                                                <div class=\"profile-details-sec\">\n                                                    <h3 role=\"heading\" aria-level=\"3\" class=\"profile-title-para\">\n                                                        David Loew                                                    <\/h3>\n                                                    <div class=\"role-sec\">\n                                                        <p>\n                                                            <span class=\"profile-main visible\">\n                                                                Directeur G\u00e9n\u00e9ral                                                            <\/span>\n                                                        <\/p>\n                                                        <div class=\"profile-dec-sec hidden\">\n                                                            <p class=\"profile-role-desc\">\n                                                                                                                            <\/p>\n                                                        <\/div>\n                                                    <\/div>\n                                                <\/div>\n                                                                                            <\/a>\n                                                \n\n                                        <\/div>\n\n                                <\/div>\n                            <\/div>\n                                            <div class=\"col-lg-4 col-md-6 col-sm-12\">\n                                <div class=\"profile-regular-card\">\n\n                                        <div class=\"profile-regular-card-inner\">\n                                                                                            <a href=\"https:\/\/www.ipsen.com\/fr\/leadership\/aymeric-le-chatelier\/\">\n                                                \n                                            \n                                                <div class=\"profile-card-img\">\n                                                    <img decoding=\"async\" src=\"https:\/\/www.ipsen.com\/wp-content\/uploads\/2026\/03\/06_AYMERIC-LE-CHATELIER_IPSEN-COM_756x506pix.jpg\" alt=\"Aymeric Le Chatelier\" \/>\n                                                <\/div>\n                                                <div class=\"profile-details-sec\">\n                                                    <h3 role=\"heading\" aria-level=\"3\" class=\"profile-title-para\">\n                                                        Aymeric Le Chatelier                                                    <\/h3>\n                                                    <div class=\"role-sec\">\n                                                        <p>\n                                                            <span class=\"profile-main visible\">\n                                                                Vice-Pr\u00e9sident Ex\u00e9cutif                                                            <\/span>\n                                                        <\/p>\n                                                        <div class=\"profile-dec-sec visible\">\n                                                            <p class=\"profile-role-desc\">\n                                                                Directeur Financier                                                            <\/p>\n                                                        <\/div>\n                                                    <\/div>\n                                                <\/div>\n                                                                                            <\/a>\n                                                \n\n                                        <\/div>\n\n                                <\/div>\n                            <\/div>\n                \n            <\/div>\n        <\/div>\n    <\/div>\n<\/div>        <\/section>\n    <\/div>\n\n\n\n    <section class=\"side-panel quick-links\">\n        <div class=\"container\">\n            <div class=\"quick-link-inner\">\n                <div class=\"quick-link-head visible\">\n                    <h6 class=\"quicklink-block-title heading-six\">\n                        Documents                    <\/h6>\n                <\/div>\n                <div class=\"quick-link-list\">\n                    <ul style=\"border: 1px solid #C4C9CB\">\n                                                        <li>\n                                   <a href=\"https:\/\/www.ipsen.com\/fr\/press-releases\/ipsen-s-a-assemblee-generale-annuelle-du-21-mai-2025-3085997\/\" target=\"_blank\">\n                                        <span class=\"quick-link-text\">Communiqu\u00e9 de presse &#8211; Ipsen S.A. \u2013 Assembl\u00e9e G\u00e9n\u00e9rale Annuelle du 21 mai 2025<\/span>\n                                                &nbsp;&nbsp;<span class=\"target-blank\"> <img decoding=\"async\" src=\"https:\/\/www.ipsen.com\/wp-content\/themes\/ipsen-main\/dist\/images\/forward.png\" alt=\"Communiqu\u00e9 de presse - Ipsen S.A. \u2013 Assembl\u00e9e G\u00e9n\u00e9rale Annuelle du 21 mai 2025 Open in new tab\"><\/span>\n                                                                            <\/a>\n                                <\/li>\n                                                            <li>\n                                   <a href=\"https:\/\/www.ipsen.com\/wp-content\/uploads\/2025\/05\/22171057\/AGM-2025-Resultat-des-votes.pdf\" target=\"_blank\">\n                                        <span class=\"quick-link-text\">AGM 2025 &#8211; R\u00e9sultat des votes<\/span>\n                                                &nbsp;&nbsp;<span class=\"target-blank\"> <img decoding=\"async\" src=\"https:\/\/www.ipsen.com\/wp-content\/themes\/ipsen-main\/dist\/images\/forward.png\" alt=\"AGM 2025 - R\u00e9sultat des votes Open in new tab\"><\/span>\n                                                                            <\/a>\n                                <\/li>\n                                                            <li>\n                                   <a href=\"https:\/\/www.ipsenwebcast.live\/AG2025\" target=\"_blank\">\n                                        <span class=\"quick-link-text\">Webcast replay<\/span>\n                                                &nbsp;&nbsp;<span class=\"target-blank\"> <img decoding=\"async\" src=\"https:\/\/www.ipsen.com\/wp-content\/themes\/ipsen-main\/dist\/images\/forward.png\" alt=\"Webcast replay Open in new tab\"><\/span>\n                                                                            <\/a>\n                                <\/li>\n                                                            <li>\n                                   <a href=\"https:\/\/www.ipsen.com\/wp-content\/uploads\/2025\/04\/Avis-de-reunion-date-du-11-avril-2025-1.pdf\" target=\"_blank\">\n                                        <span class=\"quick-link-text\">Avis de r\u00e9union dat\u00e9 du 11 avril 2025<\/span>\n                                                &nbsp;&nbsp;<span class=\"target-blank\"> <img decoding=\"async\" src=\"https:\/\/www.ipsen.com\/wp-content\/themes\/ipsen-main\/dist\/images\/forward.png\" alt=\"Avis de r\u00e9union dat\u00e9 du 11 avril 2025 Open in new tab\"><\/span>\n                                                                            <\/a>\n                                <\/li>\n                                                            <li>\n                                   <a href=\"https:\/\/www.ipsen.com\/wp-content\/uploads\/2025\/04\/Declaration-relative-au-nombre-total-des-droits-de-vote-et-dactions-au-11-avril-2025.pdf\" target=\"_blank\">\n                                        <span class=\"quick-link-text\">D\u00e9claration relative au nombre total des droits de vote et d\u2019actions au 11 avril 2025<\/span>\n                                                &nbsp;&nbsp;<span class=\"target-blank\"> <img decoding=\"async\" src=\"https:\/\/www.ipsen.com\/wp-content\/themes\/ipsen-main\/dist\/images\/forward.png\" alt=\"D\u00e9claration relative au nombre total des droits de vote et d\u2019actions au 11 avril 2025 Open in new tab\"><\/span>\n                                                                            <\/a>\n                                <\/li>\n                                                            <li>\n                                   <a href=\"https:\/\/www.ipsen.com\/wp-content\/uploads\/2025\/04\/Document-denregistrement-universel-2024-1.pdf\" target=\"_blank\">\n                                        <span class=\"quick-link-text\">Document d&#8217;enregistrement universel 2024<\/span>\n                                                &nbsp;&nbsp;<span class=\"target-blank\"> <img decoding=\"async\" src=\"https:\/\/www.ipsen.com\/wp-content\/themes\/ipsen-main\/dist\/images\/forward.png\" alt=\"Document d'enregistrement universel 2024 Open in new tab\"><\/span>\n                                                                            <\/a>\n                                <\/li>\n                                                            <li>\n                                   <a href=\"https:\/\/www.ipsen.com\/wp-content\/uploads\/2025\/04\/Formulaire-de-vote-AGM-2025.pdf\" target=\"_blank\">\n                                        <span class=\"quick-link-text\">Formulaire de vote AGM 2025<\/span>\n                                                &nbsp;&nbsp;<span class=\"target-blank\"> <img decoding=\"async\" src=\"https:\/\/www.ipsen.com\/wp-content\/themes\/ipsen-main\/dist\/images\/forward.png\" alt=\"Formulaire de vote AGM 2025 Open in new tab\"><\/span>\n                                                                            <\/a>\n                                <\/li>\n                                                            <li>\n                                   <a href=\"https:\/\/www.ipsen.com\/wp-content\/uploads\/2025\/04\/Rapport-des-CAC-comptes-consolides-2024.pdf\" target=\"_blank\">\n                                        <span class=\"quick-link-text\">Rapport des CAC &#8211; comptes consolid\u00e9s 2024<\/span>\n                                                &nbsp;&nbsp;<span class=\"target-blank\"> <img decoding=\"async\" src=\"https:\/\/www.ipsen.com\/wp-content\/themes\/ipsen-main\/dist\/images\/forward.png\" alt=\"Rapport des CAC - comptes consolid\u00e9s 2024 Open in new tab\"><\/span>\n                                                                            <\/a>\n                                <\/li>\n                                                            <li>\n                                   <a href=\"https:\/\/www.ipsen.com\/wp-content\/uploads\/2025\/04\/Rapport-des-CAC-comptes-sociaux-annuels-2024.pdf\" target=\"_blank\">\n                                        <span class=\"quick-link-text\">Rapport des CAC &#8211; comptes sociaux annuels 2024<\/span>\n                                                &nbsp;&nbsp;<span class=\"target-blank\"> <img decoding=\"async\" src=\"https:\/\/www.ipsen.com\/wp-content\/themes\/ipsen-main\/dist\/images\/forward.png\" alt=\"Rapport des CAC - comptes sociaux annuels 2024 Open in new tab\"><\/span>\n                                                                            <\/a>\n                                <\/li>\n                                                            <li>\n                                   <a href=\"https:\/\/www.ipsen.com\/wp-content\/uploads\/2025\/04\/Rapport-special-des-CAC-conventions-reglementees-2024.pdf\" target=\"_blank\">\n                                        <span class=\"quick-link-text\">Rapport sp\u00e9cial des CAC &#8211; conventions r\u00e9glement\u00e9es 2024<\/span>\n                                                &nbsp;&nbsp;<span class=\"target-blank\"> <img decoding=\"async\" src=\"https:\/\/www.ipsen.com\/wp-content\/themes\/ipsen-main\/dist\/images\/forward.png\" alt=\"Rapport sp\u00e9cial des CAC - conventions r\u00e9glement\u00e9es 2024 Open in new tab\"><\/span>\n                                                                            <\/a>\n                                <\/li>\n                                                            <li>\n                                   <a href=\"https:\/\/www.ipsen.com\/wp-content\/uploads\/2025\/04\/Brochure-de-convocation_AGM_2025.pdf\" target=\"_blank\">\n                                        <span class=\"quick-link-text\">Brochure de convocation AGM 2025<\/span>\n                                                &nbsp;&nbsp;<span class=\"target-blank\"> <img decoding=\"async\" src=\"https:\/\/www.ipsen.com\/wp-content\/themes\/ipsen-main\/dist\/images\/forward.png\" alt=\"Brochure de convocation AGM 2025 Open in new tab\"><\/span>\n                                                                            <\/a>\n                                <\/li>\n                                                            <li>\n                                   <a href=\"https:\/\/www.ipsen.com\/wp-content\/uploads\/2025\/04\/Avis-de-convocation-publie-au-BALO-du-30-mai-2025.pdf\" target=\"_blank\">\n                                        <span class=\"quick-link-text\">Avis de convocation publi\u00e9 au BALO du 30 mai 2025<\/span>\n                                                &nbsp;&nbsp;<span class=\"target-blank\"> <img decoding=\"async\" src=\"https:\/\/www.ipsen.com\/wp-content\/themes\/ipsen-main\/dist\/images\/forward.png\" alt=\"Avis de convocation publi\u00e9 au BALO du 30 mai 2025 Open in new tab\"><\/span>\n                                                                            <\/a>\n                                <\/li>\n                                                            <li>\n                                   <a href=\"https:\/\/www.ipsen.com\/wp-content\/uploads\/2025\/04\/Modalites-de-participation_AGM-2025.pdf\" target=\"_blank\">\n                                        <span class=\"quick-link-text\">Modalit\u00e9s de participation AGM 2025<\/span>\n                                                &nbsp;&nbsp;<span class=\"target-blank\"> <img decoding=\"async\" src=\"https:\/\/www.ipsen.com\/wp-content\/themes\/ipsen-main\/dist\/images\/forward.png\" alt=\"Modalit\u00e9s de participation AGM 2025 Open in new tab\"><\/span>\n                                                                            <\/a>\n                                <\/li>\n                                                            <li>\n                                   <a href=\"https:\/\/www.ipsen.com\/wp-content\/uploads\/2025\/04\/Communique-de-presse-Mise-a-disposition-des-documents-AGM-2025.pdf\" target=\"_blank\">\n                                        <span class=\"quick-link-text\">Communiqu\u00e9 de presse &#8211; Mise \u00e0 disposition des documents &#8211; AGM 2025<\/span>\n                                                &nbsp;&nbsp;<span class=\"target-blank\"> <img decoding=\"async\" src=\"https:\/\/www.ipsen.com\/wp-content\/themes\/ipsen-main\/dist\/images\/forward.png\" alt=\"Communiqu\u00e9 de presse - Mise \u00e0 disposition des documents - AGM 2025 Open in new tab\"><\/span>\n                                                                            <\/a>\n                                <\/li>\n                                                            <li>\n                                   <a href=\"https:\/\/www.ipsen.com\/wp-content\/uploads\/2025\/04\/Rapport-du-CA-sur-les-projets-de-resolution-2025.pdf\" target=\"_blank\">\n                                        <span class=\"quick-link-text\">Rapport du CA sur les projets de r\u00e9solution 2025<\/span>\n                                                &nbsp;&nbsp;<span class=\"target-blank\"> <img decoding=\"async\" src=\"https:\/\/www.ipsen.com\/wp-content\/themes\/ipsen-main\/dist\/images\/forward.png\" alt=\"Rapport du CA sur les projets de r\u00e9solution 2025 Open in new tab\"><\/span>\n                                                                            <\/a>\n                                <\/li>\n                                                <\/ul>\n                <\/div>\n            <\/div>\n        <\/div>\n    <\/section>\n","protected":false},"excerpt":{"rendered":"","protected":false},"author":11,"featured_media":54540,"comment_status":"closed","ping_status":"closed","sticky":false,"template":"","format":"standard","meta":{"_acf_changed":false,"_jetpack_memberships_contains_paid_content":false,"footnotes":""},"categories":[3732],"tags":[],"class_list":["post-78283","post","type-post","status-publish","format-standard","has-post-thumbnail","hentry","category-shareholdersmeet-fr","entry"],"acf":[],"yoast_head":"<!-- This site is optimized with the Yoast SEO plugin v26.8 - https:\/\/yoast.com\/product\/yoast-seo-wordpress\/ -->\n<title>Assembl\u00e9e g\u00e9n\u00e9rale mixte 2025 - Global<\/title>\n<meta name=\"robots\" content=\"index, follow, max-snippet:-1, max-image-preview:large, max-video-preview:-1\" \/>\n<link rel=\"canonical\" href=\"https:\/\/www.ipsen.com\/fr\/actualites\/shareholdersmeet-fr\/assemblee-generale-mixte-2025\/\" \/>\n<meta property=\"og:locale\" content=\"fr_FR\" \/>\n<meta property=\"og:type\" content=\"article\" \/>\n<meta property=\"og:title\" content=\"Assembl\u00e9e g\u00e9n\u00e9rale mixte 2025 - Global\" \/>\n<meta property=\"og:url\" content=\"https:\/\/www.ipsen.com\/fr\/actualites\/shareholdersmeet-fr\/assemblee-generale-mixte-2025\/\" \/>\n<meta property=\"og:site_name\" content=\"Global\" \/>\n<meta property=\"article:published_time\" content=\"2025-04-17T13:45:38+00:00\" \/>\n<meta property=\"article:modified_time\" content=\"2025-05-22T15:46:02+00:00\" \/>\n<meta property=\"og:image\" content=\"https:\/\/www.ipsen.com\/wp-content\/uploads\/2024\/04\/Image-3_Resize_400x240pix_LD.jpeg\" \/>\n\t<meta property=\"og:image:width\" content=\"400\" \/>\n\t<meta property=\"og:image:height\" content=\"240\" \/>\n\t<meta property=\"og:image:type\" content=\"image\/jpeg\" \/>\n<meta name=\"author\" content=\"heloisedetouchet\" \/>\n<meta name=\"twitter:card\" content=\"summary_large_image\" \/>\n<meta name=\"twitter:creator\" content=\"@ipsengroup\" \/>\n<meta name=\"twitter:site\" content=\"@ipsengroup\" \/>\n<meta name=\"twitter:label1\" content=\"Written by\" \/>\n\t<meta name=\"twitter:data1\" content=\"heloisedetouchet\" \/>\n<script type=\"application\/ld+json\" class=\"yoast-schema-graph\">{\"@context\":\"https:\/\/schema.org\",\"@graph\":[{\"@type\":\"Article\",\"@id\":\"https:\/\/www.ipsen.com\/fr\/actualites\/shareholdersmeet-fr\/assemblee-generale-mixte-2025\/#article\",\"isPartOf\":{\"@id\":\"https:\/\/www.ipsen.com\/fr\/actualites\/shareholdersmeet-fr\/assemblee-generale-mixte-2025\/\"},\"author\":{\"name\":\"heloisedetouchet\",\"@id\":\"https:\/\/www.ipsen.com\/fr\/#\/schema\/person\/2c275168b31beee81688f3c041877318\"},\"headline\":\"Assembl\u00e9e g\u00e9n\u00e9rale mixte 2025\",\"datePublished\":\"2025-04-17T13:45:38+00:00\",\"dateModified\":\"2025-05-22T15:46:02+00:00\",\"mainEntityOfPage\":{\"@id\":\"https:\/\/www.ipsen.com\/fr\/actualites\/shareholdersmeet-fr\/assemblee-generale-mixte-2025\/\"},\"wordCount\":6,\"publisher\":{\"@id\":\"https:\/\/www.ipsen.com\/fr\/#organization\"},\"image\":{\"@id\":\"https:\/\/www.ipsen.com\/fr\/actualites\/shareholdersmeet-fr\/assemblee-generale-mixte-2025\/#primaryimage\"},\"thumbnailUrl\":\"https:\/\/www.ipsen.com\/wp-content\/uploads\/2024\/04\/Image-3_Resize_400x240pix_LD.jpeg\",\"articleSection\":[\"Assembl\u00e9e g\u00e9n\u00e9rale\"],\"inLanguage\":\"fr-FR\"},{\"@type\":\"WebPage\",\"@id\":\"https:\/\/www.ipsen.com\/fr\/actualites\/shareholdersmeet-fr\/assemblee-generale-mixte-2025\/\",\"url\":\"https:\/\/www.ipsen.com\/fr\/actualites\/shareholdersmeet-fr\/assemblee-generale-mixte-2025\/\",\"name\":\"Assembl\u00e9e g\u00e9n\u00e9rale mixte 2025 - Global\",\"isPartOf\":{\"@id\":\"https:\/\/www.ipsen.com\/fr\/#website\"},\"primaryImageOfPage\":{\"@id\":\"https:\/\/www.ipsen.com\/fr\/actualites\/shareholdersmeet-fr\/assemblee-generale-mixte-2025\/#primaryimage\"},\"image\":{\"@id\":\"https:\/\/www.ipsen.com\/fr\/actualites\/shareholdersmeet-fr\/assemblee-generale-mixte-2025\/#primaryimage\"},\"thumbnailUrl\":\"https:\/\/www.ipsen.com\/wp-content\/uploads\/2024\/04\/Image-3_Resize_400x240pix_LD.jpeg\",\"datePublished\":\"2025-04-17T13:45:38+00:00\",\"dateModified\":\"2025-05-22T15:46:02+00:00\",\"breadcrumb\":{\"@id\":\"https:\/\/www.ipsen.com\/fr\/actualites\/shareholdersmeet-fr\/assemblee-generale-mixte-2025\/#breadcrumb\"},\"inLanguage\":\"fr-FR\",\"potentialAction\":[{\"@type\":\"ReadAction\",\"target\":[\"https:\/\/www.ipsen.com\/fr\/actualites\/shareholdersmeet-fr\/assemblee-generale-mixte-2025\/\"]}]},{\"@type\":\"ImageObject\",\"inLanguage\":\"fr-FR\",\"@id\":\"https:\/\/www.ipsen.com\/fr\/actualites\/shareholdersmeet-fr\/assemblee-generale-mixte-2025\/#primaryimage\",\"url\":\"https:\/\/www.ipsen.com\/wp-content\/uploads\/2024\/04\/Image-3_Resize_400x240pix_LD.jpeg\",\"contentUrl\":\"https:\/\/www.ipsen.com\/wp-content\/uploads\/2024\/04\/Image-3_Resize_400x240pix_LD.jpeg\",\"width\":400,\"height\":240},{\"@type\":\"BreadcrumbList\",\"@id\":\"https:\/\/www.ipsen.com\/fr\/actualites\/shareholdersmeet-fr\/assemblee-generale-mixte-2025\/#breadcrumb\",\"itemListElement\":[{\"@type\":\"ListItem\",\"position\":1,\"name\":\"Home\",\"item\":\"https:\/\/www.ipsen.com\/fr\/home\/\"},{\"@type\":\"ListItem\",\"position\":2,\"name\":\"Assembl\u00e9e g\u00e9n\u00e9rale mixte 2025\"}]},{\"@type\":\"WebSite\",\"@id\":\"https:\/\/www.ipsen.com\/fr\/#website\",\"url\":\"https:\/\/www.ipsen.com\/fr\/\",\"name\":\"Global\",\"description\":\"\",\"publisher\":{\"@id\":\"https:\/\/www.ipsen.com\/fr\/#organization\"},\"potentialAction\":[{\"@type\":\"SearchAction\",\"target\":{\"@type\":\"EntryPoint\",\"urlTemplate\":\"https:\/\/www.ipsen.com\/fr\/?s={search_term_string}\"},\"query-input\":{\"@type\":\"PropertyValueSpecification\",\"valueRequired\":true,\"valueName\":\"search_term_string\"}}],\"inLanguage\":\"fr-FR\"},{\"@type\":\"Organization\",\"@id\":\"https:\/\/www.ipsen.com\/fr\/#organization\",\"name\":\"IPSEN\",\"url\":\"https:\/\/www.ipsen.com\/fr\/\",\"logo\":{\"@type\":\"ImageObject\",\"inLanguage\":\"fr-FR\",\"@id\":\"https:\/\/www.ipsen.com\/fr\/#\/schema\/logo\/image\/\",\"url\":\"https:\/\/www.ipsen.com\/wp-content\/uploads\/2023\/12\/Latest_Ipsen-logo_168x48.svg\",\"contentUrl\":\"https:\/\/www.ipsen.com\/wp-content\/uploads\/2023\/12\/Latest_Ipsen-logo_168x48.svg\",\"caption\":\"IPSEN\"},\"image\":{\"@id\":\"https:\/\/www.ipsen.com\/fr\/#\/schema\/logo\/image\/\"},\"sameAs\":[\"https:\/\/www.facebook.com\/Ipsengroup\",\"https:\/\/x.com\/ipsengroup\"]},{\"@type\":\"Person\",\"@id\":\"https:\/\/www.ipsen.com\/fr\/#\/schema\/person\/2c275168b31beee81688f3c041877318\",\"name\":\"heloisedetouchet\",\"image\":{\"@type\":\"ImageObject\",\"inLanguage\":\"fr-FR\",\"@id\":\"https:\/\/www.ipsen.com\/fr\/#\/schema\/person\/image\/\",\"url\":\"https:\/\/secure.gravatar.com\/avatar\/a294050dc7df14814ce352dcd30bd2b11c1bf6f269c4edf2111b59216f02bb15?s=96&d=mm&r=g\",\"contentUrl\":\"https:\/\/secure.gravatar.com\/avatar\/a294050dc7df14814ce352dcd30bd2b11c1bf6f269c4edf2111b59216f02bb15?s=96&d=mm&r=g\",\"caption\":\"heloisedetouchet\"}}]}<\/script>\n<!-- \/ Yoast SEO plugin. -->","yoast_head_json":{"title":"Assembl\u00e9e g\u00e9n\u00e9rale mixte 2025 - Global","robots":{"index":"index","follow":"follow","max-snippet":"max-snippet:-1","max-image-preview":"max-image-preview:large","max-video-preview":"max-video-preview:-1"},"canonical":"https:\/\/www.ipsen.com\/fr\/actualites\/shareholdersmeet-fr\/assemblee-generale-mixte-2025\/","og_locale":"fr_FR","og_type":"article","og_title":"Assembl\u00e9e g\u00e9n\u00e9rale mixte 2025 - Global","og_url":"https:\/\/www.ipsen.com\/fr\/actualites\/shareholdersmeet-fr\/assemblee-generale-mixte-2025\/","og_site_name":"Global","article_published_time":"2025-04-17T13:45:38+00:00","article_modified_time":"2025-05-22T15:46:02+00:00","og_image":[{"width":400,"height":240,"url":"https:\/\/www.ipsen.com\/wp-content\/uploads\/2024\/04\/Image-3_Resize_400x240pix_LD.jpeg","type":"image\/jpeg"}],"author":"heloisedetouchet","twitter_card":"summary_large_image","twitter_creator":"@ipsengroup","twitter_site":"@ipsengroup","twitter_misc":{"Written by":"heloisedetouchet"},"schema":{"@context":"https:\/\/schema.org","@graph":[{"@type":"Article","@id":"https:\/\/www.ipsen.com\/fr\/actualites\/shareholdersmeet-fr\/assemblee-generale-mixte-2025\/#article","isPartOf":{"@id":"https:\/\/www.ipsen.com\/fr\/actualites\/shareholdersmeet-fr\/assemblee-generale-mixte-2025\/"},"author":{"name":"heloisedetouchet","@id":"https:\/\/www.ipsen.com\/fr\/#\/schema\/person\/2c275168b31beee81688f3c041877318"},"headline":"Assembl\u00e9e g\u00e9n\u00e9rale mixte 2025","datePublished":"2025-04-17T13:45:38+00:00","dateModified":"2025-05-22T15:46:02+00:00","mainEntityOfPage":{"@id":"https:\/\/www.ipsen.com\/fr\/actualites\/shareholdersmeet-fr\/assemblee-generale-mixte-2025\/"},"wordCount":6,"publisher":{"@id":"https:\/\/www.ipsen.com\/fr\/#organization"},"image":{"@id":"https:\/\/www.ipsen.com\/fr\/actualites\/shareholdersmeet-fr\/assemblee-generale-mixte-2025\/#primaryimage"},"thumbnailUrl":"https:\/\/www.ipsen.com\/wp-content\/uploads\/2024\/04\/Image-3_Resize_400x240pix_LD.jpeg","articleSection":["Assembl\u00e9e g\u00e9n\u00e9rale"],"inLanguage":"fr-FR"},{"@type":"WebPage","@id":"https:\/\/www.ipsen.com\/fr\/actualites\/shareholdersmeet-fr\/assemblee-generale-mixte-2025\/","url":"https:\/\/www.ipsen.com\/fr\/actualites\/shareholdersmeet-fr\/assemblee-generale-mixte-2025\/","name":"Assembl\u00e9e g\u00e9n\u00e9rale mixte 2025 - Global","isPartOf":{"@id":"https:\/\/www.ipsen.com\/fr\/#website"},"primaryImageOfPage":{"@id":"https:\/\/www.ipsen.com\/fr\/actualites\/shareholdersmeet-fr\/assemblee-generale-mixte-2025\/#primaryimage"},"image":{"@id":"https:\/\/www.ipsen.com\/fr\/actualites\/shareholdersmeet-fr\/assemblee-generale-mixte-2025\/#primaryimage"},"thumbnailUrl":"https:\/\/www.ipsen.com\/wp-content\/uploads\/2024\/04\/Image-3_Resize_400x240pix_LD.jpeg","datePublished":"2025-04-17T13:45:38+00:00","dateModified":"2025-05-22T15:46:02+00:00","breadcrumb":{"@id":"https:\/\/www.ipsen.com\/fr\/actualites\/shareholdersmeet-fr\/assemblee-generale-mixte-2025\/#breadcrumb"},"inLanguage":"fr-FR","potentialAction":[{"@type":"ReadAction","target":["https:\/\/www.ipsen.com\/fr\/actualites\/shareholdersmeet-fr\/assemblee-generale-mixte-2025\/"]}]},{"@type":"ImageObject","inLanguage":"fr-FR","@id":"https:\/\/www.ipsen.com\/fr\/actualites\/shareholdersmeet-fr\/assemblee-generale-mixte-2025\/#primaryimage","url":"https:\/\/www.ipsen.com\/wp-content\/uploads\/2024\/04\/Image-3_Resize_400x240pix_LD.jpeg","contentUrl":"https:\/\/www.ipsen.com\/wp-content\/uploads\/2024\/04\/Image-3_Resize_400x240pix_LD.jpeg","width":400,"height":240},{"@type":"BreadcrumbList","@id":"https:\/\/www.ipsen.com\/fr\/actualites\/shareholdersmeet-fr\/assemblee-generale-mixte-2025\/#breadcrumb","itemListElement":[{"@type":"ListItem","position":1,"name":"Home","item":"https:\/\/www.ipsen.com\/fr\/home\/"},{"@type":"ListItem","position":2,"name":"Assembl\u00e9e g\u00e9n\u00e9rale mixte 2025"}]},{"@type":"WebSite","@id":"https:\/\/www.ipsen.com\/fr\/#website","url":"https:\/\/www.ipsen.com\/fr\/","name":"Global","description":"","publisher":{"@id":"https:\/\/www.ipsen.com\/fr\/#organization"},"potentialAction":[{"@type":"SearchAction","target":{"@type":"EntryPoint","urlTemplate":"https:\/\/www.ipsen.com\/fr\/?s={search_term_string}"},"query-input":{"@type":"PropertyValueSpecification","valueRequired":true,"valueName":"search_term_string"}}],"inLanguage":"fr-FR"},{"@type":"Organization","@id":"https:\/\/www.ipsen.com\/fr\/#organization","name":"IPSEN","url":"https:\/\/www.ipsen.com\/fr\/","logo":{"@type":"ImageObject","inLanguage":"fr-FR","@id":"https:\/\/www.ipsen.com\/fr\/#\/schema\/logo\/image\/","url":"https:\/\/www.ipsen.com\/wp-content\/uploads\/2023\/12\/Latest_Ipsen-logo_168x48.svg","contentUrl":"https:\/\/www.ipsen.com\/wp-content\/uploads\/2023\/12\/Latest_Ipsen-logo_168x48.svg","caption":"IPSEN"},"image":{"@id":"https:\/\/www.ipsen.com\/fr\/#\/schema\/logo\/image\/"},"sameAs":["https:\/\/www.facebook.com\/Ipsengroup","https:\/\/x.com\/ipsengroup"]},{"@type":"Person","@id":"https:\/\/www.ipsen.com\/fr\/#\/schema\/person\/2c275168b31beee81688f3c041877318","name":"heloisedetouchet","image":{"@type":"ImageObject","inLanguage":"fr-FR","@id":"https:\/\/www.ipsen.com\/fr\/#\/schema\/person\/image\/","url":"https:\/\/secure.gravatar.com\/avatar\/a294050dc7df14814ce352dcd30bd2b11c1bf6f269c4edf2111b59216f02bb15?s=96&d=mm&r=g","contentUrl":"https:\/\/secure.gravatar.com\/avatar\/a294050dc7df14814ce352dcd30bd2b11c1bf6f269c4edf2111b59216f02bb15?s=96&d=mm&r=g","caption":"heloisedetouchet"}}]}},"jetpack_featured_media_url":"https:\/\/www.ipsen.com\/wp-content\/uploads\/2024\/04\/Image-3_Resize_400x240pix_LD.jpeg","jetpack_sharing_enabled":true,"_links":{"self":[{"href":"https:\/\/www.ipsen.com\/fr\/wp-json\/wp\/v2\/posts\/78283","targetHints":{"allow":["GET"]}}],"collection":[{"href":"https:\/\/www.ipsen.com\/fr\/wp-json\/wp\/v2\/posts"}],"about":[{"href":"https:\/\/www.ipsen.com\/fr\/wp-json\/wp\/v2\/types\/post"}],"author":[{"embeddable":true,"href":"https:\/\/www.ipsen.com\/fr\/wp-json\/wp\/v2\/users\/11"}],"replies":[{"embeddable":true,"href":"https:\/\/www.ipsen.com\/fr\/wp-json\/wp\/v2\/comments?post=78283"}],"version-history":[{"count":16,"href":"https:\/\/www.ipsen.com\/fr\/wp-json\/wp\/v2\/posts\/78283\/revisions"}],"predecessor-version":[{"id":79991,"href":"https:\/\/www.ipsen.com\/fr\/wp-json\/wp\/v2\/posts\/78283\/revisions\/79991"}],"wp:featuredmedia":[{"embeddable":true,"href":"https:\/\/www.ipsen.com\/fr\/wp-json\/wp\/v2\/media\/54540"}],"wp:attachment":[{"href":"https:\/\/www.ipsen.com\/fr\/wp-json\/wp\/v2\/media?parent=78283"}],"wp:term":[{"taxonomy":"category","embeddable":true,"href":"https:\/\/www.ipsen.com\/fr\/wp-json\/wp\/v2\/categories?post=78283"},{"taxonomy":"post_tag","embeddable":true,"href":"https:\/\/www.ipsen.com\/fr\/wp-json\/wp\/v2\/tags?post=78283"}],"curies":[{"name":"wp","href":"https:\/\/api.w.org\/{rel}","templated":true}]}}