{"id":54547,"date":"2024-04-19T16:36:57","date_gmt":"2024-04-19T14:36:57","guid":{"rendered":"https:\/\/www.ipsen.com\/?p=54547"},"modified":"2024-05-23T17:25:26","modified_gmt":"2024-05-23T15:25:26","slug":"annonce-des-ventes-pour-le-premier-trimestre-2024","status":"publish","type":"post","link":"https:\/\/www.ipsen.com\/fr\/actualites\/general-fr\/annonce-des-ventes-pour-le-premier-trimestre-2024\/","title":{"rendered":"Annonce des ventes pour le premier trimestre 2024"},"content":{"rendered":"    <section class=\"title-text img-bg\">\n        <div class=\"container\">\n            <div class=\"title-text-inner\" style=\"background-image:url(https:\/\/www.ipsen.com\/wp-content\/uploads\/2024\/05\/MicrosoftTeams-image-47.jpg)\">\n\n                <!-- If heading is enabled then it's visible -->\n                <div class=\"text-head-dash visible\">\n                <h3 class=\"heading-three\" role=\"heading\" aria-level=\"2\">\n                        Annonce des ventes pour le premier trimestre 2024                    <\/h3>\n                <\/div>\n               \n                <!-- If description is enabled then it's visible -->\n                <div class=\"text-parbase visible\">\n                    <p>L\u2019annonce des ventes du 1er trimestre 2024 a \u00e9t\u00e9 publi\u00e9e le 24 avril 2024 \u00e0 7h CET.<\/p>\n                <\/div>\n\n                <!-- If button is enabled then it's visible -->\n                \n            <\/div>\n        <\/div>\n    <\/section>\n\n\n    <!--Highlight card with carousel -->\n    <section class=\"highlight-card\" >\n        <div class=\"horizontal-card-carousal mt-5 container\"  >\n            <h3 class=\"highlight-block-title hidden heading-three\" role=\"heading\" aria-level=\"2\">\n                Key highlights            <\/h3>\n            <div id=\"carouselHighlightControls-91\" class=\"carousel slide horizontalcarousel\" data-carouselid=\"91\" data-bs-ride=\"carousel\"  data-autoplay=\"\" data-autoplayspeed=\"\">\n                                <div class=\"carousel-inner\">\n                      <!-- Post Cards layout start here -->\n  <div class=\"carousel-item active \">\n    <div class=\"row\">\n        <div class=\"col-xl-12 col-md-12 col-sm-12\">\n        <!-- highlight-card with image -->\n            <div class=\"container noPadding\">\n                <div class=\"highlight-div\">\n                    <div class=\"row highlight-row\">\n                                                                        <div class=\"column-1 col-lg-12 col-md-12 col-sm-12\">\n                                                    <div class=\"highlight-post\">\n                                <div class=\"highlight-time-div\">\n                                    <div class=\"highlight-info-sec\">\n                                        \n                                        <span class=\"desk-span\">\n                                                                                                                                    <span class=\"hightlight-date visible\">24 Avril 2024<\/span>\n                                                                                                                                    <\/span>\n\n                                        <p class=\"mob-span\">\n                                                                                        \n                                                                                            <span class=\"hightlight-date visible\">24 Avril 2024<\/span>\n                                                                                                                                        \n                                        <\/p>\n                                    <\/div>\n                                    <div class=\"highlight-rightside-icons\">\n                                        \n                                                                                    <div class=\"highlight-share-sec visible\">\n                                                                                                <div id=\"share-toggle-54917\" class=\"share-toggle\" role=\"button\" aria-expanded=\"false\" aria-controls=\"share-tray-54917\" tabindex=\"0\" data-title=\"Ipsen enregistre une solide croissance de ses ventes au premier trimestre et confirme ses objectifs financiers pour l&#039;exercice 2024\">\n                                                    <img decoding=\"async\" src=\"https:\/\/www.ipsen.com\/wp-content\/themes\/ipsen-main\/dist\/images\/share-icon.svg\" alt=\"Partager sur les r\u00e9seaux sociaux\" title=\"Partager sur les r\u00e9seaux sociaux\" >\n                                                <\/div>\n                                                <div id=\"share-tray-54917\" class=\"share-tray hidden\" role=\"menu\" aria-hidden=\"true\">\n                                                                                                                <a role=\"menuitem\" tabindex=\"-1\" href=\"https:\/\/www.linkedin.com\/shareArticle?url=https%3A%2F%2Fwww.ipsen.com%2Ffr%2Fcommunique-de-presse%2Fipsen-enregistre-une-solide-croissance-de-ses-ventes-au-premier-trimestre-et-confirme-ses-objectifs-financiers-pour-lexercice-2024%2F&#038;title=Ipsen+enregistre+une+solide+croissance+de+ses+ventes+au+premier+trimestre+et+confirme+ses+objectifs+financiers+pour+l%27exercice+2024&#038;media=\" target=\"_blank\">\n                                                                <img decoding=\"async\" src=\"https:\/\/www.ipsen.com\/wp-content\/themes\/ipsen-main\/dist\/images\/LinkedIn.png\" alt=\"Partager sur LinkedIn\" title=\"Partager sur LinkedIn\" >LinkedIn\n                                                            <\/a>\n                                                                                                                <!--<a href=\"\" target=\"_blank\">\n                                                                <img decoding=\"async\" src=\"\" alt=\"\" title=\"\" >Twitter\n                                                            <\/a>-->\n\n                                                                                                                <a role=\"menuitem\" tabindex=\"-1\" href=\"https:\/\/www.facebook.com\/sharer.php?u=https%3A%2F%2Fwww.ipsen.com%2Ffr%2Fcommunique-de-presse%2Fipsen-enregistre-une-solide-croissance-de-ses-ventes-au-premier-trimestre-et-confirme-ses-objectifs-financiers-pour-lexercice-2024%2F&#038;p=Ipsen+enregistre+une+solide+croissance+de+ses+ventes+au+premier+trimestre+et+confirme+ses+objectifs+financiers+pour+l%27exercice+2024\" target=\"_blank\">\n                                                                <img decoding=\"async\" src=\"https:\/\/www.ipsen.com\/wp-content\/themes\/ipsen-main\/dist\/images\/Facebook.png\" alt=\"Partager sur Facebook\" title=\"Partager sur Facebook\" >Facebook\n                                                            <\/a>\n                                                                                                    <\/div>\n                                            <\/div>\n                                            <script>\n                                            (function(){\n                                                var toggle = document.getElementById('share-toggle-54917');\n                                                var tray = document.getElementById('share-tray-54917');\n                                                if(!toggle || !tray) return;\n                                                var isOpen = false;\n                                                function openTray(){\n                                                    isOpen = true;\n                                                    toggle.setAttribute('aria-expanded','true');\n                                                    tray.classList.remove('hidden');\n                                                    tray.setAttribute('aria-hidden','false');\n                                                    var first = tray.querySelector('[role=\"menuitem\"]');\n                                                    if(first){ first.tabIndex = 0; first.focus(); }\n                                                }\n                                                function closeTray(){\n                                                    isOpen = false;\n                                                    toggle.setAttribute('aria-expanded','false');\n                                                    tray.classList.add('hidden');\n                                                    tray.setAttribute('aria-hidden','true');\n                                                    var items = tray.querySelectorAll('[role=\"menuitem\"]');\n                                                    items.forEach(function(it){ it.tabIndex = -1; });\n                                                    toggle.focus();\n                                                }\n                                                toggle.addEventListener('click', function(e){\n                                                    if(isOpen) closeTray(); else openTray();\n                                                }, false);\n                                                toggle.addEventListener('keydown', function(e){\n                                                    if(e.key === 'Enter' || e.key === ' ' || e.code === 'Space'){ e.preventDefault(); toggle.click(); }\n                                                });\n                                                document.addEventListener('click', function(e){\n                                                    if(!toggle.contains(e.target) && !tray.contains(e.target) && isOpen){\n                                                        closeTray();\n                                                    }\n                                                });\n                                                tray.addEventListener('keydown', function(e){\n                                                    if(e.key === 'Escape'){ closeTray(); }\n                                                });\n                                                var itemsInit = tray.querySelectorAll('[role=\"menuitem\"]');\n                                                itemsInit.forEach(function(it){ it.tabIndex = -1; });\n                                            })();\n                                            <\/script>\n                                                                            <\/div>\n                                <\/div>\n                                <div class=\"highlight-post-content\">\n                                    <a href=\"https:\/\/www.ipsen.com\/fr\/communique-de-presse\/ipsen-enregistre-une-solide-croissance-de-ses-ventes-au-premier-trimestre-et-confirme-ses-objectifs-financiers-pour-lexercice-2024\/\">\n                                        <h5 class=\"blue-txt\" role=\"heading\" aria-level=\"3\">Ipsen enregistre une solide croissance de ses ventes au premier trimestre et confirme ses objectifs financiers pour l&#8217;exercice 2024<\/h5>\n                                    <\/a>\n                                                                    <\/div>\n                            <\/div>\n                        <\/div>\n                    <\/div>\n                <\/div>\n            <\/div>\n        <\/div>\n    <\/div>\n<\/div>\n<!--Post Cards layout end here -->                <\/div>\n            <\/div>\n        <\/div>\n    <\/section>\n\n\n<!-- Text & Media Block Code -->\n<section class=\"two-col-section text-media-section\">\n    <div class=\"container two-section-innner \">\n        <div class=\"response-inner\" style=\"background-image: url('')\">\n            <div class=\"row \">\n                <div class=\"col-xs-12 col-sm-12 col-md-6\">\n                                                    <div class=\"img-video-section\">\n                                <img decoding=\"async\" \n                                    src=\"https:\/\/www.ipsen.com\/wp-content\/uploads\/2024\/04\/Image-3_Resize_400x240pix_LD.jpeg\" \n                                    alt=\"\" \n                                >\n                            <\/div>\n                                        <\/div>\n                <div class=\" col-xs-12 col-sm-12 col-md-6\">\n                    <div class=\"section-content\">\n                        <div class=\"heading-dash\">\n                                                    <\/div>\n                                                    <p class=\"section-head-two heading-para\" role=\"heading\" aria-level=\"3\">\n                                    Conf\u00e9rence t\u00e9l\u00e9phonique destin\u00e9e aux investisseurs et analystes                                <\/p>\n                                                <p>Une conf\u00e9rence t\u00e9l\u00e9phonique destin\u00e9e aux investisseurs et aux analystes, comprenant une pr\u00e9sentation et une session interactive de questions-r\u00e9ponses a eu lieu le 24 avril 2024 \u00e0 13h00 CET.<\/p>\n                            <a \n                            aria-label=\"Webcast replay about \"  \n                                role=\"link\" \n                                class=\"btn-link section-btn cta-visible\"\n                                href=\"https:\/\/edge.media-server.com\/mmc\/p\/gcaebawx\/\" \n                                target=\"_blank\"\n                            > \n                                Webcast replay \n                            <\/a>\n\n                    <\/div>\n                <\/div>\n            <\/div>\n        <\/div>\n    <\/div>\n<\/section>\n\n\n    <div class=\"container tab-pane-container\" >\n        <section class=\"profile-card\">\n            <div class=\"profile-regular-listing\">\n    <div class=\"container regular-listing-container\">\n        <h3 role=\"heading\" aria-level=\"2\" class=\"profile-head visible heading-three\">Intervenants de la conf\u00e9rence t\u00e9l\u00e9phonique destin\u00e9e aux investisseurs et analystes<\/h3>\n        <p class=\"profile-summary hidden\"><\/p>\n        <div class=\"regular-lisitng\">\n            <div class=\"row\">\n                                            <div class=\"col-lg-4 col-md-6 col-sm-12\">\n                                <div class=\"profile-regular-card\">\n\n                                        <div class=\"profile-regular-card-inner\">\n                                                                                            <a href=\"https:\/\/www.ipsen.com\/fr\/leadership\/david-loew\/\">\n                                                \n                                            \n                                                <div class=\"profile-card-img\">\n                                                    <img decoding=\"async\" src=\"https:\/\/www.ipsen.com\/wp-content\/uploads\/2026\/03\/01_DAVID-LOEW_IPSEN-COM_756x506pix.jpg\" alt=\"David Loew\" \/>\n                                                <\/div>\n                                                <div class=\"profile-details-sec\">\n                                                    <h3 role=\"heading\" aria-level=\"3\" class=\"profile-title-para\">\n                                                        David Loew                                                    <\/h3>\n                                                    <div class=\"role-sec\">\n                                                        <p>\n                                                            <span class=\"profile-main visible\">\n                                                                Directeur G\u00e9n\u00e9ral                                                            <\/span>\n                                                        <\/p>\n                                                        <div class=\"profile-dec-sec hidden\">\n                                                            <p class=\"profile-role-desc\">\n                                                                                                                            <\/p>\n                                                        <\/div>\n                                                    <\/div>\n                                                <\/div>\n                                                                                            <\/a>\n                                                \n\n                                        <\/div>\n\n                                <\/div>\n                            <\/div>\n                                            <div class=\"col-lg-4 col-md-6 col-sm-12\">\n                                <div class=\"profile-regular-card\">\n\n                                        <div class=\"profile-regular-card-inner\">\n                                                                                            <a href=\"https:\/\/www.ipsen.com\/fr\/leadership\/aymeric-le-chatelier\/\">\n                                                \n                                            \n                                                <div class=\"profile-card-img\">\n                                                    <img decoding=\"async\" src=\"https:\/\/www.ipsen.com\/wp-content\/uploads\/2026\/03\/06_AYMERIC-LE-CHATELIER_IPSEN-COM_756x506pix.jpg\" alt=\"Aymeric Le Chatelier\" \/>\n                                                <\/div>\n                                                <div class=\"profile-details-sec\">\n                                                    <h3 role=\"heading\" aria-level=\"3\" class=\"profile-title-para\">\n                                                        Aymeric Le Chatelier                                                    <\/h3>\n                                                    <div class=\"role-sec\">\n                                                        <p>\n                                                            <span class=\"profile-main visible\">\n                                                                Vice-Pr\u00e9sident Ex\u00e9cutif                                                            <\/span>\n                                                        <\/p>\n                                                        <div class=\"profile-dec-sec visible\">\n                                                            <p class=\"profile-role-desc\">\n                                                                Directeur Financier                                                            <\/p>\n                                                        <\/div>\n                                                    <\/div>\n                                                <\/div>\n                                                                                            <\/a>\n                                                \n\n                                        <\/div>\n\n                                <\/div>\n                            <\/div>\n                \n            <\/div>\n        <\/div>\n    <\/div>\n<\/div>        <\/section>\n    <\/div>\n\n\n\n<!-- Text & Media Block Code -->\n<section class=\"two-col-section text-media-section\">\n    <div class=\"container two-section-innner \">\n        <div class=\"response-inner\" style=\"background-image: url('')\">\n            <div class=\"row \">\n                <div class=\"col-xs-12 col-sm-12 col-md-6\">\n                                                    <div class=\"img-video-section\">\n                                <img decoding=\"async\" \n                                    src=\"https:\/\/www.ipsen.com\/wp-content\/uploads\/2024\/04\/Boulogne-France-img-15-S-1-1.png\" \n                                    alt=\"\" \n                                >\n                            <\/div>\n                                        <\/div>\n                <div class=\" col-xs-12 col-sm-12 col-md-6\">\n                    <div class=\"section-content\">\n                        <div class=\"heading-dash\">\n                                                    <\/div>\n                                                    <p class=\"section-head-two heading-para\" role=\"heading\" aria-level=\"3\">\n                                    Pr\u00e9sentation des ventes et faits marquants du premier trimestre                                <\/p>\n                                                <p>La pr\u00e9sentation sera partag\u00e9e le 24 avril 2024, avant la conf\u00e9rence t\u00e9l\u00e9phonique destin\u00e9e aux investisseurs et aux analystes.<\/p>\n<p><strong><a href=\"https:\/\/www.ipsen.com\/wp-content\/uploads\/2024\/04\/T1-2024-\u2013-presentation-des-ventes.pdf\">T1 2024 \u2013 pr\u00e9sentation des ventes<\/a><\/strong><\/p>\n                            <a \n                            aria-label=\" about \"  \n                                role=\"link\" \n                                class=\"btn-link hidden\"\n                                href=\"\" \n                                target=\"_self\"\n                            > \n                                 \n                            <\/a>\n\n                    <\/div>\n                <\/div>\n            <\/div>\n        <\/div>\n    <\/div>\n<\/section>\n\n    <section class=\"title-text \">\n        <div class=\"container\">\n            <div class=\"title-text-inner\" style=\"background-color:#EDEBE4;\">\n\n                <!-- If heading is enabled then it's visible -->\n                <div class=\"text-head-dash hidden\">\n                <h3 class=\"heading-three\" role=\"heading\" aria-level=\"2\">\n                                            <\/h3>\n                <\/div>\n               \n                <!-- If description is enabled then it's visible -->\n                <div class=\"text-parbase visible\">\n                    <p><strong>\u00c0 propos d\u2019Ipsen<\/strong><\/p>\n<p>Nous sommes un groupe biopharmaceutique mondial focalis\u00e9 sur la mise au point de m\u00e9dicaments innovants pour les patients dans trois domaines th\u00e9rapeutiques : l\u2019Oncologie, les Maladies Rares et les Neurosciences.<\/p>\n<p>Notre portefeuille de produits en R&amp;D s\u2019appuie sur l\u2019innovation externe et sur pr\u00e8s de 100\u202fans d\u2019exp\u00e9rience de d\u00e9veloppement au sein de hubs mondiaux aux \u00c9tats-Unis, en France et au Royaume-Uni. Nos \u00e9quipes, pr\u00e9sentes dans plus de 40\u202fpays, et nos partenariats \u00e0 travers le monde nous permettent de proposer nos m\u00e9dicaments aux patients dans plus de 100\u202fpays.<\/p>\n<p>Ipsen est cot\u00e9 \u00e0 Paris (Euronext : IPN) et aux Etats-Unis \u00e0 travers un programme d\u2019American Depositary Receipt (ADR : IPSEY) sponsoris\u00e9 de niveau I. Pour plus d\u2019informations, consultez ipsen.com<\/p>\n                <\/div>\n\n                <!-- If button is enabled then it's visible -->\n                \n            <\/div>\n        <\/div>\n    <\/section>\n\n\n    <section class=\"title-text img-bg\">\n        <div class=\"container\">\n            <div class=\"title-text-inner\" style=\"background-image:url(https:\/\/www.ipsen.com\/wp-content\/uploads\/2024\/05\/Image-Plain-light-blue-1.jpg)\">\n\n                <!-- If heading is enabled then it's visible -->\n                <div class=\"text-head-dash visible\">\n                <h3 class=\"heading-three\" role=\"heading\" aria-level=\"2\">\n                        IPSEN EN BREF                    <\/h3>\n                <\/div>\n               \n                <!-- If description is enabled then it's visible -->\n                <div class=\"text-parbase visible\">\n                    <p>Notre vision est d\u2019\u00eatre un groupe biopharmaceutique de taille moyenne leader au niveau mondial qui se concentre sur les m\u00e9dicaments transformateurs en oncologie, les maladies rares et les neurosciences.<\/p>\n<p>D\u00e9couvrez Ipsen en deux pages ; nos produits et chiffres cl\u00e9s, nos objectifs et notre strat\u00e9gie.<\/p>\n                <\/div>\n\n                <!-- If button is enabled then it's visible -->\n                                        <div class=\"btn-txt\">\n                            <a \n                                aria-label=\"\" \n                                class=\"btn-link section-btn cta-visible\"  \n                                role=\"link\"\n                                href=\"https:\/\/www.ipsen.com\/wp-content\/uploads\/2024\/02\/Ipsen-in-Brief-2024.pdf\" target=\"_blank\">\n                                T\u00e9l\u00e9chargez Ipsen en bref                            <\/a>\n                        <\/div>\n                \n            <\/div>\n        <\/div>\n    <\/section>\n\n\n\n<!--Alert Card Layout Start Here-->\n<section class=\"alertcard-section\">\n      <div class=\"container\">\n        <!--Alert Box HTML Start Here-->\n        <div class=\"alert-box warning-box\">\n                    <div class=\"info-icon\">\n              <span class=\"info-circle\"><img decoding=\"async\" src=\"https:\/\/www.ipsen.com\/wp-content\/themes\/ipsen-main\/dist\/images\/alert-warning-icon.png\" alt=\"Alert\"\/><\/i>\n            <\/div>\n                    <div class=\"info-contents\">\n          <h4 role=\"heading\" aria-level=\"2\" class=\"info-head heading-four heading-four\"><\/h4>\n            <p class=\"info-sub-head-para hidden heading-para\"><\/p>\n            <div class=\"alert-content visible\"><p>Si vous rencontrez des difficult\u00e9s pour vous inscrire \u00e0 la conf\u00e9rence t\u00e9l\u00e9phonique destin\u00e9e aux investisseurs et analystes, veuillez nous \u00e9crire \u00e0 l\u2019adresse suivante\u00a0:\u00a0<a href=\"mailto:nicolas.bogler@ipsen.com\">nicolas.bogler@ipsen.com<\/a><\/p>\n<\/div>\n          <\/div>\n        <\/div>\n        <!--Alert Box HTML Start Here-->\n      <\/div>\n    <\/section>\n<!--Alert Card Layout End Here-->\n","protected":false},"excerpt":{"rendered":"","protected":false},"author":11,"featured_media":54542,"comment_status":"closed","ping_status":"closed","sticky":false,"template":"","format":"standard","meta":{"_acf_changed":false,"_jetpack_memberships_contains_paid_content":false,"footnotes":""},"categories":[1215],"tags":[],"class_list":["post-54547","post","type-post","status-publish","format-standard","has-post-thumbnail","hentry","category-general-fr","entry"],"acf":[],"yoast_head":"<!-- This site is optimized with the Yoast SEO plugin v26.8 - https:\/\/yoast.com\/product\/yoast-seo-wordpress\/ -->\n<title>Annonce des ventes pour le premier trimestre 2024 - Global<\/title>\n<meta name=\"robots\" content=\"index, follow, max-snippet:-1, max-image-preview:large, max-video-preview:-1\" \/>\n<link rel=\"canonical\" href=\"https:\/\/www.ipsen.com\/fr\/actualites\/general-fr\/annonce-des-ventes-pour-le-premier-trimestre-2024\/\" \/>\n<meta property=\"og:locale\" content=\"fr_FR\" \/>\n<meta property=\"og:type\" content=\"article\" \/>\n<meta property=\"og:title\" content=\"Annonce des ventes pour le premier trimestre 2024 - Global\" \/>\n<meta property=\"og:url\" content=\"https:\/\/www.ipsen.com\/fr\/actualites\/general-fr\/annonce-des-ventes-pour-le-premier-trimestre-2024\/\" \/>\n<meta property=\"og:site_name\" content=\"Global\" \/>\n<meta property=\"article:published_time\" content=\"2024-04-19T14:36:57+00:00\" \/>\n<meta property=\"article:modified_time\" content=\"2024-05-23T15:25:26+00:00\" \/>\n<meta property=\"og:image\" content=\"https:\/\/www.ipsen.com\/wp-content\/uploads\/2024\/04\/Boulogne-France-img-15-S-1-1.png\" \/>\n\t<meta property=\"og:image:width\" content=\"700\" \/>\n\t<meta property=\"og:image:height\" content=\"420\" \/>\n\t<meta property=\"og:image:type\" content=\"image\/png\" \/>\n<meta name=\"author\" content=\"heloisedetouchet\" \/>\n<meta name=\"twitter:card\" content=\"summary_large_image\" \/>\n<meta name=\"twitter:creator\" content=\"@ipsengroup\" \/>\n<meta name=\"twitter:site\" content=\"@ipsengroup\" \/>\n<meta name=\"twitter:label1\" content=\"Written by\" \/>\n\t<meta name=\"twitter:data1\" content=\"heloisedetouchet\" \/>\n<script type=\"application\/ld+json\" class=\"yoast-schema-graph\">{\"@context\":\"https:\/\/schema.org\",\"@graph\":[{\"@type\":\"Article\",\"@id\":\"https:\/\/www.ipsen.com\/fr\/actualites\/general-fr\/annonce-des-ventes-pour-le-premier-trimestre-2024\/#article\",\"isPartOf\":{\"@id\":\"https:\/\/www.ipsen.com\/fr\/actualites\/general-fr\/annonce-des-ventes-pour-le-premier-trimestre-2024\/\"},\"author\":{\"name\":\"heloisedetouchet\",\"@id\":\"https:\/\/www.ipsen.com\/fr\/#\/schema\/person\/2c275168b31beee81688f3c041877318\"},\"headline\":\"Annonce des ventes pour le premier trimestre 2024\",\"datePublished\":\"2024-04-19T14:36:57+00:00\",\"dateModified\":\"2024-05-23T15:25:26+00:00\",\"mainEntityOfPage\":{\"@id\":\"https:\/\/www.ipsen.com\/fr\/actualites\/general-fr\/annonce-des-ventes-pour-le-premier-trimestre-2024\/\"},\"wordCount\":7,\"publisher\":{\"@id\":\"https:\/\/www.ipsen.com\/fr\/#organization\"},\"image\":{\"@id\":\"https:\/\/www.ipsen.com\/fr\/actualites\/general-fr\/annonce-des-ventes-pour-le-premier-trimestre-2024\/#primaryimage\"},\"thumbnailUrl\":\"https:\/\/www.ipsen.com\/wp-content\/uploads\/2024\/04\/Boulogne-France-img-15-S-1-1.png\",\"articleSection\":[\"G\u00e9n\u00e9ral\"],\"inLanguage\":\"fr-FR\"},{\"@type\":\"WebPage\",\"@id\":\"https:\/\/www.ipsen.com\/fr\/actualites\/general-fr\/annonce-des-ventes-pour-le-premier-trimestre-2024\/\",\"url\":\"https:\/\/www.ipsen.com\/fr\/actualites\/general-fr\/annonce-des-ventes-pour-le-premier-trimestre-2024\/\",\"name\":\"Annonce des ventes pour le premier trimestre 2024 - Global\",\"isPartOf\":{\"@id\":\"https:\/\/www.ipsen.com\/fr\/#website\"},\"primaryImageOfPage\":{\"@id\":\"https:\/\/www.ipsen.com\/fr\/actualites\/general-fr\/annonce-des-ventes-pour-le-premier-trimestre-2024\/#primaryimage\"},\"image\":{\"@id\":\"https:\/\/www.ipsen.com\/fr\/actualites\/general-fr\/annonce-des-ventes-pour-le-premier-trimestre-2024\/#primaryimage\"},\"thumbnailUrl\":\"https:\/\/www.ipsen.com\/wp-content\/uploads\/2024\/04\/Boulogne-France-img-15-S-1-1.png\",\"datePublished\":\"2024-04-19T14:36:57+00:00\",\"dateModified\":\"2024-05-23T15:25:26+00:00\",\"breadcrumb\":{\"@id\":\"https:\/\/www.ipsen.com\/fr\/actualites\/general-fr\/annonce-des-ventes-pour-le-premier-trimestre-2024\/#breadcrumb\"},\"inLanguage\":\"fr-FR\",\"potentialAction\":[{\"@type\":\"ReadAction\",\"target\":[\"https:\/\/www.ipsen.com\/fr\/actualites\/general-fr\/annonce-des-ventes-pour-le-premier-trimestre-2024\/\"]}]},{\"@type\":\"ImageObject\",\"inLanguage\":\"fr-FR\",\"@id\":\"https:\/\/www.ipsen.com\/fr\/actualites\/general-fr\/annonce-des-ventes-pour-le-premier-trimestre-2024\/#primaryimage\",\"url\":\"https:\/\/www.ipsen.com\/wp-content\/uploads\/2024\/04\/Boulogne-France-img-15-S-1-1.png\",\"contentUrl\":\"https:\/\/www.ipsen.com\/wp-content\/uploads\/2024\/04\/Boulogne-France-img-15-S-1-1.png\",\"width\":700,\"height\":420},{\"@type\":\"BreadcrumbList\",\"@id\":\"https:\/\/www.ipsen.com\/fr\/actualites\/general-fr\/annonce-des-ventes-pour-le-premier-trimestre-2024\/#breadcrumb\",\"itemListElement\":[{\"@type\":\"ListItem\",\"position\":1,\"name\":\"Home\",\"item\":\"https:\/\/www.ipsen.com\/fr\/home\/\"},{\"@type\":\"ListItem\",\"position\":2,\"name\":\"Annonce des ventes pour le premier trimestre 2024\"}]},{\"@type\":\"WebSite\",\"@id\":\"https:\/\/www.ipsen.com\/fr\/#website\",\"url\":\"https:\/\/www.ipsen.com\/fr\/\",\"name\":\"Global\",\"description\":\"\",\"publisher\":{\"@id\":\"https:\/\/www.ipsen.com\/fr\/#organization\"},\"potentialAction\":[{\"@type\":\"SearchAction\",\"target\":{\"@type\":\"EntryPoint\",\"urlTemplate\":\"https:\/\/www.ipsen.com\/fr\/?s={search_term_string}\"},\"query-input\":{\"@type\":\"PropertyValueSpecification\",\"valueRequired\":true,\"valueName\":\"search_term_string\"}}],\"inLanguage\":\"fr-FR\"},{\"@type\":\"Organization\",\"@id\":\"https:\/\/www.ipsen.com\/fr\/#organization\",\"name\":\"IPSEN\",\"url\":\"https:\/\/www.ipsen.com\/fr\/\",\"logo\":{\"@type\":\"ImageObject\",\"inLanguage\":\"fr-FR\",\"@id\":\"https:\/\/www.ipsen.com\/fr\/#\/schema\/logo\/image\/\",\"url\":\"https:\/\/www.ipsen.com\/wp-content\/uploads\/2023\/12\/Latest_Ipsen-logo_168x48.svg\",\"contentUrl\":\"https:\/\/www.ipsen.com\/wp-content\/uploads\/2023\/12\/Latest_Ipsen-logo_168x48.svg\",\"caption\":\"IPSEN\"},\"image\":{\"@id\":\"https:\/\/www.ipsen.com\/fr\/#\/schema\/logo\/image\/\"},\"sameAs\":[\"https:\/\/www.facebook.com\/Ipsengroup\",\"https:\/\/x.com\/ipsengroup\"]},{\"@type\":\"Person\",\"@id\":\"https:\/\/www.ipsen.com\/fr\/#\/schema\/person\/2c275168b31beee81688f3c041877318\",\"name\":\"heloisedetouchet\",\"image\":{\"@type\":\"ImageObject\",\"inLanguage\":\"fr-FR\",\"@id\":\"https:\/\/www.ipsen.com\/fr\/#\/schema\/person\/image\/\",\"url\":\"https:\/\/secure.gravatar.com\/avatar\/a294050dc7df14814ce352dcd30bd2b11c1bf6f269c4edf2111b59216f02bb15?s=96&d=mm&r=g\",\"contentUrl\":\"https:\/\/secure.gravatar.com\/avatar\/a294050dc7df14814ce352dcd30bd2b11c1bf6f269c4edf2111b59216f02bb15?s=96&d=mm&r=g\",\"caption\":\"heloisedetouchet\"}}]}<\/script>\n<!-- \/ Yoast SEO plugin. -->","yoast_head_json":{"title":"Annonce des ventes pour le premier trimestre 2024 - Global","robots":{"index":"index","follow":"follow","max-snippet":"max-snippet:-1","max-image-preview":"max-image-preview:large","max-video-preview":"max-video-preview:-1"},"canonical":"https:\/\/www.ipsen.com\/fr\/actualites\/general-fr\/annonce-des-ventes-pour-le-premier-trimestre-2024\/","og_locale":"fr_FR","og_type":"article","og_title":"Annonce des ventes pour le premier trimestre 2024 - Global","og_url":"https:\/\/www.ipsen.com\/fr\/actualites\/general-fr\/annonce-des-ventes-pour-le-premier-trimestre-2024\/","og_site_name":"Global","article_published_time":"2024-04-19T14:36:57+00:00","article_modified_time":"2024-05-23T15:25:26+00:00","og_image":[{"width":700,"height":420,"url":"https:\/\/www.ipsen.com\/wp-content\/uploads\/2024\/04\/Boulogne-France-img-15-S-1-1.png","type":"image\/png"}],"author":"heloisedetouchet","twitter_card":"summary_large_image","twitter_creator":"@ipsengroup","twitter_site":"@ipsengroup","twitter_misc":{"Written by":"heloisedetouchet"},"schema":{"@context":"https:\/\/schema.org","@graph":[{"@type":"Article","@id":"https:\/\/www.ipsen.com\/fr\/actualites\/general-fr\/annonce-des-ventes-pour-le-premier-trimestre-2024\/#article","isPartOf":{"@id":"https:\/\/www.ipsen.com\/fr\/actualites\/general-fr\/annonce-des-ventes-pour-le-premier-trimestre-2024\/"},"author":{"name":"heloisedetouchet","@id":"https:\/\/www.ipsen.com\/fr\/#\/schema\/person\/2c275168b31beee81688f3c041877318"},"headline":"Annonce des ventes pour le premier trimestre 2024","datePublished":"2024-04-19T14:36:57+00:00","dateModified":"2024-05-23T15:25:26+00:00","mainEntityOfPage":{"@id":"https:\/\/www.ipsen.com\/fr\/actualites\/general-fr\/annonce-des-ventes-pour-le-premier-trimestre-2024\/"},"wordCount":7,"publisher":{"@id":"https:\/\/www.ipsen.com\/fr\/#organization"},"image":{"@id":"https:\/\/www.ipsen.com\/fr\/actualites\/general-fr\/annonce-des-ventes-pour-le-premier-trimestre-2024\/#primaryimage"},"thumbnailUrl":"https:\/\/www.ipsen.com\/wp-content\/uploads\/2024\/04\/Boulogne-France-img-15-S-1-1.png","articleSection":["G\u00e9n\u00e9ral"],"inLanguage":"fr-FR"},{"@type":"WebPage","@id":"https:\/\/www.ipsen.com\/fr\/actualites\/general-fr\/annonce-des-ventes-pour-le-premier-trimestre-2024\/","url":"https:\/\/www.ipsen.com\/fr\/actualites\/general-fr\/annonce-des-ventes-pour-le-premier-trimestre-2024\/","name":"Annonce des ventes pour le premier trimestre 2024 - Global","isPartOf":{"@id":"https:\/\/www.ipsen.com\/fr\/#website"},"primaryImageOfPage":{"@id":"https:\/\/www.ipsen.com\/fr\/actualites\/general-fr\/annonce-des-ventes-pour-le-premier-trimestre-2024\/#primaryimage"},"image":{"@id":"https:\/\/www.ipsen.com\/fr\/actualites\/general-fr\/annonce-des-ventes-pour-le-premier-trimestre-2024\/#primaryimage"},"thumbnailUrl":"https:\/\/www.ipsen.com\/wp-content\/uploads\/2024\/04\/Boulogne-France-img-15-S-1-1.png","datePublished":"2024-04-19T14:36:57+00:00","dateModified":"2024-05-23T15:25:26+00:00","breadcrumb":{"@id":"https:\/\/www.ipsen.com\/fr\/actualites\/general-fr\/annonce-des-ventes-pour-le-premier-trimestre-2024\/#breadcrumb"},"inLanguage":"fr-FR","potentialAction":[{"@type":"ReadAction","target":["https:\/\/www.ipsen.com\/fr\/actualites\/general-fr\/annonce-des-ventes-pour-le-premier-trimestre-2024\/"]}]},{"@type":"ImageObject","inLanguage":"fr-FR","@id":"https:\/\/www.ipsen.com\/fr\/actualites\/general-fr\/annonce-des-ventes-pour-le-premier-trimestre-2024\/#primaryimage","url":"https:\/\/www.ipsen.com\/wp-content\/uploads\/2024\/04\/Boulogne-France-img-15-S-1-1.png","contentUrl":"https:\/\/www.ipsen.com\/wp-content\/uploads\/2024\/04\/Boulogne-France-img-15-S-1-1.png","width":700,"height":420},{"@type":"BreadcrumbList","@id":"https:\/\/www.ipsen.com\/fr\/actualites\/general-fr\/annonce-des-ventes-pour-le-premier-trimestre-2024\/#breadcrumb","itemListElement":[{"@type":"ListItem","position":1,"name":"Home","item":"https:\/\/www.ipsen.com\/fr\/home\/"},{"@type":"ListItem","position":2,"name":"Annonce des ventes pour le premier trimestre 2024"}]},{"@type":"WebSite","@id":"https:\/\/www.ipsen.com\/fr\/#website","url":"https:\/\/www.ipsen.com\/fr\/","name":"Global","description":"","publisher":{"@id":"https:\/\/www.ipsen.com\/fr\/#organization"},"potentialAction":[{"@type":"SearchAction","target":{"@type":"EntryPoint","urlTemplate":"https:\/\/www.ipsen.com\/fr\/?s={search_term_string}"},"query-input":{"@type":"PropertyValueSpecification","valueRequired":true,"valueName":"search_term_string"}}],"inLanguage":"fr-FR"},{"@type":"Organization","@id":"https:\/\/www.ipsen.com\/fr\/#organization","name":"IPSEN","url":"https:\/\/www.ipsen.com\/fr\/","logo":{"@type":"ImageObject","inLanguage":"fr-FR","@id":"https:\/\/www.ipsen.com\/fr\/#\/schema\/logo\/image\/","url":"https:\/\/www.ipsen.com\/wp-content\/uploads\/2023\/12\/Latest_Ipsen-logo_168x48.svg","contentUrl":"https:\/\/www.ipsen.com\/wp-content\/uploads\/2023\/12\/Latest_Ipsen-logo_168x48.svg","caption":"IPSEN"},"image":{"@id":"https:\/\/www.ipsen.com\/fr\/#\/schema\/logo\/image\/"},"sameAs":["https:\/\/www.facebook.com\/Ipsengroup","https:\/\/x.com\/ipsengroup"]},{"@type":"Person","@id":"https:\/\/www.ipsen.com\/fr\/#\/schema\/person\/2c275168b31beee81688f3c041877318","name":"heloisedetouchet","image":{"@type":"ImageObject","inLanguage":"fr-FR","@id":"https:\/\/www.ipsen.com\/fr\/#\/schema\/person\/image\/","url":"https:\/\/secure.gravatar.com\/avatar\/a294050dc7df14814ce352dcd30bd2b11c1bf6f269c4edf2111b59216f02bb15?s=96&d=mm&r=g","contentUrl":"https:\/\/secure.gravatar.com\/avatar\/a294050dc7df14814ce352dcd30bd2b11c1bf6f269c4edf2111b59216f02bb15?s=96&d=mm&r=g","caption":"heloisedetouchet"}}]}},"jetpack_featured_media_url":"https:\/\/www.ipsen.com\/wp-content\/uploads\/2024\/04\/Boulogne-France-img-15-S-1-1.png","jetpack_sharing_enabled":true,"_links":{"self":[{"href":"https:\/\/www.ipsen.com\/fr\/wp-json\/wp\/v2\/posts\/54547","targetHints":{"allow":["GET"]}}],"collection":[{"href":"https:\/\/www.ipsen.com\/fr\/wp-json\/wp\/v2\/posts"}],"about":[{"href":"https:\/\/www.ipsen.com\/fr\/wp-json\/wp\/v2\/types\/post"}],"author":[{"embeddable":true,"href":"https:\/\/www.ipsen.com\/fr\/wp-json\/wp\/v2\/users\/11"}],"replies":[{"embeddable":true,"href":"https:\/\/www.ipsen.com\/fr\/wp-json\/wp\/v2\/comments?post=54547"}],"version-history":[{"count":10,"href":"https:\/\/www.ipsen.com\/fr\/wp-json\/wp\/v2\/posts\/54547\/revisions"}],"predecessor-version":[{"id":56976,"href":"https:\/\/www.ipsen.com\/fr\/wp-json\/wp\/v2\/posts\/54547\/revisions\/56976"}],"wp:featuredmedia":[{"embeddable":true,"href":"https:\/\/www.ipsen.com\/fr\/wp-json\/wp\/v2\/media\/54542"}],"wp:attachment":[{"href":"https:\/\/www.ipsen.com\/fr\/wp-json\/wp\/v2\/media?parent=54547"}],"wp:term":[{"taxonomy":"category","embeddable":true,"href":"https:\/\/www.ipsen.com\/fr\/wp-json\/wp\/v2\/categories?post=54547"},{"taxonomy":"post_tag","embeddable":true,"href":"https:\/\/www.ipsen.com\/fr\/wp-json\/wp\/v2\/tags?post=54547"}],"curies":[{"name":"wp","href":"https:\/\/api.w.org\/{rel}","templated":true}]}}