{"id":49462,"date":"2024-02-02T14:37:39","date_gmt":"2024-02-02T12:37:39","guid":{"rendered":"https:\/\/www.ipsen.com\/?p=49462"},"modified":"2024-02-02T14:48:59","modified_gmt":"2024-02-02T12:48:59","slug":"prendre-soin-dun-proche-atteint-dun-cancer-du-pancreas-metastatique-lhistoire-de-nora","status":"publish","type":"post","link":"https:\/\/www.ipsen.com\/fr\/actualites\/oncology-fr\/prendre-soin-dun-proche-atteint-dun-cancer-du-pancreas-metastatique-lhistoire-de-nora\/","title":{"rendered":"Prendre soin d&#8217;un proche atteint d&#8217;un cancer du pancr\u00e9as m\u00e9tastatique : l&#8217;histoire de Nora"},"content":{"rendered":"\n<p><em>Nora et Hector croisent leurs regards pour la premi\u00e8re fois il y a 39 ans. Ils se marient peu de temps apr\u00e8s et sont d\u00e8s lors ins\u00e9parables. En 2021, Hector apprend qu&#8217;il est atteint d&#8217;un cancer du pancr\u00e9as m\u00e9tastatique, un diagnostic particuli\u00e8rement difficile qui fait basculer toute sa famille. Au-del\u00e0 de son r\u00f4le d&#8217;aidante, Nora va tout mettre en \u0153uvre pour faire valoir les besoins et les int\u00e9r\u00eats de son mari.<\/em><\/p>\n\n\n    <section class=\"video-card \">\n        <div class=\"container\">\n            <!-- Block Details -->\n            <div class=\"video-card-header\">\n                <h3 class=\"video-card-block-title hidden heading-three\">\n                                    <\/h3>\n                <p class=\"charcoal-grey video-card-block-summary hidden\"> \n                                    <\/p>\n            <\/div>\n\n            <!-- Video Iframe embed -->\n                            <div class=\"video-embed\"> \n                <iframe loading=\"lazy\" title=\"Global Video - Caring for a Loved One with Metastatic Pancreatic Cancer: Nora\u2019s Story\" src=\"https:\/\/player.vimeo.com\/video\/909064648?h=d30bd1d55f&amp;app_id=122963&#038;autoplay=1&#038;muted=1&#038;controls=1&#038;loop=1&#038;autopause=1&#038;background=0\" width=\"640\" height=\"360\" frameborder=\"0\" allow=\"autoplay; fullscreen; picture-in-picture; clipboard-write; encrypted-media; web-share\" referrerpolicy=\"strict-origin-when-cross-origin\" frameborder=\"0\" allow=\"autoplay; fullscreen; picture-in-picture\" data-ot-ignore><\/iframe>                <\/div>\n            \n            <!-- Block CTA -->\n            <div class=\"cta-block hidden\">\n                            <\/div>\n\n        <\/div>\n    <\/section>\n\n\n\n<p>Le cancer du pancr\u00e9as m\u00e9tastatique est l\u2019un des types de cancer les plus difficiles \u00e0 d\u00e9tecter et \u00e0 traiter parmi tous les types de tumeurs solides.<sup>1<\/sup> Sur le plan \u00e9motionnel, ce cancer a des r\u00e9percussions sur la vie quotidienne. Il affecte le bien-\u00eatre psychologique et \u00e9motionnel d\u2019un patient aussi rapidement que sa sant\u00e9 physique. Compte tenu de la gravit\u00e9 du diagnostic, associ\u00e9 \u00e0 une dur\u00e9e de survie moyenne inf\u00e9rieure \u00e0 deux ans<sup>2<\/sup>, les personnes diagnostiqu\u00e9es et leurs proches vivent du stress, de l\u2019incertitude et bien d\u2019autres \u00e9motions.<\/p>\n\n\n\n<p>Hector a senti que quelque chose n&#8217;allait pas lorsqu&#8217;il a commenc\u00e9 \u00e0 avoir des probl\u00e8mes gastriques. Un examen chez un gastro-ent\u00e9rologue r\u00e9v\u00e8le des taches au niveau de son pancr\u00e9as qui, selon le m\u00e9decin, ne sont pas inqui\u00e9tantes. Trois mois s&#8217;\u00e9coulent depuis cette consultation, avec de nombreuses visites \u00e0 l\u2019h\u00f4pital. Un jour, Nora remarque que la peau d\u2019Hector a pris une teinte jaun\u00e2tre. Le couple se rend \u00e0 nouveau \u00e0 l&#8217;h\u00f4pital, en urgence. Le diagnostic tombe&nbsp;: Hector est atteint d&#8217;un cancer du pancr\u00e9as m\u00e9tastatique de stade IV. Nora revient sur ce moment et la gravit\u00e9 du diagnostic prononc\u00e9 : \u00ab&nbsp;Nous savions tous les deux ce que cela signifiait. \u00bb La nouvelle est d\u00e9vastatrice pour leur famille, d&#8217;autant plus qu&#8217;un m\u00e9decin leur assurait trois mois plus t\u00f4t que tout allait bien.<\/p>\n\n\n\n<p>Mais le couple d\u00e9cide de ne pas se laisser sombrer. \u00ab&nbsp;Nous allons nous battre. Nous allons faire tout ce que nous pouvons.&nbsp;\u00bb Nora se donne pour mission de devenir le meilleur soutien d\u2019Hector pour faire valoir ses besoins et d\u00e9fendre ses int\u00e9r\u00eats. Elle l&#8217;accompagne \u00e0 chacun de ses rendez-vous m\u00e9dicaux, note sur un carnet tout ce dont il faut se souvenir&nbsp;: des noms des m\u00e9decins aux recettes et autres solutions qu&#8217;elle peut mettre en place pour soutenir Hector dans son alimentation.<\/p>\n\n\n\n<p>\u00c0 toutes les personnes aidantes qui accompagnent un proche, Nora rappelle qu&#8217;il est important de prendre du temps pour soi et de pr\u00e9server sa propre sant\u00e9 physique et mentale. En prenant soin de soi, l&#8217;aidant se donne les moyens de soutenir encore mieux son proche. Nora, elle, trouve du r\u00e9pit dans la musique. Elle adore \u00e9galement faire des randonn\u00e9es pour se vider la t\u00eate.<\/p>\n\n\n\n<p>Malgr\u00e9 ce diagnostic bouleversant d&#8217;un cancer du pancr\u00e9as m\u00e9tastatique qui touche Hector et sa famille, Nora<\/p>\n\n\n\n<p>croit au pouvoir de la positivit\u00e9 et donne ce conseil \u00e0 ceux qui vivent une situation similaire : \u00ab N&#8217;abandonnez pas. Il y a toujours de l&#8217;espoir.&nbsp;\u00bb<\/p>\n\n\n    <section class=\"title-text \">\n        <div class=\"container\">\n            <div class=\"title-text-inner\" style=\"background-color:#EDEBE4;\">\n\n                <!-- If heading is enabled then it's visible -->\n                <div class=\"text-head-dash visible\">\n                <h3 class=\"heading-three\" role=\"heading\" aria-level=\"2\">\n                        Quelques chiffres sur le cancer du pancr\u00e9as                    <\/h3>\n                <\/div>\n               \n                <!-- If description is enabled then it's visible -->\n                <div class=\"text-parbase visible\">\n                    <ul>\n<li>L&#8217;ad\u00e9nocarcinome canalaire pancr\u00e9atique (PDAC) est le type de cancer du pancr\u00e9as le plus courant<sup>2,3<\/sup><\/li>\n<li>Environ 500 000 personnes re\u00e7oivent un diagnostic de PDAC chaque ann\u00e9e dans le monde.<sup>4<\/sup><\/li>\n<li>Le patient ne constate aucun sympt\u00f4me sp\u00e9cifique aux premiers stades, ce qui explique la d\u00e9tection souvent tardive de la PDAC, lorsque la maladie s&#8217;est propag\u00e9e \u00e0 d&#8217;autres parties du corps (m\u00e9tastatique ou stade IV).<sup>5<\/sup><\/li>\n<li>La perte de poids, les douleurs abdominales et la jaunisse sont les sympt\u00f4mes les plus courants aux stades avanc\u00e9s de la maladie.<sup>6<\/sup><\/li>\n<\/ul>\n                <\/div>\n\n                <!-- If button is enabled then it's visible -->\n                \n            <\/div>\n        <\/div>\n    <\/section>\n\n\n\n<p><sup>1<\/sup>&nbsp;Orth, M., Metzger, P., Gerum, S. et al. Pancreatic ductal adenocarcinoma: biological hallmarks, current status, and future perspectives of combined modality treatment approaches. Radiat Oncol 14, 141 (2019). https:\/\/doi.org\/10.1186\/s13014-019-1345-6<\/p>\n\n\n\n<p><sup>2<\/sup>&nbsp;<a href=\"https:\/\/www.cancer.net\/cancer-types\/pancreatic-cancer\/statistics\">https:\/\/www.cancer.net\/cancer-types\/pancreatic-cancer\/statistics<\/a>. Accessed: January 2024.<\/p>\n\n\n\n<p><sup>3<\/sup>&nbsp;<a href=\"https:\/\/www.cancer.org\/cancer\/types\/pancreatic-cancer\/about\/what-is-pancreatic-cancer.html\">https:\/\/www.cancer.org\/cancer\/types\/pancreatic-cancer\/about\/what-is-pancreatic-cancer.html<\/a>. Accessed January 2024.<\/p>\n\n\n\n<p><sup>4<\/sup>&nbsp;GLOBOCAN 2020 Cancer Today. Available:&nbsp;<a href=\"https:\/\/gco.iarc.fr\/today\/online-analysis-table?v=2020&amp;mode=cancer&amp;mode_population=continents&amp;population=900&amp;populations=900&amp;key=asr&amp;sex=0&amp;cancer=39&amp;type=0&amp;statistic=5&amp;prevalence=0&amp;population_group=0&amp;ages_group%5B%5D=0&amp;ages_group%5B%5D=17&amp;group_cancer=1&amp;include_nmsc=0&amp;include_nmsc_other=1\">https:\/\/gco.iarc.fr\/today\/online-analysis-table?v=2020&amp;mode=cancer&amp;mode_population=continents&amp;population=900&amp;populations=900&amp;key=asr&amp;sex=0&amp;cancer=39&amp;type=0&amp;statistic=5&amp;prevalence=0&amp;population_group=0&amp;ages_group%5B%5D=0&amp;ages_group%5B%5D=17&amp;group_cancer=1&amp;include_nmsc=0&amp;include_nmsc_other=1<\/a>. Accessed: January 2024.<\/p>\n\n\n\n<p><sup>5<\/sup>&nbsp;Sarantis et al. Pancreatic ductal adenocarcinoma: Treatment hurdles, tumor microenvironment and immunotherapy. World J Gastrointest Oncol. 2020 Feb 15; 12(2): 173\u2013181. DOI: 10.4251\/wjgo.v12.i2.173<\/p>\n\n\n\n<p><sup>6<\/sup>&nbsp;<a href=\"http:\/\/www.cancer.org\/cancer\/types\/pancreatic-cancer\/detection-diagnosis-staging\/signs-and-symptoms\">www.cancer.org\/cancer\/types\/pancreatic-cancer\/detection-diagnosis-staging\/signs-and-symptoms<\/a><\/p>\n","protected":false},"excerpt":{"rendered":"<p>Nora et Hector croisent leurs regards pour la premi\u00e8re fois il y a 39 ans. Ils se marient peu de<\/p>\n","protected":false},"author":9,"featured_media":49450,"comment_status":"closed","ping_status":"closed","sticky":false,"template":"","format":"standard","meta":{"_acf_changed":false,"_jetpack_memberships_contains_paid_content":false,"footnotes":""},"categories":[6024],"tags":[],"class_list":["post-49462","post","type-post","status-publish","format-standard","has-post-thumbnail","hentry","category-oncology-fr","entry"],"acf":[],"yoast_head":"<!-- This site is optimized with the Yoast SEO plugin v26.8 - https:\/\/yoast.com\/product\/yoast-seo-wordpress\/ -->\n<title>Prendre soin d&#039;un proche atteint d&#039;un cancer du pancr\u00e9as m\u00e9tastatique : l&#039;histoire de Nora - Global<\/title>\n<meta name=\"robots\" content=\"index, follow, max-snippet:-1, max-image-preview:large, max-video-preview:-1\" \/>\n<link rel=\"canonical\" href=\"https:\/\/www.ipsen.com\/fr\/actualites\/oncology-fr\/prendre-soin-dun-proche-atteint-dun-cancer-du-pancreas-metastatique-lhistoire-de-nora\/\" \/>\n<meta property=\"og:locale\" content=\"fr_FR\" \/>\n<meta property=\"og:type\" content=\"article\" \/>\n<meta property=\"og:title\" content=\"Prendre soin d&#039;un proche atteint d&#039;un cancer du pancr\u00e9as m\u00e9tastatique : l&#039;histoire de Nora - Global\" \/>\n<meta property=\"og:description\" content=\"Nora et Hector croisent leurs regards pour la premi\u00e8re fois il y a 39 ans. Ils se marient peu de\" \/>\n<meta property=\"og:url\" content=\"https:\/\/www.ipsen.com\/fr\/actualites\/oncology-fr\/prendre-soin-dun-proche-atteint-dun-cancer-du-pancreas-metastatique-lhistoire-de-nora\/\" \/>\n<meta property=\"og:site_name\" content=\"Global\" \/>\n<meta property=\"article:published_time\" content=\"2024-02-02T12:37:39+00:00\" \/>\n<meta property=\"article:modified_time\" content=\"2024-02-02T12:48:59+00:00\" \/>\n<meta property=\"og:image\" content=\"https:\/\/www.ipsen.com\/wp-content\/uploads\/2024\/02\/20230503-Nora-and-Hector-Mendez-086-scaled-1.jpg\" \/>\n\t<meta property=\"og:image:width\" content=\"4000\" \/>\n\t<meta property=\"og:image:height\" content=\"2668\" \/>\n\t<meta property=\"og:image:type\" content=\"image\/jpeg\" \/>\n<meta name=\"author\" content=\"konstantinoskampanos\" \/>\n<meta name=\"twitter:card\" content=\"summary_large_image\" \/>\n<meta name=\"twitter:creator\" content=\"@ipsengroup\" \/>\n<meta name=\"twitter:site\" content=\"@ipsengroup\" \/>\n<meta name=\"twitter:label1\" content=\"Written by\" \/>\n\t<meta name=\"twitter:data1\" content=\"konstantinoskampanos\" \/>\n\t<meta name=\"twitter:label2\" content=\"Est. reading time\" \/>\n\t<meta name=\"twitter:data2\" content=\"3 minutes\" \/>\n<script type=\"application\/ld+json\" class=\"yoast-schema-graph\">{\"@context\":\"https:\/\/schema.org\",\"@graph\":[{\"@type\":\"Article\",\"@id\":\"https:\/\/www.ipsen.com\/fr\/actualites\/oncology-fr\/prendre-soin-dun-proche-atteint-dun-cancer-du-pancreas-metastatique-lhistoire-de-nora\/#article\",\"isPartOf\":{\"@id\":\"https:\/\/www.ipsen.com\/fr\/actualites\/oncology-fr\/prendre-soin-dun-proche-atteint-dun-cancer-du-pancreas-metastatique-lhistoire-de-nora\/\"},\"author\":{\"name\":\"konstantinoskampanos\",\"@id\":\"https:\/\/www.ipsen.com\/fr\/#\/schema\/person\/caf513ba91f9535b6b2d8a79d95764c5\"},\"headline\":\"Prendre soin d&#8217;un proche atteint d&#8217;un cancer du pancr\u00e9as m\u00e9tastatique : l&#8217;histoire de Nora\",\"datePublished\":\"2024-02-02T12:37:39+00:00\",\"dateModified\":\"2024-02-02T12:48:59+00:00\",\"mainEntityOfPage\":{\"@id\":\"https:\/\/www.ipsen.com\/fr\/actualites\/oncology-fr\/prendre-soin-dun-proche-atteint-dun-cancer-du-pancreas-metastatique-lhistoire-de-nora\/\"},\"wordCount\":700,\"publisher\":{\"@id\":\"https:\/\/www.ipsen.com\/fr\/#organization\"},\"image\":{\"@id\":\"https:\/\/www.ipsen.com\/fr\/actualites\/oncology-fr\/prendre-soin-dun-proche-atteint-dun-cancer-du-pancreas-metastatique-lhistoire-de-nora\/#primaryimage\"},\"thumbnailUrl\":\"https:\/\/www.ipsen.com\/wp-content\/uploads\/2024\/02\/20230503-Nora-and-Hector-Mendez-086-scaled-1.jpg\",\"articleSection\":[\"Oncologie\"],\"inLanguage\":\"fr-FR\"},{\"@type\":\"WebPage\",\"@id\":\"https:\/\/www.ipsen.com\/fr\/actualites\/oncology-fr\/prendre-soin-dun-proche-atteint-dun-cancer-du-pancreas-metastatique-lhistoire-de-nora\/\",\"url\":\"https:\/\/www.ipsen.com\/fr\/actualites\/oncology-fr\/prendre-soin-dun-proche-atteint-dun-cancer-du-pancreas-metastatique-lhistoire-de-nora\/\",\"name\":\"Prendre soin d'un proche atteint d'un cancer du pancr\u00e9as m\u00e9tastatique : l'histoire de Nora - Global\",\"isPartOf\":{\"@id\":\"https:\/\/www.ipsen.com\/fr\/#website\"},\"primaryImageOfPage\":{\"@id\":\"https:\/\/www.ipsen.com\/fr\/actualites\/oncology-fr\/prendre-soin-dun-proche-atteint-dun-cancer-du-pancreas-metastatique-lhistoire-de-nora\/#primaryimage\"},\"image\":{\"@id\":\"https:\/\/www.ipsen.com\/fr\/actualites\/oncology-fr\/prendre-soin-dun-proche-atteint-dun-cancer-du-pancreas-metastatique-lhistoire-de-nora\/#primaryimage\"},\"thumbnailUrl\":\"https:\/\/www.ipsen.com\/wp-content\/uploads\/2024\/02\/20230503-Nora-and-Hector-Mendez-086-scaled-1.jpg\",\"datePublished\":\"2024-02-02T12:37:39+00:00\",\"dateModified\":\"2024-02-02T12:48:59+00:00\",\"breadcrumb\":{\"@id\":\"https:\/\/www.ipsen.com\/fr\/actualites\/oncology-fr\/prendre-soin-dun-proche-atteint-dun-cancer-du-pancreas-metastatique-lhistoire-de-nora\/#breadcrumb\"},\"inLanguage\":\"fr-FR\",\"potentialAction\":[{\"@type\":\"ReadAction\",\"target\":[\"https:\/\/www.ipsen.com\/fr\/actualites\/oncology-fr\/prendre-soin-dun-proche-atteint-dun-cancer-du-pancreas-metastatique-lhistoire-de-nora\/\"]}]},{\"@type\":\"ImageObject\",\"inLanguage\":\"fr-FR\",\"@id\":\"https:\/\/www.ipsen.com\/fr\/actualites\/oncology-fr\/prendre-soin-dun-proche-atteint-dun-cancer-du-pancreas-metastatique-lhistoire-de-nora\/#primaryimage\",\"url\":\"https:\/\/www.ipsen.com\/wp-content\/uploads\/2024\/02\/20230503-Nora-and-Hector-Mendez-086-scaled-1.jpg\",\"contentUrl\":\"https:\/\/www.ipsen.com\/wp-content\/uploads\/2024\/02\/20230503-Nora-and-Hector-Mendez-086-scaled-1.jpg\",\"width\":4000,\"height\":2668},{\"@type\":\"BreadcrumbList\",\"@id\":\"https:\/\/www.ipsen.com\/fr\/actualites\/oncology-fr\/prendre-soin-dun-proche-atteint-dun-cancer-du-pancreas-metastatique-lhistoire-de-nora\/#breadcrumb\",\"itemListElement\":[{\"@type\":\"ListItem\",\"position\":1,\"name\":\"Home\",\"item\":\"https:\/\/www.ipsen.com\/fr\/home\/\"},{\"@type\":\"ListItem\",\"position\":2,\"name\":\"Prendre soin d&#8217;un proche atteint d&#8217;un cancer du pancr\u00e9as m\u00e9tastatique : l&#8217;histoire de Nora\"}]},{\"@type\":\"WebSite\",\"@id\":\"https:\/\/www.ipsen.com\/fr\/#website\",\"url\":\"https:\/\/www.ipsen.com\/fr\/\",\"name\":\"Global\",\"description\":\"\",\"publisher\":{\"@id\":\"https:\/\/www.ipsen.com\/fr\/#organization\"},\"potentialAction\":[{\"@type\":\"SearchAction\",\"target\":{\"@type\":\"EntryPoint\",\"urlTemplate\":\"https:\/\/www.ipsen.com\/fr\/?s={search_term_string}\"},\"query-input\":{\"@type\":\"PropertyValueSpecification\",\"valueRequired\":true,\"valueName\":\"search_term_string\"}}],\"inLanguage\":\"fr-FR\"},{\"@type\":\"Organization\",\"@id\":\"https:\/\/www.ipsen.com\/fr\/#organization\",\"name\":\"IPSEN\",\"url\":\"https:\/\/www.ipsen.com\/fr\/\",\"logo\":{\"@type\":\"ImageObject\",\"inLanguage\":\"fr-FR\",\"@id\":\"https:\/\/www.ipsen.com\/fr\/#\/schema\/logo\/image\/\",\"url\":\"https:\/\/www.ipsen.com\/wp-content\/uploads\/2023\/12\/Latest_Ipsen-logo_168x48.svg\",\"contentUrl\":\"https:\/\/www.ipsen.com\/wp-content\/uploads\/2023\/12\/Latest_Ipsen-logo_168x48.svg\",\"caption\":\"IPSEN\"},\"image\":{\"@id\":\"https:\/\/www.ipsen.com\/fr\/#\/schema\/logo\/image\/\"},\"sameAs\":[\"https:\/\/www.facebook.com\/Ipsengroup\",\"https:\/\/x.com\/ipsengroup\"]},{\"@type\":\"Person\",\"@id\":\"https:\/\/www.ipsen.com\/fr\/#\/schema\/person\/caf513ba91f9535b6b2d8a79d95764c5\",\"name\":\"konstantinoskampanos\",\"image\":{\"@type\":\"ImageObject\",\"inLanguage\":\"fr-FR\",\"@id\":\"https:\/\/www.ipsen.com\/fr\/#\/schema\/person\/image\/\",\"url\":\"https:\/\/secure.gravatar.com\/avatar\/461d8aaa3dc000968b96f9df6ebfd0f045990cabf9f91de7f7dc4b9542e2adc8?s=96&d=mm&r=g\",\"contentUrl\":\"https:\/\/secure.gravatar.com\/avatar\/461d8aaa3dc000968b96f9df6ebfd0f045990cabf9f91de7f7dc4b9542e2adc8?s=96&d=mm&r=g\",\"caption\":\"konstantinoskampanos\"}}]}<\/script>\n<!-- \/ Yoast SEO plugin. -->","yoast_head_json":{"title":"Prendre soin d'un proche atteint d'un cancer du pancr\u00e9as m\u00e9tastatique : l'histoire de Nora - Global","robots":{"index":"index","follow":"follow","max-snippet":"max-snippet:-1","max-image-preview":"max-image-preview:large","max-video-preview":"max-video-preview:-1"},"canonical":"https:\/\/www.ipsen.com\/fr\/actualites\/oncology-fr\/prendre-soin-dun-proche-atteint-dun-cancer-du-pancreas-metastatique-lhistoire-de-nora\/","og_locale":"fr_FR","og_type":"article","og_title":"Prendre soin d'un proche atteint d'un cancer du pancr\u00e9as m\u00e9tastatique : l'histoire de Nora - Global","og_description":"Nora et Hector croisent leurs regards pour la premi\u00e8re fois il y a 39 ans. Ils se marient peu de","og_url":"https:\/\/www.ipsen.com\/fr\/actualites\/oncology-fr\/prendre-soin-dun-proche-atteint-dun-cancer-du-pancreas-metastatique-lhistoire-de-nora\/","og_site_name":"Global","article_published_time":"2024-02-02T12:37:39+00:00","article_modified_time":"2024-02-02T12:48:59+00:00","og_image":[{"width":4000,"height":2668,"url":"https:\/\/www.ipsen.com\/wp-content\/uploads\/2024\/02\/20230503-Nora-and-Hector-Mendez-086-scaled-1.jpg","type":"image\/jpeg"}],"author":"konstantinoskampanos","twitter_card":"summary_large_image","twitter_creator":"@ipsengroup","twitter_site":"@ipsengroup","twitter_misc":{"Written by":"konstantinoskampanos","Est. reading time":"3 minutes"},"schema":{"@context":"https:\/\/schema.org","@graph":[{"@type":"Article","@id":"https:\/\/www.ipsen.com\/fr\/actualites\/oncology-fr\/prendre-soin-dun-proche-atteint-dun-cancer-du-pancreas-metastatique-lhistoire-de-nora\/#article","isPartOf":{"@id":"https:\/\/www.ipsen.com\/fr\/actualites\/oncology-fr\/prendre-soin-dun-proche-atteint-dun-cancer-du-pancreas-metastatique-lhistoire-de-nora\/"},"author":{"name":"konstantinoskampanos","@id":"https:\/\/www.ipsen.com\/fr\/#\/schema\/person\/caf513ba91f9535b6b2d8a79d95764c5"},"headline":"Prendre soin d&#8217;un proche atteint d&#8217;un cancer du pancr\u00e9as m\u00e9tastatique : l&#8217;histoire de Nora","datePublished":"2024-02-02T12:37:39+00:00","dateModified":"2024-02-02T12:48:59+00:00","mainEntityOfPage":{"@id":"https:\/\/www.ipsen.com\/fr\/actualites\/oncology-fr\/prendre-soin-dun-proche-atteint-dun-cancer-du-pancreas-metastatique-lhistoire-de-nora\/"},"wordCount":700,"publisher":{"@id":"https:\/\/www.ipsen.com\/fr\/#organization"},"image":{"@id":"https:\/\/www.ipsen.com\/fr\/actualites\/oncology-fr\/prendre-soin-dun-proche-atteint-dun-cancer-du-pancreas-metastatique-lhistoire-de-nora\/#primaryimage"},"thumbnailUrl":"https:\/\/www.ipsen.com\/wp-content\/uploads\/2024\/02\/20230503-Nora-and-Hector-Mendez-086-scaled-1.jpg","articleSection":["Oncologie"],"inLanguage":"fr-FR"},{"@type":"WebPage","@id":"https:\/\/www.ipsen.com\/fr\/actualites\/oncology-fr\/prendre-soin-dun-proche-atteint-dun-cancer-du-pancreas-metastatique-lhistoire-de-nora\/","url":"https:\/\/www.ipsen.com\/fr\/actualites\/oncology-fr\/prendre-soin-dun-proche-atteint-dun-cancer-du-pancreas-metastatique-lhistoire-de-nora\/","name":"Prendre soin d'un proche atteint d'un cancer du pancr\u00e9as m\u00e9tastatique : l'histoire de Nora - Global","isPartOf":{"@id":"https:\/\/www.ipsen.com\/fr\/#website"},"primaryImageOfPage":{"@id":"https:\/\/www.ipsen.com\/fr\/actualites\/oncology-fr\/prendre-soin-dun-proche-atteint-dun-cancer-du-pancreas-metastatique-lhistoire-de-nora\/#primaryimage"},"image":{"@id":"https:\/\/www.ipsen.com\/fr\/actualites\/oncology-fr\/prendre-soin-dun-proche-atteint-dun-cancer-du-pancreas-metastatique-lhistoire-de-nora\/#primaryimage"},"thumbnailUrl":"https:\/\/www.ipsen.com\/wp-content\/uploads\/2024\/02\/20230503-Nora-and-Hector-Mendez-086-scaled-1.jpg","datePublished":"2024-02-02T12:37:39+00:00","dateModified":"2024-02-02T12:48:59+00:00","breadcrumb":{"@id":"https:\/\/www.ipsen.com\/fr\/actualites\/oncology-fr\/prendre-soin-dun-proche-atteint-dun-cancer-du-pancreas-metastatique-lhistoire-de-nora\/#breadcrumb"},"inLanguage":"fr-FR","potentialAction":[{"@type":"ReadAction","target":["https:\/\/www.ipsen.com\/fr\/actualites\/oncology-fr\/prendre-soin-dun-proche-atteint-dun-cancer-du-pancreas-metastatique-lhistoire-de-nora\/"]}]},{"@type":"ImageObject","inLanguage":"fr-FR","@id":"https:\/\/www.ipsen.com\/fr\/actualites\/oncology-fr\/prendre-soin-dun-proche-atteint-dun-cancer-du-pancreas-metastatique-lhistoire-de-nora\/#primaryimage","url":"https:\/\/www.ipsen.com\/wp-content\/uploads\/2024\/02\/20230503-Nora-and-Hector-Mendez-086-scaled-1.jpg","contentUrl":"https:\/\/www.ipsen.com\/wp-content\/uploads\/2024\/02\/20230503-Nora-and-Hector-Mendez-086-scaled-1.jpg","width":4000,"height":2668},{"@type":"BreadcrumbList","@id":"https:\/\/www.ipsen.com\/fr\/actualites\/oncology-fr\/prendre-soin-dun-proche-atteint-dun-cancer-du-pancreas-metastatique-lhistoire-de-nora\/#breadcrumb","itemListElement":[{"@type":"ListItem","position":1,"name":"Home","item":"https:\/\/www.ipsen.com\/fr\/home\/"},{"@type":"ListItem","position":2,"name":"Prendre soin d&#8217;un proche atteint d&#8217;un cancer du pancr\u00e9as m\u00e9tastatique : l&#8217;histoire de Nora"}]},{"@type":"WebSite","@id":"https:\/\/www.ipsen.com\/fr\/#website","url":"https:\/\/www.ipsen.com\/fr\/","name":"Global","description":"","publisher":{"@id":"https:\/\/www.ipsen.com\/fr\/#organization"},"potentialAction":[{"@type":"SearchAction","target":{"@type":"EntryPoint","urlTemplate":"https:\/\/www.ipsen.com\/fr\/?s={search_term_string}"},"query-input":{"@type":"PropertyValueSpecification","valueRequired":true,"valueName":"search_term_string"}}],"inLanguage":"fr-FR"},{"@type":"Organization","@id":"https:\/\/www.ipsen.com\/fr\/#organization","name":"IPSEN","url":"https:\/\/www.ipsen.com\/fr\/","logo":{"@type":"ImageObject","inLanguage":"fr-FR","@id":"https:\/\/www.ipsen.com\/fr\/#\/schema\/logo\/image\/","url":"https:\/\/www.ipsen.com\/wp-content\/uploads\/2023\/12\/Latest_Ipsen-logo_168x48.svg","contentUrl":"https:\/\/www.ipsen.com\/wp-content\/uploads\/2023\/12\/Latest_Ipsen-logo_168x48.svg","caption":"IPSEN"},"image":{"@id":"https:\/\/www.ipsen.com\/fr\/#\/schema\/logo\/image\/"},"sameAs":["https:\/\/www.facebook.com\/Ipsengroup","https:\/\/x.com\/ipsengroup"]},{"@type":"Person","@id":"https:\/\/www.ipsen.com\/fr\/#\/schema\/person\/caf513ba91f9535b6b2d8a79d95764c5","name":"konstantinoskampanos","image":{"@type":"ImageObject","inLanguage":"fr-FR","@id":"https:\/\/www.ipsen.com\/fr\/#\/schema\/person\/image\/","url":"https:\/\/secure.gravatar.com\/avatar\/461d8aaa3dc000968b96f9df6ebfd0f045990cabf9f91de7f7dc4b9542e2adc8?s=96&d=mm&r=g","contentUrl":"https:\/\/secure.gravatar.com\/avatar\/461d8aaa3dc000968b96f9df6ebfd0f045990cabf9f91de7f7dc4b9542e2adc8?s=96&d=mm&r=g","caption":"konstantinoskampanos"}}]}},"jetpack_featured_media_url":"https:\/\/www.ipsen.com\/wp-content\/uploads\/2024\/02\/20230503-Nora-and-Hector-Mendez-086-scaled-1.jpg","jetpack_sharing_enabled":true,"_links":{"self":[{"href":"https:\/\/www.ipsen.com\/fr\/wp-json\/wp\/v2\/posts\/49462","targetHints":{"allow":["GET"]}}],"collection":[{"href":"https:\/\/www.ipsen.com\/fr\/wp-json\/wp\/v2\/posts"}],"about":[{"href":"https:\/\/www.ipsen.com\/fr\/wp-json\/wp\/v2\/types\/post"}],"author":[{"embeddable":true,"href":"https:\/\/www.ipsen.com\/fr\/wp-json\/wp\/v2\/users\/9"}],"replies":[{"embeddable":true,"href":"https:\/\/www.ipsen.com\/fr\/wp-json\/wp\/v2\/comments?post=49462"}],"version-history":[{"count":2,"href":"https:\/\/www.ipsen.com\/fr\/wp-json\/wp\/v2\/posts\/49462\/revisions"}],"predecessor-version":[{"id":49464,"href":"https:\/\/www.ipsen.com\/fr\/wp-json\/wp\/v2\/posts\/49462\/revisions\/49464"}],"wp:featuredmedia":[{"embeddable":true,"href":"https:\/\/www.ipsen.com\/fr\/wp-json\/wp\/v2\/media\/49450"}],"wp:attachment":[{"href":"https:\/\/www.ipsen.com\/fr\/wp-json\/wp\/v2\/media?parent=49462"}],"wp:term":[{"taxonomy":"category","embeddable":true,"href":"https:\/\/www.ipsen.com\/fr\/wp-json\/wp\/v2\/categories?post=49462"},{"taxonomy":"post_tag","embeddable":true,"href":"https:\/\/www.ipsen.com\/fr\/wp-json\/wp\/v2\/tags?post=49462"}],"curies":[{"name":"wp","href":"https:\/\/api.w.org\/{rel}","templated":true}]}}