{"id":36602,"date":"2023-09-01T15:11:46","date_gmt":"2023-09-01T13:11:46","guid":{"rendered":"https:\/\/www.ipsen.com\/?p=36602"},"modified":"2024-05-21T08:10:20","modified_gmt":"2024-05-21T06:10:20","slug":"mois-de-sensibilisation-a-la-cbp-le-pouvoir-de-la-parole-des-patients","status":"publish","type":"post","link":"https:\/\/www.ipsen.com\/fr\/actualites\/rare-diseases-fr\/mois-de-sensibilisation-a-la-cbp-le-pouvoir-de-la-parole-des-patients\/","title":{"rendered":"Mois de sensibilisation \u00e0 la CBP\u00a0: le pouvoir de la parole des patients"},"content":{"rendered":"\n<p>Chaque personne vivant avec une cholangite biliaire primitive (CBP) \u2013 une maladie h\u00e9patique auto-immune rare et progressive<sup>1<\/sup> \u2013, sait que la maladie peut avoir un impact significatif sur la vie &nbsp;ainsi que sur ses relations au quotidien.<sup>2<\/sup><\/p>\n\n\n\n<p>C\u2019est pourquoi chez Ipsen, nous sommes fiers de soutenir la Fondation PBC dans ses efforts de sensibilisation \u00e0 cette maladie, en reconnaissant le Mois de sensibilisation \u00e0 la CBP tout au long du mois de septembre, y compris lors de la Journ\u00e9e internationale de la CBP le dimanche 10 septembre. <\/p>\n\n\n\n<p>Cette ann\u00e9e, la Fondation PBC encourage les personnes \u00e0 en savoir plus sur la CBP, avec un appel \u00e0 l&#8217;action : &nbsp;Ask me About PBC. Cette campagne vise \u00e0 inciter les personnes vivant avec la CBP \u00e0 se renseigner sur cette maladie rare et \u00e0 se sentir autonomes dans le processus.&nbsp;<\/p>\n\n\n\n<p>Trop souvent, la CBP est mal comprise et associ\u00e9e \u00e0 tort \u00e0 une maladie li\u00e9e \u00e0 l\u2019alcool. Ce qui n&#8217;est pas le cas. Les sympt\u00f4mes et leur impact sur la qualit\u00e9 de vie peuvent \u00eatre mal compris et ignor\u00e9s, ce qui pousse les individus \u00e0 l\u2019isolement. <\/p>\n\n\n\n<p><strong><em>\u00ab J\u2019ai \u00e9t\u00e9 orient\u00e9e vers l&#8217;h\u00f4pital et il a fallu attendre encore un an avant que le diagnostic soit pos\u00e9. &nbsp;Ce fut une ann\u00e9e vraiment tr\u00e8s difficile. Je n\u2019avais aucun sympt\u00f4me, personne ne s\u2019inqui\u00e9tait de moi\u2026 &nbsp;ni de mon point de vue, tout le monde ayant \u00e9voqu\u00e9 le fait &nbsp;de boire constamment , j\u2019ai pass\u00e9 cette ann\u00e9e-l\u00e0 &nbsp;me dire que &nbsp;quelle que soit cette maladie, c\u2019\u00e9tait moi qui me l\u2019\u00e9tait impos\u00e9e&nbsp;\u00bb. <\/em><\/strong><em>\u2013 Liz.<\/em>&nbsp;<\/p>\n\n\n\n<p>La campagne Ask Me About PBC vise \u00e0 amener les gens \u00e0 parler de la CBP, car un diagnostic et une prise en charge efficaces ne peuvent se faire qu\u2019autour d\u2019\u00e9changes, d\u2019information et d\u2019\u00e9ducation.&nbsp; <\/p>\n\n\n\n<p>Dans la CBP, l&#8217;inflammation chronique, la fibrose et la cicatrisation irr\u00e9versible du foie peuvent entra\u00eener une insuffisance h\u00e9patique, certains patients finissant par avoir besoin d&#8217;une greffe du foie.<sup>1,3<\/sup> Il s&#8217;agit \u00e9galement d&#8217;une maladie qui touche principalement les femmes, avec un ratio femmes\/hommes de 9. :1.<sup>3<\/sup> <\/p>\n\n\n\n<p>Les patients atteints de CBP vivent avec des sympt\u00f4mes tels que des d\u00e9mangeaisons et de la fatigue qui peuvent \u00eatre incroyablement d\u00e9bilitants.<sup>4<\/sup> En effet, les personnes vivant avec un type grave de d\u00e9mangeaisons ont une qualit\u00e9 de vie similaire \u00e0 celle des patients atteints de la maladie de Parkinson.<sup>5<\/sup> Elles peuvent \u00e9galement souffrir d\u2019un manque de sommeil, de d\u00e9pression et id\u00e9es suicidaires.<sup>4<\/sup>&nbsp;<\/p>\n\n\n\n<p>Chez Ipsen, nous reconnaissons que pour contribuer \u00e0 sensibiliser le grand public et les m\u00e9decins \u00e0 l\u2019impact de la CBP sur la vie d\u2019une personne, les patients doivent \u00eatre encourag\u00e9s \u00e0 partager leur histoire, en utilisant leurs propres mots.&nbsp;<\/p>\n\n\n\n<p><strong><em><strong><em>\u00ab<\/em><\/strong><\/em><\/strong> <strong><em>Eh bien, d\u00e9crire la CBP \u00e0 certaines personnes peut \u00eatre assez difficile, principalement parce qu\u2019elles n\u2019en ont jamais entendu parler. Ils disent souvent, cholangite, qu\u2019est-ce que c\u2019est ? Eh bien, cela concerne le foie. C&#8217;est une maladie auto-immune qui affecte la fonction du foie, mais elle affecte \u00e9galement d&#8217;autres parties du corps, qu&#8217;il s&#8217;agisse de s\u00e9cheresse oculaire, de fatigue, de douleurs osseuses ou articulaires, etc. <strong><em>\u00bb<\/em><\/strong><\/em><\/strong> <strong><em>\u2013 <\/em><\/strong><em>Geoff.<\/em> <\/p>\n\n\n\n<p>Nous sommes immens\u00e9ment reconnaissants envers la communaut\u00e9 PBC de continuer \u00e0 partager ses t\u00e9moignages avec nous, et nous continuerons d&#8217;\u00e9couter ce qu&#8217;elle a \u00e0 dire &#8211; pas seulement tout au long du Mois de sensibilisation \u00e0 la PBC, mais chaque jour.&nbsp;<\/p>\n\n\n\n<p>Pour ce faire, nous travaillons avec des organisations de patients fantastiques comme la Fondation PBC pour \u00e9couter les patients directement et mieux comprendre leurs besoins. Nous partageons nos connaissances et notre expertise avec les m\u00e9decins, car il est essentiel qu&#8217;ils communiquent clairement et travaillent en \u00e9troite collaboration avec les personnes vivant avec la CBP, en offrant un soutien holistique avec une gestion des sympt\u00f4mes qui va au-del\u00e0 du foie. Nous travaillons \u00e9galement avec des experts m\u00e9dicaux dans le domaine des maladies h\u00e9patiques rares et partageons nos connaissances avec les m\u00e9dias pour contribuer \u00e0 sensibiliser l&#8217;opinion \u00e0 la CBP. Tout cela s\u2019appuie sur notre objectif ultime : apporter de nouveaux traitements aux patients. <\/p>\n\n\n\n<p><strong><em>\u00ab D\u2019apr\u00e8s mon exp\u00e9rience, les patients appr\u00e9cient qu\u2019on leur donne la parole. Lorsque vous \u00e9coutez quelqu\u2019un qui vit avec une maladie h\u00e9patique chronique, en particulier la CBP, bien s\u00fbr, il &nbsp;s\u2019inqui\u00e8te des cons\u00e9quences de l\u2019\u00e9volution de la maladie dans le futur et de la possibilit\u00e9 qu\u2019il ait besoin d\u2019une greffe du foie, mais ils se pr\u00e9occupe surtout de ce que qu\u2019il ressent aujourd\u2019hui, demain et la semaine prochaine, et de l\u2019impact de cette qualit\u00e9 de vie sur sa vie quotidienne.<\/em><\/strong><em> <strong><em><strong><em>\u00bb<\/em><\/strong><\/em><\/strong><\/em> <em>\u2013 Professeur Gideon Hirschfield, h\u00e9patologue et professeur de m\u00e9decine \u00e0 l&#8217;Universit\u00e9 de Toronto.<\/em><\/p>\n\n\n\n<p>Pour en savoir plus sur les progr\u00e8s de la prise en charge de la CBP par le professeur Hirschfield cliquez <a href=\"https:\/\/www.ipsen.com\/rare-diseases\/advancing-primary-biliary-cholangitis-pbc-management-insights-from-experts\/\"><strong>ici<\/strong><\/a>. &nbsp;Pour plus d&#8217;informations sur la Fondation PBC et la campagne Ask Me About PBC, consultez le site <a href=\"https:\/\/www.pbcfoundation.org.uk\"><strong>https:\/\/www.pbcfoundation.org.uk<\/strong><\/a><\/p>\n\n\n\n<p><\/p>\n\n\n\n<p>R\u00e9f\u00e9rences<\/p>\n\n\n\n<ol class=\"wp-block-list\" type=\"1\">\n<li><em>Younossi ZM, et al. 2019. Diagnosis and Management of Primary Biliary Cholangitis. Am J Gastroenterol. 114(1):48\u201363.<\/em><br><\/li>\n\n\n\n<li><em>Selmi C, et al. 2007. Quality of life and everyday activities in patients with primary biliary cirrhosis.&nbsp;Hepatology.&nbsp;46(6), pp.1836-1843.<\/em><br><\/li>\n\n\n\n<li><em>Galoosian A, et al. 2020. Clinical updates in primary biliary cholangitis: trends, epidemiology, diagnostics, and new therapeutic approaches.&nbsp;J Clin Transl Hepatol,&nbsp;8(1), pp. 49-60.<\/em><br><\/li>\n\n\n\n<li><em>Gungabissoon U, et al. 2022. Disease burden of primary biliary cholangitis and associated pruritus based on a cross-sectional US claims analysis.&nbsp;BMJ Open Gastroenterol.&nbsp;9(1), p.e000857.<\/em><br><\/li>\n\n\n\n<li><em>Smith H, et al. 2022. More than just an itch: impact of cholestatic pruritus in primary biliary cholangitis (PBC) on health-related quality of life (HRQoL). J Hepatol. 77(Supplement 1):S327-S328.<\/em><\/li>\n<\/ol>\n","protected":false},"excerpt":{"rendered":"<p>Chaque personne vivant avec une cholangite biliaire primitive (CBP) \u2013 une maladie h\u00e9patique auto-immune rare et progressive1 \u2013, sait que<\/p>\n","protected":false},"author":11,"featured_media":36600,"comment_status":"closed","ping_status":"open","sticky":false,"template":"","format":"standard","meta":{"_acf_changed":false,"_jetpack_memberships_contains_paid_content":false,"footnotes":""},"categories":[1192],"tags":[],"class_list":["post-36602","post","type-post","status-publish","format-standard","has-post-thumbnail","hentry","category-rare-diseases-fr","entry"],"acf":[],"yoast_head":"<!-- This site is optimized with the Yoast SEO plugin v26.8 - https:\/\/yoast.com\/product\/yoast-seo-wordpress\/ -->\n<title>Mois de sensibilisation \u00e0 la CBP : le pouvoir de la parole des patients | Ipsen Maladies Rares<\/title>\n<meta name=\"description\" content=\"Ipsen Maladies Rares reconna\u00eet le Mois de la sensibilisation \u00e0 la CBP ainsi que le pouvoir de la parole des patients sur le progr\u00e8s et l\u2019innovation dans le domaine des maladies rares.\" \/>\n<meta name=\"robots\" content=\"index, follow, max-snippet:-1, max-image-preview:large, max-video-preview:-1\" \/>\n<link rel=\"canonical\" href=\"https:\/\/www.ipsen.com\/fr\/actualites\/rare-diseases-fr\/mois-de-sensibilisation-a-la-cbp-le-pouvoir-de-la-parole-des-patients\/\" \/>\n<meta property=\"og:locale\" content=\"fr_FR\" \/>\n<meta property=\"og:type\" content=\"article\" \/>\n<meta property=\"og:title\" content=\"Mois de sensibilisation \u00e0 la CBP : le pouvoir de la parole des patients | Ipsen Maladies Rares\" \/>\n<meta property=\"og:description\" content=\"Ipsen Maladies Rares reconna\u00eet le Mois de la sensibilisation \u00e0 la CBP ainsi que le pouvoir de la parole des patients sur le progr\u00e8s et l\u2019innovation dans le domaine des maladies rares.\" \/>\n<meta property=\"og:url\" content=\"https:\/\/www.ipsen.com\/fr\/actualites\/rare-diseases-fr\/mois-de-sensibilisation-a-la-cbp-le-pouvoir-de-la-parole-des-patients\/\" \/>\n<meta property=\"og:site_name\" content=\"Global\" \/>\n<meta property=\"article:published_time\" content=\"2023-09-01T13:11:46+00:00\" \/>\n<meta property=\"article:modified_time\" content=\"2024-05-21T06:10:20+00:00\" \/>\n<meta property=\"og:image\" content=\"https:\/\/www.ipsen.com\/wp-content\/uploads\/2023\/08\/Article-thumbnail.jpg\" \/>\n\t<meta property=\"og:image:width\" content=\"541\" \/>\n\t<meta property=\"og:image:height\" content=\"310\" \/>\n\t<meta property=\"og:image:type\" content=\"image\/jpeg\" \/>\n<meta name=\"author\" content=\"heloisedetouchet\" \/>\n<meta name=\"twitter:card\" content=\"summary_large_image\" \/>\n<meta name=\"twitter:creator\" content=\"@ipsengroup\" \/>\n<meta name=\"twitter:site\" content=\"@ipsengroup\" \/>\n<meta name=\"twitter:label1\" content=\"Written by\" \/>\n\t<meta name=\"twitter:data1\" content=\"heloisedetouchet\" \/>\n\t<meta name=\"twitter:label2\" content=\"Est. reading time\" \/>\n\t<meta name=\"twitter:data2\" content=\"4 minutes\" \/>\n<script type=\"application\/ld+json\" class=\"yoast-schema-graph\">{\"@context\":\"https:\/\/schema.org\",\"@graph\":[{\"@type\":\"Article\",\"@id\":\"https:\/\/www.ipsen.com\/fr\/actualites\/rare-diseases-fr\/mois-de-sensibilisation-a-la-cbp-le-pouvoir-de-la-parole-des-patients\/#article\",\"isPartOf\":{\"@id\":\"https:\/\/www.ipsen.com\/fr\/actualites\/rare-diseases-fr\/mois-de-sensibilisation-a-la-cbp-le-pouvoir-de-la-parole-des-patients\/\"},\"author\":{\"name\":\"heloisedetouchet\",\"@id\":\"https:\/\/www.ipsen.com\/fr\/#\/schema\/person\/2c275168b31beee81688f3c041877318\"},\"headline\":\"Mois de sensibilisation \u00e0 la CBP\u00a0: le pouvoir de la parole des patients\",\"datePublished\":\"2023-09-01T13:11:46+00:00\",\"dateModified\":\"2024-05-21T06:10:20+00:00\",\"mainEntityOfPage\":{\"@id\":\"https:\/\/www.ipsen.com\/fr\/actualites\/rare-diseases-fr\/mois-de-sensibilisation-a-la-cbp-le-pouvoir-de-la-parole-des-patients\/\"},\"wordCount\":997,\"publisher\":{\"@id\":\"https:\/\/www.ipsen.com\/fr\/#organization\"},\"image\":{\"@id\":\"https:\/\/www.ipsen.com\/fr\/actualites\/rare-diseases-fr\/mois-de-sensibilisation-a-la-cbp-le-pouvoir-de-la-parole-des-patients\/#primaryimage\"},\"thumbnailUrl\":\"https:\/\/www.ipsen.com\/wp-content\/uploads\/2023\/08\/Article-thumbnail.jpg\",\"articleSection\":[\"Maladies Rares\"],\"inLanguage\":\"fr-FR\"},{\"@type\":\"WebPage\",\"@id\":\"https:\/\/www.ipsen.com\/fr\/actualites\/rare-diseases-fr\/mois-de-sensibilisation-a-la-cbp-le-pouvoir-de-la-parole-des-patients\/\",\"url\":\"https:\/\/www.ipsen.com\/fr\/actualites\/rare-diseases-fr\/mois-de-sensibilisation-a-la-cbp-le-pouvoir-de-la-parole-des-patients\/\",\"name\":\"Mois de sensibilisation \u00e0 la CBP : le pouvoir de la parole des patients | Ipsen Maladies Rares\",\"isPartOf\":{\"@id\":\"https:\/\/www.ipsen.com\/fr\/#website\"},\"primaryImageOfPage\":{\"@id\":\"https:\/\/www.ipsen.com\/fr\/actualites\/rare-diseases-fr\/mois-de-sensibilisation-a-la-cbp-le-pouvoir-de-la-parole-des-patients\/#primaryimage\"},\"image\":{\"@id\":\"https:\/\/www.ipsen.com\/fr\/actualites\/rare-diseases-fr\/mois-de-sensibilisation-a-la-cbp-le-pouvoir-de-la-parole-des-patients\/#primaryimage\"},\"thumbnailUrl\":\"https:\/\/www.ipsen.com\/wp-content\/uploads\/2023\/08\/Article-thumbnail.jpg\",\"datePublished\":\"2023-09-01T13:11:46+00:00\",\"dateModified\":\"2024-05-21T06:10:20+00:00\",\"description\":\"Ipsen Maladies Rares reconna\u00eet le Mois de la sensibilisation \u00e0 la CBP ainsi que le pouvoir de la parole des patients sur le progr\u00e8s et l\u2019innovation dans le domaine des maladies rares.\",\"breadcrumb\":{\"@id\":\"https:\/\/www.ipsen.com\/fr\/actualites\/rare-diseases-fr\/mois-de-sensibilisation-a-la-cbp-le-pouvoir-de-la-parole-des-patients\/#breadcrumb\"},\"inLanguage\":\"fr-FR\",\"potentialAction\":[{\"@type\":\"ReadAction\",\"target\":[\"https:\/\/www.ipsen.com\/fr\/actualites\/rare-diseases-fr\/mois-de-sensibilisation-a-la-cbp-le-pouvoir-de-la-parole-des-patients\/\"]}]},{\"@type\":\"ImageObject\",\"inLanguage\":\"fr-FR\",\"@id\":\"https:\/\/www.ipsen.com\/fr\/actualites\/rare-diseases-fr\/mois-de-sensibilisation-a-la-cbp-le-pouvoir-de-la-parole-des-patients\/#primaryimage\",\"url\":\"https:\/\/www.ipsen.com\/wp-content\/uploads\/2023\/08\/Article-thumbnail.jpg\",\"contentUrl\":\"https:\/\/www.ipsen.com\/wp-content\/uploads\/2023\/08\/Article-thumbnail.jpg\",\"width\":541,\"height\":310},{\"@type\":\"BreadcrumbList\",\"@id\":\"https:\/\/www.ipsen.com\/fr\/actualites\/rare-diseases-fr\/mois-de-sensibilisation-a-la-cbp-le-pouvoir-de-la-parole-des-patients\/#breadcrumb\",\"itemListElement\":[{\"@type\":\"ListItem\",\"position\":1,\"name\":\"Home\",\"item\":\"https:\/\/www.ipsen.com\/fr\/home\/\"},{\"@type\":\"ListItem\",\"position\":2,\"name\":\"Mois de sensibilisation \u00e0 la CBP\u00a0: le pouvoir de la parole des patients\"}]},{\"@type\":\"WebSite\",\"@id\":\"https:\/\/www.ipsen.com\/fr\/#website\",\"url\":\"https:\/\/www.ipsen.com\/fr\/\",\"name\":\"Global\",\"description\":\"\",\"publisher\":{\"@id\":\"https:\/\/www.ipsen.com\/fr\/#organization\"},\"potentialAction\":[{\"@type\":\"SearchAction\",\"target\":{\"@type\":\"EntryPoint\",\"urlTemplate\":\"https:\/\/www.ipsen.com\/fr\/?s={search_term_string}\"},\"query-input\":{\"@type\":\"PropertyValueSpecification\",\"valueRequired\":true,\"valueName\":\"search_term_string\"}}],\"inLanguage\":\"fr-FR\"},{\"@type\":\"Organization\",\"@id\":\"https:\/\/www.ipsen.com\/fr\/#organization\",\"name\":\"IPSEN\",\"url\":\"https:\/\/www.ipsen.com\/fr\/\",\"logo\":{\"@type\":\"ImageObject\",\"inLanguage\":\"fr-FR\",\"@id\":\"https:\/\/www.ipsen.com\/fr\/#\/schema\/logo\/image\/\",\"url\":\"https:\/\/www.ipsen.com\/wp-content\/uploads\/2023\/12\/Latest_Ipsen-logo_168x48.svg\",\"contentUrl\":\"https:\/\/www.ipsen.com\/wp-content\/uploads\/2023\/12\/Latest_Ipsen-logo_168x48.svg\",\"caption\":\"IPSEN\"},\"image\":{\"@id\":\"https:\/\/www.ipsen.com\/fr\/#\/schema\/logo\/image\/\"},\"sameAs\":[\"https:\/\/www.facebook.com\/Ipsengroup\",\"https:\/\/x.com\/ipsengroup\"]},{\"@type\":\"Person\",\"@id\":\"https:\/\/www.ipsen.com\/fr\/#\/schema\/person\/2c275168b31beee81688f3c041877318\",\"name\":\"heloisedetouchet\",\"image\":{\"@type\":\"ImageObject\",\"inLanguage\":\"fr-FR\",\"@id\":\"https:\/\/www.ipsen.com\/fr\/#\/schema\/person\/image\/\",\"url\":\"https:\/\/secure.gravatar.com\/avatar\/a294050dc7df14814ce352dcd30bd2b11c1bf6f269c4edf2111b59216f02bb15?s=96&d=mm&r=g\",\"contentUrl\":\"https:\/\/secure.gravatar.com\/avatar\/a294050dc7df14814ce352dcd30bd2b11c1bf6f269c4edf2111b59216f02bb15?s=96&d=mm&r=g\",\"caption\":\"heloisedetouchet\"}}]}<\/script>\n<!-- \/ Yoast SEO plugin. -->","yoast_head_json":{"title":"Mois de sensibilisation \u00e0 la CBP : le pouvoir de la parole des patients | Ipsen Maladies Rares","description":"Ipsen Maladies Rares reconna\u00eet le Mois de la sensibilisation \u00e0 la CBP ainsi que le pouvoir de la parole des patients sur le progr\u00e8s et l\u2019innovation dans le domaine des maladies rares.","robots":{"index":"index","follow":"follow","max-snippet":"max-snippet:-1","max-image-preview":"max-image-preview:large","max-video-preview":"max-video-preview:-1"},"canonical":"https:\/\/www.ipsen.com\/fr\/actualites\/rare-diseases-fr\/mois-de-sensibilisation-a-la-cbp-le-pouvoir-de-la-parole-des-patients\/","og_locale":"fr_FR","og_type":"article","og_title":"Mois de sensibilisation \u00e0 la CBP : le pouvoir de la parole des patients | Ipsen Maladies Rares","og_description":"Ipsen Maladies Rares reconna\u00eet le Mois de la sensibilisation \u00e0 la CBP ainsi que le pouvoir de la parole des patients sur le progr\u00e8s et l\u2019innovation dans le domaine des maladies rares.","og_url":"https:\/\/www.ipsen.com\/fr\/actualites\/rare-diseases-fr\/mois-de-sensibilisation-a-la-cbp-le-pouvoir-de-la-parole-des-patients\/","og_site_name":"Global","article_published_time":"2023-09-01T13:11:46+00:00","article_modified_time":"2024-05-21T06:10:20+00:00","og_image":[{"width":541,"height":310,"url":"https:\/\/www.ipsen.com\/wp-content\/uploads\/2023\/08\/Article-thumbnail.jpg","type":"image\/jpeg"}],"author":"heloisedetouchet","twitter_card":"summary_large_image","twitter_creator":"@ipsengroup","twitter_site":"@ipsengroup","twitter_misc":{"Written by":"heloisedetouchet","Est. reading time":"4 minutes"},"schema":{"@context":"https:\/\/schema.org","@graph":[{"@type":"Article","@id":"https:\/\/www.ipsen.com\/fr\/actualites\/rare-diseases-fr\/mois-de-sensibilisation-a-la-cbp-le-pouvoir-de-la-parole-des-patients\/#article","isPartOf":{"@id":"https:\/\/www.ipsen.com\/fr\/actualites\/rare-diseases-fr\/mois-de-sensibilisation-a-la-cbp-le-pouvoir-de-la-parole-des-patients\/"},"author":{"name":"heloisedetouchet","@id":"https:\/\/www.ipsen.com\/fr\/#\/schema\/person\/2c275168b31beee81688f3c041877318"},"headline":"Mois de sensibilisation \u00e0 la CBP\u00a0: le pouvoir de la parole des patients","datePublished":"2023-09-01T13:11:46+00:00","dateModified":"2024-05-21T06:10:20+00:00","mainEntityOfPage":{"@id":"https:\/\/www.ipsen.com\/fr\/actualites\/rare-diseases-fr\/mois-de-sensibilisation-a-la-cbp-le-pouvoir-de-la-parole-des-patients\/"},"wordCount":997,"publisher":{"@id":"https:\/\/www.ipsen.com\/fr\/#organization"},"image":{"@id":"https:\/\/www.ipsen.com\/fr\/actualites\/rare-diseases-fr\/mois-de-sensibilisation-a-la-cbp-le-pouvoir-de-la-parole-des-patients\/#primaryimage"},"thumbnailUrl":"https:\/\/www.ipsen.com\/wp-content\/uploads\/2023\/08\/Article-thumbnail.jpg","articleSection":["Maladies Rares"],"inLanguage":"fr-FR"},{"@type":"WebPage","@id":"https:\/\/www.ipsen.com\/fr\/actualites\/rare-diseases-fr\/mois-de-sensibilisation-a-la-cbp-le-pouvoir-de-la-parole-des-patients\/","url":"https:\/\/www.ipsen.com\/fr\/actualites\/rare-diseases-fr\/mois-de-sensibilisation-a-la-cbp-le-pouvoir-de-la-parole-des-patients\/","name":"Mois de sensibilisation \u00e0 la CBP : le pouvoir de la parole des patients | Ipsen Maladies Rares","isPartOf":{"@id":"https:\/\/www.ipsen.com\/fr\/#website"},"primaryImageOfPage":{"@id":"https:\/\/www.ipsen.com\/fr\/actualites\/rare-diseases-fr\/mois-de-sensibilisation-a-la-cbp-le-pouvoir-de-la-parole-des-patients\/#primaryimage"},"image":{"@id":"https:\/\/www.ipsen.com\/fr\/actualites\/rare-diseases-fr\/mois-de-sensibilisation-a-la-cbp-le-pouvoir-de-la-parole-des-patients\/#primaryimage"},"thumbnailUrl":"https:\/\/www.ipsen.com\/wp-content\/uploads\/2023\/08\/Article-thumbnail.jpg","datePublished":"2023-09-01T13:11:46+00:00","dateModified":"2024-05-21T06:10:20+00:00","description":"Ipsen Maladies Rares reconna\u00eet le Mois de la sensibilisation \u00e0 la CBP ainsi que le pouvoir de la parole des patients sur le progr\u00e8s et l\u2019innovation dans le domaine des maladies rares.","breadcrumb":{"@id":"https:\/\/www.ipsen.com\/fr\/actualites\/rare-diseases-fr\/mois-de-sensibilisation-a-la-cbp-le-pouvoir-de-la-parole-des-patients\/#breadcrumb"},"inLanguage":"fr-FR","potentialAction":[{"@type":"ReadAction","target":["https:\/\/www.ipsen.com\/fr\/actualites\/rare-diseases-fr\/mois-de-sensibilisation-a-la-cbp-le-pouvoir-de-la-parole-des-patients\/"]}]},{"@type":"ImageObject","inLanguage":"fr-FR","@id":"https:\/\/www.ipsen.com\/fr\/actualites\/rare-diseases-fr\/mois-de-sensibilisation-a-la-cbp-le-pouvoir-de-la-parole-des-patients\/#primaryimage","url":"https:\/\/www.ipsen.com\/wp-content\/uploads\/2023\/08\/Article-thumbnail.jpg","contentUrl":"https:\/\/www.ipsen.com\/wp-content\/uploads\/2023\/08\/Article-thumbnail.jpg","width":541,"height":310},{"@type":"BreadcrumbList","@id":"https:\/\/www.ipsen.com\/fr\/actualites\/rare-diseases-fr\/mois-de-sensibilisation-a-la-cbp-le-pouvoir-de-la-parole-des-patients\/#breadcrumb","itemListElement":[{"@type":"ListItem","position":1,"name":"Home","item":"https:\/\/www.ipsen.com\/fr\/home\/"},{"@type":"ListItem","position":2,"name":"Mois de sensibilisation \u00e0 la CBP\u00a0: le pouvoir de la parole des patients"}]},{"@type":"WebSite","@id":"https:\/\/www.ipsen.com\/fr\/#website","url":"https:\/\/www.ipsen.com\/fr\/","name":"Global","description":"","publisher":{"@id":"https:\/\/www.ipsen.com\/fr\/#organization"},"potentialAction":[{"@type":"SearchAction","target":{"@type":"EntryPoint","urlTemplate":"https:\/\/www.ipsen.com\/fr\/?s={search_term_string}"},"query-input":{"@type":"PropertyValueSpecification","valueRequired":true,"valueName":"search_term_string"}}],"inLanguage":"fr-FR"},{"@type":"Organization","@id":"https:\/\/www.ipsen.com\/fr\/#organization","name":"IPSEN","url":"https:\/\/www.ipsen.com\/fr\/","logo":{"@type":"ImageObject","inLanguage":"fr-FR","@id":"https:\/\/www.ipsen.com\/fr\/#\/schema\/logo\/image\/","url":"https:\/\/www.ipsen.com\/wp-content\/uploads\/2023\/12\/Latest_Ipsen-logo_168x48.svg","contentUrl":"https:\/\/www.ipsen.com\/wp-content\/uploads\/2023\/12\/Latest_Ipsen-logo_168x48.svg","caption":"IPSEN"},"image":{"@id":"https:\/\/www.ipsen.com\/fr\/#\/schema\/logo\/image\/"},"sameAs":["https:\/\/www.facebook.com\/Ipsengroup","https:\/\/x.com\/ipsengroup"]},{"@type":"Person","@id":"https:\/\/www.ipsen.com\/fr\/#\/schema\/person\/2c275168b31beee81688f3c041877318","name":"heloisedetouchet","image":{"@type":"ImageObject","inLanguage":"fr-FR","@id":"https:\/\/www.ipsen.com\/fr\/#\/schema\/person\/image\/","url":"https:\/\/secure.gravatar.com\/avatar\/a294050dc7df14814ce352dcd30bd2b11c1bf6f269c4edf2111b59216f02bb15?s=96&d=mm&r=g","contentUrl":"https:\/\/secure.gravatar.com\/avatar\/a294050dc7df14814ce352dcd30bd2b11c1bf6f269c4edf2111b59216f02bb15?s=96&d=mm&r=g","caption":"heloisedetouchet"}}]}},"jetpack_featured_media_url":"https:\/\/www.ipsen.com\/wp-content\/uploads\/2023\/08\/Article-thumbnail.jpg","jetpack_sharing_enabled":true,"_links":{"self":[{"href":"https:\/\/www.ipsen.com\/fr\/wp-json\/wp\/v2\/posts\/36602","targetHints":{"allow":["GET"]}}],"collection":[{"href":"https:\/\/www.ipsen.com\/fr\/wp-json\/wp\/v2\/posts"}],"about":[{"href":"https:\/\/www.ipsen.com\/fr\/wp-json\/wp\/v2\/types\/post"}],"author":[{"embeddable":true,"href":"https:\/\/www.ipsen.com\/fr\/wp-json\/wp\/v2\/users\/11"}],"replies":[{"embeddable":true,"href":"https:\/\/www.ipsen.com\/fr\/wp-json\/wp\/v2\/comments?post=36602"}],"version-history":[{"count":3,"href":"https:\/\/www.ipsen.com\/fr\/wp-json\/wp\/v2\/posts\/36602\/revisions"}],"predecessor-version":[{"id":36605,"href":"https:\/\/www.ipsen.com\/fr\/wp-json\/wp\/v2\/posts\/36602\/revisions\/36605"}],"wp:featuredmedia":[{"embeddable":true,"href":"https:\/\/www.ipsen.com\/fr\/wp-json\/wp\/v2\/media\/36600"}],"wp:attachment":[{"href":"https:\/\/www.ipsen.com\/fr\/wp-json\/wp\/v2\/media?parent=36602"}],"wp:term":[{"taxonomy":"category","embeddable":true,"href":"https:\/\/www.ipsen.com\/fr\/wp-json\/wp\/v2\/categories?post=36602"},{"taxonomy":"post_tag","embeddable":true,"href":"https:\/\/www.ipsen.com\/fr\/wp-json\/wp\/v2\/tags?post=36602"}],"curies":[{"name":"wp","href":"https:\/\/api.w.org\/{rel}","templated":true}]}}