{"id":27797,"date":"2022-12-20T11:29:21","date_gmt":"2022-12-20T09:29:21","guid":{"rendered":"https:\/\/www.ipsen.com\/?p=27797"},"modified":"2024-05-21T14:38:13","modified_gmt":"2024-05-21T12:38:13","slug":"vivre-avec-une-cholangite-biliaire-primitive-comprendre-le-patient-au-dela-des-chiffres","status":"publish","type":"post","link":"https:\/\/www.ipsen.com\/fr\/actualites\/rare-diseases-fr\/vivre-avec-une-cholangite-biliaire-primitive-comprendre-le-patient-au-dela-des-chiffres\/","title":{"rendered":"Vivre avec une cholangite biliaire primitive\u00a0: comprendre le patient au-del\u00e0 des chiffres"},"content":{"rendered":"\n<p>Les maladies \u00ab&nbsp;invisibles&nbsp;\u00bb comme la cholangite biliaire primitive (PBC) peuvent \u00eatre difficiles \u00e0 reconna\u00eetre, \u00e0 diagnostiquer et \u00e0 g\u00e9rer efficacement. Le professeur Gideon Hirschfield (Universit\u00e9 de Toronto, d\u00e9partements de m\u00e9decine, d\u2019immunologie et de sciences m\u00e9dicales) et Robert Mitchell-Thain (PBC Foundation UK) discutent ici de la maladie, de sa pr\u00e9sentation et des d\u00e9fis auxquels sont confront\u00e9s les personnes vivant avec cette maladie rare du foie.<\/p>\n\n\n\n<p>Regardez la vid\u00e9o ci-dessous qui contient des extraits de cette discussion, en mettant l\u2019accent sur ce que les personnes atteintes de la PBC et les m\u00e9decins peuvent faire pour se comprendre et avoir une meilleure conversation, ce qui peut conduire \u00e0 de meilleurs r\u00e9sultats pour les personnes atteintes de la PBC.<\/p>\n\n\n    <section class=\"video-card \">\n        <div class=\"container\">\n            <!-- Block Details -->\n            <div class=\"video-card-header\">\n                <h3 class=\"video-card-block-title hidden heading-three\">\n                                    <\/h3>\n                <p class=\"charcoal-grey video-card-block-summary hidden\"> \n                                    <\/p>\n            <\/div>\n\n            <!-- Video Iframe embed -->\n                            <div class=\"video-embed\"> \n                <iframe loading=\"lazy\" title=\"Fireside_French (2)\" src=\"https:\/\/player.vimeo.com\/video\/829886832?app_id=122963&#038;autoplay=1&#038;muted=1&#038;controls=1&#038;loop=1&#038;autopause=1&#038;background=0\" width=\"640\" height=\"360\" frameborder=\"0\" allow=\"autoplay; fullscreen; picture-in-picture; clipboard-write; encrypted-media; web-share\" referrerpolicy=\"strict-origin-when-cross-origin\" frameborder=\"0\" allow=\"autoplay; fullscreen; picture-in-picture\" data-ot-ignore><\/iframe>                <\/div>\n            \n            <!-- Block CTA -->\n            <div class=\"cta-block hidden\">\n                            <\/div>\n\n        <\/div>\n    <\/section>\n","protected":false},"excerpt":{"rendered":"<p>Les maladies \u00ab&nbsp;invisibles&nbsp;\u00bb comme la cholangite biliaire primitive (PBC) peuvent \u00eatre difficiles \u00e0 reconna\u00eetre, \u00e0 diagnostiquer et \u00e0 g\u00e9rer efficacement.<\/p>\n","protected":false},"author":9,"featured_media":19123,"comment_status":"closed","ping_status":"closed","sticky":false,"template":"","format":"standard","meta":{"_acf_changed":false,"_jetpack_memberships_contains_paid_content":false,"footnotes":""},"categories":[1192],"tags":[150,124],"class_list":["post-27797","post","type-post","status-publish","format-standard","has-post-thumbnail","hentry","category-rare-diseases-fr","tag-rare-disease","tag-patient","entry"],"acf":[],"yoast_head":"<!-- This site is optimized with the Yoast SEO plugin v26.8 - https:\/\/yoast.com\/product\/yoast-seo-wordpress\/ -->\n<title>Vivre avec une cholangite biliaire primitive\u00a0: comprendre le patient au-del\u00e0 des chiffres | L\u2019approche centr\u00e9e sur le patient d\u2019Ipsen<\/title>\n<meta name=\"description\" content=\"D\u00e9couvrez les exp\u00e9riences personnelles de personnes qui vivent avec une cholangite biliaire primitive. L\u2019approche d\u2019Ipsen centr\u00e9e sur le patient se concentre non seulement sur la maladie, mais \u00e9galement \u2013 et surtout \u2013 sur l\u2019individu.\" \/>\n<meta name=\"robots\" content=\"index, follow, max-snippet:-1, max-image-preview:large, max-video-preview:-1\" \/>\n<link rel=\"canonical\" href=\"https:\/\/www.ipsen.com\/fr\/actualites\/rare-diseases-fr\/vivre-avec-une-cholangite-biliaire-primitive-comprendre-le-patient-au-dela-des-chiffres\/\" \/>\n<meta property=\"og:locale\" content=\"fr_FR\" \/>\n<meta property=\"og:type\" content=\"article\" \/>\n<meta property=\"og:title\" content=\"Vivre avec une cholangite biliaire primitive\u00a0: comprendre le patient au-del\u00e0 des chiffres | L\u2019approche centr\u00e9e sur le patient d\u2019Ipsen\" \/>\n<meta property=\"og:description\" content=\"D\u00e9couvrez les exp\u00e9riences personnelles de personnes qui vivent avec une cholangite biliaire primitive. L\u2019approche d\u2019Ipsen centr\u00e9e sur le patient se concentre non seulement sur la maladie, mais \u00e9galement \u2013 et surtout \u2013 sur l\u2019individu.\" \/>\n<meta property=\"og:url\" content=\"https:\/\/www.ipsen.com\/fr\/actualites\/rare-diseases-fr\/vivre-avec-une-cholangite-biliaire-primitive-comprendre-le-patient-au-dela-des-chiffres\/\" \/>\n<meta property=\"og:site_name\" content=\"Global\" \/>\n<meta property=\"article:published_time\" content=\"2022-12-20T09:29:21+00:00\" \/>\n<meta property=\"article:modified_time\" content=\"2024-05-21T12:38:13+00:00\" \/>\n<meta property=\"og:image\" content=\"https:\/\/www.ipsen.com\/wp-content\/uploads\/2022\/12\/R-Mitchell.png\" \/>\n\t<meta property=\"og:image:width\" content=\"366\" \/>\n\t<meta property=\"og:image:height\" content=\"346\" \/>\n\t<meta property=\"og:image:type\" content=\"image\/png\" \/>\n<meta name=\"author\" content=\"konstantinoskampanos\" \/>\n<meta name=\"twitter:card\" content=\"summary_large_image\" \/>\n<meta name=\"twitter:creator\" content=\"@ipsengroup\" \/>\n<meta name=\"twitter:site\" content=\"@ipsengroup\" \/>\n<meta name=\"twitter:label1\" content=\"Written by\" \/>\n\t<meta name=\"twitter:data1\" content=\"konstantinoskampanos\" \/>\n\t<meta name=\"twitter:label2\" content=\"Est. reading time\" \/>\n\t<meta name=\"twitter:data2\" content=\"1 minute\" \/>\n<script type=\"application\/ld+json\" class=\"yoast-schema-graph\">{\"@context\":\"https:\/\/schema.org\",\"@graph\":[{\"@type\":\"Article\",\"@id\":\"https:\/\/www.ipsen.com\/fr\/actualites\/rare-diseases-fr\/vivre-avec-une-cholangite-biliaire-primitive-comprendre-le-patient-au-dela-des-chiffres\/#article\",\"isPartOf\":{\"@id\":\"https:\/\/www.ipsen.com\/fr\/actualites\/rare-diseases-fr\/vivre-avec-une-cholangite-biliaire-primitive-comprendre-le-patient-au-dela-des-chiffres\/\"},\"author\":{\"name\":\"konstantinoskampanos\",\"@id\":\"https:\/\/www.ipsen.com\/fr\/#\/schema\/person\/caf513ba91f9535b6b2d8a79d95764c5\"},\"headline\":\"Vivre avec une cholangite biliaire primitive\u00a0: comprendre le patient au-del\u00e0 des chiffres\",\"datePublished\":\"2022-12-20T09:29:21+00:00\",\"dateModified\":\"2024-05-21T12:38:13+00:00\",\"mainEntityOfPage\":{\"@id\":\"https:\/\/www.ipsen.com\/fr\/actualites\/rare-diseases-fr\/vivre-avec-une-cholangite-biliaire-primitive-comprendre-le-patient-au-dela-des-chiffres\/\"},\"wordCount\":138,\"publisher\":{\"@id\":\"https:\/\/www.ipsen.com\/fr\/#organization\"},\"image\":{\"@id\":\"https:\/\/www.ipsen.com\/fr\/actualites\/rare-diseases-fr\/vivre-avec-une-cholangite-biliaire-primitive-comprendre-le-patient-au-dela-des-chiffres\/#primaryimage\"},\"thumbnailUrl\":\"https:\/\/www.ipsen.com\/wp-content\/uploads\/2022\/12\/R-Mitchell.png\",\"keywords\":[\"Rare disease\",\"Patient\"],\"articleSection\":[\"Maladies Rares\"],\"inLanguage\":\"fr-FR\"},{\"@type\":\"WebPage\",\"@id\":\"https:\/\/www.ipsen.com\/fr\/actualites\/rare-diseases-fr\/vivre-avec-une-cholangite-biliaire-primitive-comprendre-le-patient-au-dela-des-chiffres\/\",\"url\":\"https:\/\/www.ipsen.com\/fr\/actualites\/rare-diseases-fr\/vivre-avec-une-cholangite-biliaire-primitive-comprendre-le-patient-au-dela-des-chiffres\/\",\"name\":\"Vivre avec une cholangite biliaire primitive\u00a0: comprendre le patient au-del\u00e0 des chiffres | L\u2019approche centr\u00e9e sur le patient d\u2019Ipsen\",\"isPartOf\":{\"@id\":\"https:\/\/www.ipsen.com\/fr\/#website\"},\"primaryImageOfPage\":{\"@id\":\"https:\/\/www.ipsen.com\/fr\/actualites\/rare-diseases-fr\/vivre-avec-une-cholangite-biliaire-primitive-comprendre-le-patient-au-dela-des-chiffres\/#primaryimage\"},\"image\":{\"@id\":\"https:\/\/www.ipsen.com\/fr\/actualites\/rare-diseases-fr\/vivre-avec-une-cholangite-biliaire-primitive-comprendre-le-patient-au-dela-des-chiffres\/#primaryimage\"},\"thumbnailUrl\":\"https:\/\/www.ipsen.com\/wp-content\/uploads\/2022\/12\/R-Mitchell.png\",\"datePublished\":\"2022-12-20T09:29:21+00:00\",\"dateModified\":\"2024-05-21T12:38:13+00:00\",\"description\":\"D\u00e9couvrez les exp\u00e9riences personnelles de personnes qui vivent avec une cholangite biliaire primitive. L\u2019approche d\u2019Ipsen centr\u00e9e sur le patient se concentre non seulement sur la maladie, mais \u00e9galement \u2013 et surtout \u2013 sur l\u2019individu.\",\"breadcrumb\":{\"@id\":\"https:\/\/www.ipsen.com\/fr\/actualites\/rare-diseases-fr\/vivre-avec-une-cholangite-biliaire-primitive-comprendre-le-patient-au-dela-des-chiffres\/#breadcrumb\"},\"inLanguage\":\"fr-FR\",\"potentialAction\":[{\"@type\":\"ReadAction\",\"target\":[\"https:\/\/www.ipsen.com\/fr\/actualites\/rare-diseases-fr\/vivre-avec-une-cholangite-biliaire-primitive-comprendre-le-patient-au-dela-des-chiffres\/\"]}]},{\"@type\":\"ImageObject\",\"inLanguage\":\"fr-FR\",\"@id\":\"https:\/\/www.ipsen.com\/fr\/actualites\/rare-diseases-fr\/vivre-avec-une-cholangite-biliaire-primitive-comprendre-le-patient-au-dela-des-chiffres\/#primaryimage\",\"url\":\"https:\/\/www.ipsen.com\/wp-content\/uploads\/2022\/12\/R-Mitchell.png\",\"contentUrl\":\"https:\/\/www.ipsen.com\/wp-content\/uploads\/2022\/12\/R-Mitchell.png\",\"width\":366,\"height\":346},{\"@type\":\"BreadcrumbList\",\"@id\":\"https:\/\/www.ipsen.com\/fr\/actualites\/rare-diseases-fr\/vivre-avec-une-cholangite-biliaire-primitive-comprendre-le-patient-au-dela-des-chiffres\/#breadcrumb\",\"itemListElement\":[{\"@type\":\"ListItem\",\"position\":1,\"name\":\"Home\",\"item\":\"https:\/\/www.ipsen.com\/fr\/home\/\"},{\"@type\":\"ListItem\",\"position\":2,\"name\":\"Vivre avec une cholangite biliaire primitive\u00a0: comprendre le patient au-del\u00e0 des chiffres\"}]},{\"@type\":\"WebSite\",\"@id\":\"https:\/\/www.ipsen.com\/fr\/#website\",\"url\":\"https:\/\/www.ipsen.com\/fr\/\",\"name\":\"Global\",\"description\":\"\",\"publisher\":{\"@id\":\"https:\/\/www.ipsen.com\/fr\/#organization\"},\"potentialAction\":[{\"@type\":\"SearchAction\",\"target\":{\"@type\":\"EntryPoint\",\"urlTemplate\":\"https:\/\/www.ipsen.com\/fr\/?s={search_term_string}\"},\"query-input\":{\"@type\":\"PropertyValueSpecification\",\"valueRequired\":true,\"valueName\":\"search_term_string\"}}],\"inLanguage\":\"fr-FR\"},{\"@type\":\"Organization\",\"@id\":\"https:\/\/www.ipsen.com\/fr\/#organization\",\"name\":\"IPSEN\",\"url\":\"https:\/\/www.ipsen.com\/fr\/\",\"logo\":{\"@type\":\"ImageObject\",\"inLanguage\":\"fr-FR\",\"@id\":\"https:\/\/www.ipsen.com\/fr\/#\/schema\/logo\/image\/\",\"url\":\"https:\/\/www.ipsen.com\/wp-content\/uploads\/2023\/12\/Latest_Ipsen-logo_168x48.svg\",\"contentUrl\":\"https:\/\/www.ipsen.com\/wp-content\/uploads\/2023\/12\/Latest_Ipsen-logo_168x48.svg\",\"caption\":\"IPSEN\"},\"image\":{\"@id\":\"https:\/\/www.ipsen.com\/fr\/#\/schema\/logo\/image\/\"},\"sameAs\":[\"https:\/\/www.facebook.com\/Ipsengroup\",\"https:\/\/x.com\/ipsengroup\"]},{\"@type\":\"Person\",\"@id\":\"https:\/\/www.ipsen.com\/fr\/#\/schema\/person\/caf513ba91f9535b6b2d8a79d95764c5\",\"name\":\"konstantinoskampanos\",\"image\":{\"@type\":\"ImageObject\",\"inLanguage\":\"fr-FR\",\"@id\":\"https:\/\/www.ipsen.com\/fr\/#\/schema\/person\/image\/\",\"url\":\"https:\/\/secure.gravatar.com\/avatar\/461d8aaa3dc000968b96f9df6ebfd0f045990cabf9f91de7f7dc4b9542e2adc8?s=96&d=mm&r=g\",\"contentUrl\":\"https:\/\/secure.gravatar.com\/avatar\/461d8aaa3dc000968b96f9df6ebfd0f045990cabf9f91de7f7dc4b9542e2adc8?s=96&d=mm&r=g\",\"caption\":\"konstantinoskampanos\"}}]}<\/script>\n<!-- \/ Yoast SEO plugin. -->","yoast_head_json":{"title":"Vivre avec une cholangite biliaire primitive\u00a0: comprendre le patient au-del\u00e0 des chiffres | L\u2019approche centr\u00e9e sur le patient d\u2019Ipsen","description":"D\u00e9couvrez les exp\u00e9riences personnelles de personnes qui vivent avec une cholangite biliaire primitive. L\u2019approche d\u2019Ipsen centr\u00e9e sur le patient se concentre non seulement sur la maladie, mais \u00e9galement \u2013 et surtout \u2013 sur l\u2019individu.","robots":{"index":"index","follow":"follow","max-snippet":"max-snippet:-1","max-image-preview":"max-image-preview:large","max-video-preview":"max-video-preview:-1"},"canonical":"https:\/\/www.ipsen.com\/fr\/actualites\/rare-diseases-fr\/vivre-avec-une-cholangite-biliaire-primitive-comprendre-le-patient-au-dela-des-chiffres\/","og_locale":"fr_FR","og_type":"article","og_title":"Vivre avec une cholangite biliaire primitive\u00a0: comprendre le patient au-del\u00e0 des chiffres | L\u2019approche centr\u00e9e sur le patient d\u2019Ipsen","og_description":"D\u00e9couvrez les exp\u00e9riences personnelles de personnes qui vivent avec une cholangite biliaire primitive. L\u2019approche d\u2019Ipsen centr\u00e9e sur le patient se concentre non seulement sur la maladie, mais \u00e9galement \u2013 et surtout \u2013 sur l\u2019individu.","og_url":"https:\/\/www.ipsen.com\/fr\/actualites\/rare-diseases-fr\/vivre-avec-une-cholangite-biliaire-primitive-comprendre-le-patient-au-dela-des-chiffres\/","og_site_name":"Global","article_published_time":"2022-12-20T09:29:21+00:00","article_modified_time":"2024-05-21T12:38:13+00:00","og_image":[{"width":366,"height":346,"url":"https:\/\/www.ipsen.com\/wp-content\/uploads\/2022\/12\/R-Mitchell.png","type":"image\/png"}],"author":"konstantinoskampanos","twitter_card":"summary_large_image","twitter_creator":"@ipsengroup","twitter_site":"@ipsengroup","twitter_misc":{"Written by":"konstantinoskampanos","Est. reading time":"1 minute"},"schema":{"@context":"https:\/\/schema.org","@graph":[{"@type":"Article","@id":"https:\/\/www.ipsen.com\/fr\/actualites\/rare-diseases-fr\/vivre-avec-une-cholangite-biliaire-primitive-comprendre-le-patient-au-dela-des-chiffres\/#article","isPartOf":{"@id":"https:\/\/www.ipsen.com\/fr\/actualites\/rare-diseases-fr\/vivre-avec-une-cholangite-biliaire-primitive-comprendre-le-patient-au-dela-des-chiffres\/"},"author":{"name":"konstantinoskampanos","@id":"https:\/\/www.ipsen.com\/fr\/#\/schema\/person\/caf513ba91f9535b6b2d8a79d95764c5"},"headline":"Vivre avec une cholangite biliaire primitive\u00a0: comprendre le patient au-del\u00e0 des chiffres","datePublished":"2022-12-20T09:29:21+00:00","dateModified":"2024-05-21T12:38:13+00:00","mainEntityOfPage":{"@id":"https:\/\/www.ipsen.com\/fr\/actualites\/rare-diseases-fr\/vivre-avec-une-cholangite-biliaire-primitive-comprendre-le-patient-au-dela-des-chiffres\/"},"wordCount":138,"publisher":{"@id":"https:\/\/www.ipsen.com\/fr\/#organization"},"image":{"@id":"https:\/\/www.ipsen.com\/fr\/actualites\/rare-diseases-fr\/vivre-avec-une-cholangite-biliaire-primitive-comprendre-le-patient-au-dela-des-chiffres\/#primaryimage"},"thumbnailUrl":"https:\/\/www.ipsen.com\/wp-content\/uploads\/2022\/12\/R-Mitchell.png","keywords":["Rare disease","Patient"],"articleSection":["Maladies Rares"],"inLanguage":"fr-FR"},{"@type":"WebPage","@id":"https:\/\/www.ipsen.com\/fr\/actualites\/rare-diseases-fr\/vivre-avec-une-cholangite-biliaire-primitive-comprendre-le-patient-au-dela-des-chiffres\/","url":"https:\/\/www.ipsen.com\/fr\/actualites\/rare-diseases-fr\/vivre-avec-une-cholangite-biliaire-primitive-comprendre-le-patient-au-dela-des-chiffres\/","name":"Vivre avec une cholangite biliaire primitive\u00a0: comprendre le patient au-del\u00e0 des chiffres | L\u2019approche centr\u00e9e sur le patient d\u2019Ipsen","isPartOf":{"@id":"https:\/\/www.ipsen.com\/fr\/#website"},"primaryImageOfPage":{"@id":"https:\/\/www.ipsen.com\/fr\/actualites\/rare-diseases-fr\/vivre-avec-une-cholangite-biliaire-primitive-comprendre-le-patient-au-dela-des-chiffres\/#primaryimage"},"image":{"@id":"https:\/\/www.ipsen.com\/fr\/actualites\/rare-diseases-fr\/vivre-avec-une-cholangite-biliaire-primitive-comprendre-le-patient-au-dela-des-chiffres\/#primaryimage"},"thumbnailUrl":"https:\/\/www.ipsen.com\/wp-content\/uploads\/2022\/12\/R-Mitchell.png","datePublished":"2022-12-20T09:29:21+00:00","dateModified":"2024-05-21T12:38:13+00:00","description":"D\u00e9couvrez les exp\u00e9riences personnelles de personnes qui vivent avec une cholangite biliaire primitive. L\u2019approche d\u2019Ipsen centr\u00e9e sur le patient se concentre non seulement sur la maladie, mais \u00e9galement \u2013 et surtout \u2013 sur l\u2019individu.","breadcrumb":{"@id":"https:\/\/www.ipsen.com\/fr\/actualites\/rare-diseases-fr\/vivre-avec-une-cholangite-biliaire-primitive-comprendre-le-patient-au-dela-des-chiffres\/#breadcrumb"},"inLanguage":"fr-FR","potentialAction":[{"@type":"ReadAction","target":["https:\/\/www.ipsen.com\/fr\/actualites\/rare-diseases-fr\/vivre-avec-une-cholangite-biliaire-primitive-comprendre-le-patient-au-dela-des-chiffres\/"]}]},{"@type":"ImageObject","inLanguage":"fr-FR","@id":"https:\/\/www.ipsen.com\/fr\/actualites\/rare-diseases-fr\/vivre-avec-une-cholangite-biliaire-primitive-comprendre-le-patient-au-dela-des-chiffres\/#primaryimage","url":"https:\/\/www.ipsen.com\/wp-content\/uploads\/2022\/12\/R-Mitchell.png","contentUrl":"https:\/\/www.ipsen.com\/wp-content\/uploads\/2022\/12\/R-Mitchell.png","width":366,"height":346},{"@type":"BreadcrumbList","@id":"https:\/\/www.ipsen.com\/fr\/actualites\/rare-diseases-fr\/vivre-avec-une-cholangite-biliaire-primitive-comprendre-le-patient-au-dela-des-chiffres\/#breadcrumb","itemListElement":[{"@type":"ListItem","position":1,"name":"Home","item":"https:\/\/www.ipsen.com\/fr\/home\/"},{"@type":"ListItem","position":2,"name":"Vivre avec une cholangite biliaire primitive\u00a0: comprendre le patient au-del\u00e0 des chiffres"}]},{"@type":"WebSite","@id":"https:\/\/www.ipsen.com\/fr\/#website","url":"https:\/\/www.ipsen.com\/fr\/","name":"Global","description":"","publisher":{"@id":"https:\/\/www.ipsen.com\/fr\/#organization"},"potentialAction":[{"@type":"SearchAction","target":{"@type":"EntryPoint","urlTemplate":"https:\/\/www.ipsen.com\/fr\/?s={search_term_string}"},"query-input":{"@type":"PropertyValueSpecification","valueRequired":true,"valueName":"search_term_string"}}],"inLanguage":"fr-FR"},{"@type":"Organization","@id":"https:\/\/www.ipsen.com\/fr\/#organization","name":"IPSEN","url":"https:\/\/www.ipsen.com\/fr\/","logo":{"@type":"ImageObject","inLanguage":"fr-FR","@id":"https:\/\/www.ipsen.com\/fr\/#\/schema\/logo\/image\/","url":"https:\/\/www.ipsen.com\/wp-content\/uploads\/2023\/12\/Latest_Ipsen-logo_168x48.svg","contentUrl":"https:\/\/www.ipsen.com\/wp-content\/uploads\/2023\/12\/Latest_Ipsen-logo_168x48.svg","caption":"IPSEN"},"image":{"@id":"https:\/\/www.ipsen.com\/fr\/#\/schema\/logo\/image\/"},"sameAs":["https:\/\/www.facebook.com\/Ipsengroup","https:\/\/x.com\/ipsengroup"]},{"@type":"Person","@id":"https:\/\/www.ipsen.com\/fr\/#\/schema\/person\/caf513ba91f9535b6b2d8a79d95764c5","name":"konstantinoskampanos","image":{"@type":"ImageObject","inLanguage":"fr-FR","@id":"https:\/\/www.ipsen.com\/fr\/#\/schema\/person\/image\/","url":"https:\/\/secure.gravatar.com\/avatar\/461d8aaa3dc000968b96f9df6ebfd0f045990cabf9f91de7f7dc4b9542e2adc8?s=96&d=mm&r=g","contentUrl":"https:\/\/secure.gravatar.com\/avatar\/461d8aaa3dc000968b96f9df6ebfd0f045990cabf9f91de7f7dc4b9542e2adc8?s=96&d=mm&r=g","caption":"konstantinoskampanos"}}]}},"jetpack_featured_media_url":"https:\/\/www.ipsen.com\/wp-content\/uploads\/2022\/12\/R-Mitchell.png","jetpack_sharing_enabled":true,"_links":{"self":[{"href":"https:\/\/www.ipsen.com\/fr\/wp-json\/wp\/v2\/posts\/27797","targetHints":{"allow":["GET"]}}],"collection":[{"href":"https:\/\/www.ipsen.com\/fr\/wp-json\/wp\/v2\/posts"}],"about":[{"href":"https:\/\/www.ipsen.com\/fr\/wp-json\/wp\/v2\/types\/post"}],"author":[{"embeddable":true,"href":"https:\/\/www.ipsen.com\/fr\/wp-json\/wp\/v2\/users\/9"}],"replies":[{"embeddable":true,"href":"https:\/\/www.ipsen.com\/fr\/wp-json\/wp\/v2\/comments?post=27797"}],"version-history":[{"count":8,"href":"https:\/\/www.ipsen.com\/fr\/wp-json\/wp\/v2\/posts\/27797\/revisions"}],"predecessor-version":[{"id":56527,"href":"https:\/\/www.ipsen.com\/fr\/wp-json\/wp\/v2\/posts\/27797\/revisions\/56527"}],"wp:featuredmedia":[{"embeddable":true,"href":"https:\/\/www.ipsen.com\/fr\/wp-json\/wp\/v2\/media\/19123"}],"wp:attachment":[{"href":"https:\/\/www.ipsen.com\/fr\/wp-json\/wp\/v2\/media?parent=27797"}],"wp:term":[{"taxonomy":"category","embeddable":true,"href":"https:\/\/www.ipsen.com\/fr\/wp-json\/wp\/v2\/categories?post=27797"},{"taxonomy":"post_tag","embeddable":true,"href":"https:\/\/www.ipsen.com\/fr\/wp-json\/wp\/v2\/tags?post=27797"}],"curies":[{"name":"wp","href":"https:\/\/api.w.org\/{rel}","templated":true}]}}