{"id":112405,"date":"2026-09-05T09:00:00","date_gmt":"2026-09-05T07:00:00","guid":{"rendered":"https:\/\/www.ipsen.com\/?p=112405"},"modified":"2026-09-03T10:02:08","modified_gmt":"2026-09-03T08:02:08","slug":"cette-annee-supplementaire-qui-a-tout-change","status":"publish","type":"post","link":"https:\/\/www.ipsen.com\/fr\/actualites\/culture-fr\/cette-annee-supplementaire-qui-a-tout-change\/","title":{"rendered":"Cette ann\u00e9e suppl\u00e9mentaire qui a tout chang\u00e9\u00a0"},"content":{"rendered":"<p class=\"heading-para wp-block-paragraph\">Apr\u00e8s 25 ans pass\u00e9s dans l\u2019oncologie, Jon Travers connaissait l\u2019impact que le cancer peut avoir sur les patients et leurs proches. Tout au long de sa carri\u00e8re, il a \u00e9t\u00e9 anim\u00e9 par la volont\u00e9 de contribuer au d\u00e9veloppement de nouveaux traitements pour les personnes qui en ont le plus besoin.\u00a0<\/p>\n\n<p class=\"heading-para wp-block-paragraph\">Mais il y a une dizaine d\u2019ann\u00e9es, cette mission a pris une tout autre dimension.\u00a0<\/p>\n\n<p class=\"heading-para wp-block-paragraph\">Lorsque sa m\u00e8re a \u00e9t\u00e9 confront\u00e9e \u00e0 une r\u00e9cidive de m\u00e9lanome, c\u2019\u00e9tait la troisi\u00e8me fois qu\u2019elle faisait face \u00e0 un cancer. Pr\u00e8s de vingt ans apr\u00e8s un premier \u00e9pisode de la maladie, le cancer \u00e9tait r\u00e9apparu et le pronostic \u00e9tait d\u00e9favorable. Comme de nombreuses familles confront\u00e9es \u00e0 cette \u00e9preuve, ils ont d\u00fb envisager la possibilit\u00e9 que le temps pass\u00e9 ensemble soit plus court qu\u2019ils ne l\u2019esp\u00e9raient.\u00a0<\/p>\n\n<p class=\"heading-para wp-block-paragraph\">L\u2019acc\u00e8s \u00e0 un traitement innovant dans le cadre d\u2019un programme d\u2019acc\u00e8s pr\u00e9coce a alors chang\u00e9 le cours de cette histoire.\u00a0<\/p>\n\n    <section class=\"video-card \">\n        <div class=\"container\">\n            <!-- Block Details -->\n            <div class=\"video-card-header\">\n                <h3 class=\"video-card-block-title hidden heading-three\">\n                                    <\/h3>\n                <p class=\"charcoal-grey video-card-block-summary hidden\"> \n                                    <\/p>\n            <\/div>\n\n            <!-- Video Iframe embed -->\n                            <div class=\"video-embed\"> \n                <iframe loading=\"lazy\" title=\"IPSEN_MIM_JON_v05_16-9_FR def\" src=\"https:\/\/player.vimeo.com\/video\/1223598319?app_id=122963&#038;autoplay=1&#038;muted=1&#038;controls=1&#038;loop=1&#038;autopause=1&#038;background=0\" width=\"640\" height=\"360\" frameborder=\"0\" allow=\"autoplay; fullscreen; picture-in-picture; clipboard-write; encrypted-media; web-share\" referrerpolicy=\"strict-origin-when-cross-origin\" id=\"ipsen-video-1\" class=\"veeva_video\" data-ot-ignore><\/iframe>                <\/div>\n            \n            <!-- Block CTA -->\n            <div class=\"cta-block hidden\">\n                            <\/div>\n\n        <\/div>\n    <\/section>\n\n\n<p class=\"heading-para wp-block-paragraph\">Ce traitement a offert \u00e0 la m\u00e8re de Jon une ann\u00e9e de vie suppl\u00e9mentaire. Une ann\u00e9e pr\u00e9cieuse, pass\u00e9e aupr\u00e8s de sa famille, \u00e0 cr\u00e9er des souvenirs et \u00e0 partager des moments qui n\u2019auraient peut-\u00eatre jamais exist\u00e9 autrement.\u00a0<\/p>\n\n<p class=\"heading-para wp-block-paragraph\">Vivre cette exp\u00e9rience de pr\u00e8s a profond\u00e9ment transform\u00e9 sa fa\u00e7on de percevoir son travail. Ce qui \u00e9tait jusque-l\u00e0 un engagement professionnel en faveur de l\u2019innovation est devenu une conviction beaucoup plus personnelle. Il a compris concr\u00e8tement ce que l\u2019arriv\u00e9e d\u2019un nouveau traitement peut repr\u00e9senter pour un patient, mais aussi pour toute sa famille.\u00a0<\/p>\n\n<p class=\"heading-para wp-block-paragraph\">Aujourd\u2019hui, en tant que Senior Director, External Innovation, cette exp\u00e9rience continue d\u2019influencer son quotidien. Au-del\u00e0 des donn\u00e9es scientifiques et des r\u00e9sultats cliniques, il garde toujours \u00e0 l\u2019esprit les personnes qui pourraient b\u00e9n\u00e9ficier des innovations qu\u2019Ipsen cherche \u00e0 d\u00e9velopper.\u00a0<\/p>\n\n<p class=\"heading-para wp-block-paragraph\">Pour Jon, la valeur d\u2019un m\u00e9dicament ne se limite pas \u00e0 ses performances cliniques. Elle se mesure aussi au temps qu\u2019il peut offrir aux patients, aux moments qu\u2019il permet de partager et aux souvenirs qu\u2019il contribue \u00e0 cr\u00e9er.\u00a0<\/p>\n\n<p class=\"heading-para wp-block-paragraph\">Son histoire t\u00e9moigne de l\u2019impact tr\u00e8s concret que l\u2019innovation peut avoir dans la vie des patients et de leurs proches. Parce que parfois, une seule ann\u00e9e de plus peut faire toute la diff\u00e9rence.\u00a0<\/p>","protected":false},"excerpt":{"rendered":"<p>Apr\u00e8s 25 ans pass\u00e9s dans l\u2019oncologie, Jon Travers connaissait l\u2019impact que le cancer peut avoir sur les patients et leurs<\/p>\n","protected":false},"author":11,"featured_media":112408,"comment_status":"closed","ping_status":"closed","sticky":false,"template":"","format":"standard","meta":{"_acf_changed":false,"_jetpack_newsletter_access":"","_jetpack_dont_email_post_to_subs":false,"_jetpack_newsletter_tier_id":0,"_jetpack_memberships_contains_paywalled_content":false,"_jetpack_feature_clip_id":0,"_jetpack_memberships_contains_paid_content":false,"footnotes":"","jetpack_post_was_ever_published":false},"categories":[24935],"tags":[],"class_list":["post-112405","post","type-post","status-publish","format-standard","has-post-thumbnail","hentry","category-culture-fr","entry"],"acf":[],"yoast_head":"<!-- This site is optimized with the Yoast SEO plugin v28.2 - https:\/\/yoast.com\/product\/yoast-seo-wordpress\/ -->\n<title>Cette ann\u00e9e suppl\u00e9mentaire qui a tout chang\u00e9\u00a0 - Global<\/title>\n<meta name=\"description\" content=\"Apr\u00e8s 25 ans pass\u00e9s dans l\u2019oncologie, Jon Travers connaissait l\u2019impact que le cancer peut avoir sur les patients et leurs proches. Tout au long de sa carri\u00e8re, il a \u00e9t\u00e9 anim\u00e9 par la volont\u00e9 de contribuer au d\u00e9veloppement de nouveaux traitements pour les personnes qui en ont le plus besoin.\" \/>\n<meta name=\"robots\" content=\"index, follow, max-snippet:-1, max-image-preview:large, max-video-preview:-1\" \/>\n<link rel=\"canonical\" href=\"https:\/\/www.ipsen.com\/fr\/actualites\/culture-fr\/cette-annee-supplementaire-qui-a-tout-change\/\" \/>\n<meta property=\"og:locale\" content=\"fr_FR\" \/>\n<meta property=\"og:type\" content=\"article\" \/>\n<meta property=\"og:title\" content=\"Cette ann\u00e9e suppl\u00e9mentaire qui a tout chang\u00e9\u00a0 - Global\" \/>\n<meta property=\"og:description\" content=\"Apr\u00e8s 25 ans pass\u00e9s dans l\u2019oncologie, Jon Travers connaissait l\u2019impact que le cancer peut avoir sur les patients et leurs proches. Tout au long de sa carri\u00e8re, il a \u00e9t\u00e9 anim\u00e9 par la volont\u00e9 de contribuer au d\u00e9veloppement de nouveaux traitements pour les personnes qui en ont le plus besoin.\" \/>\n<meta property=\"og:url\" content=\"https:\/\/www.ipsen.com\/fr\/actualites\/culture-fr\/cette-annee-supplementaire-qui-a-tout-change\/\" \/>\n<meta property=\"og:site_name\" content=\"Global\" \/>\n<meta property=\"article:published_time\" content=\"2026-09-05T07:00:00+00:00\" \/>\n<meta property=\"og:image\" content=\"https:\/\/www.ipsen.com\/wp-content\/uploads\/2026\/09\/Jon-Thumbnail.png\" \/>\n\t<meta property=\"og:image:width\" content=\"1082\" \/>\n\t<meta property=\"og:image:height\" content=\"620\" \/>\n\t<meta property=\"og:image:type\" content=\"image\/png\" \/>\n<meta name=\"author\" content=\"heloisedetouchet\" \/>\n<meta name=\"twitter:card\" content=\"summary_large_image\" \/>\n<meta name=\"twitter:creator\" content=\"@ipsengroup\" \/>\n<meta name=\"twitter:site\" content=\"@ipsengroup\" \/>\n<meta name=\"twitter:label1\" content=\"Written by\" \/>\n\t<meta name=\"twitter:data1\" content=\"heloisedetouchet\" \/>\n\t<meta name=\"twitter:label2\" content=\"Est. reading time\" \/>\n\t<meta name=\"twitter:data2\" content=\"2 minutes\" \/>\n<script type=\"application\/ld+json\" class=\"yoast-schema-graph\">{\"@context\":\"https:\\\/\\\/schema.org\",\"@graph\":[{\"@type\":\"Article\",\"@id\":\"https:\\\/\\\/www.ipsen.com\\\/fr\\\/actualites\\\/culture-fr\\\/cette-annee-supplementaire-qui-a-tout-change\\\/#article\",\"isPartOf\":{\"@id\":\"https:\\\/\\\/www.ipsen.com\\\/fr\\\/actualites\\\/culture-fr\\\/cette-annee-supplementaire-qui-a-tout-change\\\/\"},\"author\":{\"name\":\"heloisedetouchet\",\"@id\":\"https:\\\/\\\/www.ipsen.com\\\/fr\\\/#\\\/schema\\\/person\\\/2c275168b31beee81688f3c041877318\"},\"headline\":\"Cette ann\u00e9e suppl\u00e9mentaire qui a tout chang\u00e9\u00a0\",\"datePublished\":\"2026-09-05T07:00:00+00:00\",\"mainEntityOfPage\":{\"@id\":\"https:\\\/\\\/www.ipsen.com\\\/fr\\\/actualites\\\/culture-fr\\\/cette-annee-supplementaire-qui-a-tout-change\\\/\"},\"wordCount\":427,\"publisher\":{\"@id\":\"https:\\\/\\\/www.ipsen.com\\\/fr\\\/#organization\"},\"image\":{\"@id\":\"https:\\\/\\\/www.ipsen.com\\\/fr\\\/actualites\\\/culture-fr\\\/cette-annee-supplementaire-qui-a-tout-change\\\/#primaryimage\"},\"thumbnailUrl\":\"https:\\\/\\\/www.ipsen.com\\\/wp-content\\\/uploads\\\/2026\\\/09\\\/Jon-Thumbnail.png\",\"articleSection\":[\"Culture\"],\"inLanguage\":\"fr-FR\"},{\"@type\":\"WebPage\",\"@id\":\"https:\\\/\\\/www.ipsen.com\\\/fr\\\/actualites\\\/culture-fr\\\/cette-annee-supplementaire-qui-a-tout-change\\\/\",\"url\":\"https:\\\/\\\/www.ipsen.com\\\/fr\\\/actualites\\\/culture-fr\\\/cette-annee-supplementaire-qui-a-tout-change\\\/\",\"name\":\"Cette ann\u00e9e suppl\u00e9mentaire qui a tout chang\u00e9\u00a0 - Global\",\"isPartOf\":{\"@id\":\"https:\\\/\\\/www.ipsen.com\\\/fr\\\/#website\"},\"primaryImageOfPage\":{\"@id\":\"https:\\\/\\\/www.ipsen.com\\\/fr\\\/actualites\\\/culture-fr\\\/cette-annee-supplementaire-qui-a-tout-change\\\/#primaryimage\"},\"image\":{\"@id\":\"https:\\\/\\\/www.ipsen.com\\\/fr\\\/actualites\\\/culture-fr\\\/cette-annee-supplementaire-qui-a-tout-change\\\/#primaryimage\"},\"thumbnailUrl\":\"https:\\\/\\\/www.ipsen.com\\\/wp-content\\\/uploads\\\/2026\\\/09\\\/Jon-Thumbnail.png\",\"datePublished\":\"2026-09-05T07:00:00+00:00\",\"description\":\"Apr\u00e8s 25 ans pass\u00e9s dans l\u2019oncologie, Jon Travers connaissait l\u2019impact que le cancer peut avoir sur les patients et leurs proches. Tout au long de sa carri\u00e8re, il a \u00e9t\u00e9 anim\u00e9 par la volont\u00e9 de contribuer au d\u00e9veloppement de nouveaux traitements pour les personnes qui en ont le plus besoin.\",\"breadcrumb\":{\"@id\":\"https:\\\/\\\/www.ipsen.com\\\/fr\\\/actualites\\\/culture-fr\\\/cette-annee-supplementaire-qui-a-tout-change\\\/#breadcrumb\"},\"inLanguage\":\"fr-FR\",\"potentialAction\":[{\"@type\":\"ReadAction\",\"target\":[\"https:\\\/\\\/www.ipsen.com\\\/fr\\\/actualites\\\/culture-fr\\\/cette-annee-supplementaire-qui-a-tout-change\\\/\"]}]},{\"@type\":\"ImageObject\",\"inLanguage\":\"fr-FR\",\"@id\":\"https:\\\/\\\/www.ipsen.com\\\/fr\\\/actualites\\\/culture-fr\\\/cette-annee-supplementaire-qui-a-tout-change\\\/#primaryimage\",\"url\":\"https:\\\/\\\/www.ipsen.com\\\/wp-content\\\/uploads\\\/2026\\\/09\\\/Jon-Thumbnail.png\",\"contentUrl\":\"https:\\\/\\\/www.ipsen.com\\\/wp-content\\\/uploads\\\/2026\\\/09\\\/Jon-Thumbnail.png\",\"width\":1082,\"height\":620},{\"@type\":\"BreadcrumbList\",\"@id\":\"https:\\\/\\\/www.ipsen.com\\\/fr\\\/actualites\\\/culture-fr\\\/cette-annee-supplementaire-qui-a-tout-change\\\/#breadcrumb\",\"itemListElement\":[{\"@type\":\"ListItem\",\"position\":1,\"name\":\"Home\",\"item\":\"https:\\\/\\\/www.ipsen.com\\\/fr\\\/\"},{\"@type\":\"ListItem\",\"position\":2,\"name\":\"Cette ann\u00e9e suppl\u00e9mentaire qui a tout chang\u00e9\u00a0\"}]},{\"@type\":\"WebSite\",\"@id\":\"https:\\\/\\\/www.ipsen.com\\\/fr\\\/#website\",\"url\":\"https:\\\/\\\/www.ipsen.com\\\/fr\\\/\",\"name\":\"Global\",\"description\":\"\",\"publisher\":{\"@id\":\"https:\\\/\\\/www.ipsen.com\\\/fr\\\/#organization\"},\"potentialAction\":[{\"@type\":\"SearchAction\",\"target\":{\"@type\":\"EntryPoint\",\"urlTemplate\":\"https:\\\/\\\/www.ipsen.com\\\/fr\\\/?s={search_term_string}\"},\"query-input\":{\"@type\":\"PropertyValueSpecification\",\"valueRequired\":true,\"valueName\":\"search_term_string\"}}],\"inLanguage\":\"fr-FR\"},{\"@type\":\"Organization\",\"@id\":\"https:\\\/\\\/www.ipsen.com\\\/fr\\\/#organization\",\"name\":\"IPSEN\",\"url\":\"https:\\\/\\\/www.ipsen.com\\\/fr\\\/\",\"logo\":{\"@type\":\"ImageObject\",\"inLanguage\":\"fr-FR\",\"@id\":\"https:\\\/\\\/www.ipsen.com\\\/fr\\\/#\\\/schema\\\/logo\\\/image\\\/\",\"url\":\"https:\\\/\\\/www.ipsen.com\\\/wp-content\\\/uploads\\\/2023\\\/12\\\/Latest_Ipsen-logo_168x48.svg\",\"contentUrl\":\"https:\\\/\\\/www.ipsen.com\\\/wp-content\\\/uploads\\\/2023\\\/12\\\/Latest_Ipsen-logo_168x48.svg\",\"caption\":\"IPSEN\"},\"image\":{\"@id\":\"https:\\\/\\\/www.ipsen.com\\\/fr\\\/#\\\/schema\\\/logo\\\/image\\\/\"},\"sameAs\":[\"https:\\\/\\\/www.facebook.com\\\/Ipsengroup\",\"https:\\\/\\\/x.com\\\/ipsengroup\"]},{\"@type\":\"Person\",\"@id\":\"https:\\\/\\\/www.ipsen.com\\\/fr\\\/#\\\/schema\\\/person\\\/2c275168b31beee81688f3c041877318\",\"name\":\"heloisedetouchet\",\"image\":{\"@type\":\"ImageObject\",\"inLanguage\":\"fr-FR\",\"@id\":\"https:\\\/\\\/secure.gravatar.com\\\/avatar\\\/a294050dc7df14814ce352dcd30bd2b11c1bf6f269c4edf2111b59216f02bb15?s=96&d=mm&r=g\",\"url\":\"https:\\\/\\\/secure.gravatar.com\\\/avatar\\\/a294050dc7df14814ce352dcd30bd2b11c1bf6f269c4edf2111b59216f02bb15?s=96&d=mm&r=g\",\"contentUrl\":\"https:\\\/\\\/secure.gravatar.com\\\/avatar\\\/a294050dc7df14814ce352dcd30bd2b11c1bf6f269c4edf2111b59216f02bb15?s=96&d=mm&r=g\",\"caption\":\"heloisedetouchet\"}}]}<\/script>\n<!-- \/ Yoast SEO plugin. -->","yoast_head_json":{"title":"Cette ann\u00e9e suppl\u00e9mentaire qui a tout chang\u00e9\u00a0 - Global","description":"Apr\u00e8s 25 ans pass\u00e9s dans l\u2019oncologie, Jon Travers connaissait l\u2019impact que le cancer peut avoir sur les patients et leurs proches. Tout au long de sa carri\u00e8re, il a \u00e9t\u00e9 anim\u00e9 par la volont\u00e9 de contribuer au d\u00e9veloppement de nouveaux traitements pour les personnes qui en ont le plus besoin.","robots":{"index":"index","follow":"follow","max-snippet":"max-snippet:-1","max-image-preview":"max-image-preview:large","max-video-preview":"max-video-preview:-1"},"canonical":"https:\/\/www.ipsen.com\/fr\/actualites\/culture-fr\/cette-annee-supplementaire-qui-a-tout-change\/","og_locale":"fr_FR","og_type":"article","og_title":"Cette ann\u00e9e suppl\u00e9mentaire qui a tout chang\u00e9\u00a0 - Global","og_description":"Apr\u00e8s 25 ans pass\u00e9s dans l\u2019oncologie, Jon Travers connaissait l\u2019impact que le cancer peut avoir sur les patients et leurs proches. Tout au long de sa carri\u00e8re, il a \u00e9t\u00e9 anim\u00e9 par la volont\u00e9 de contribuer au d\u00e9veloppement de nouveaux traitements pour les personnes qui en ont le plus besoin.","og_url":"https:\/\/www.ipsen.com\/fr\/actualites\/culture-fr\/cette-annee-supplementaire-qui-a-tout-change\/","og_site_name":"Global","article_published_time":"2026-09-05T07:00:00+00:00","og_image":[{"width":1082,"height":620,"url":"https:\/\/www.ipsen.com\/wp-content\/uploads\/2026\/09\/Jon-Thumbnail.png","type":"image\/png"}],"author":"heloisedetouchet","twitter_card":"summary_large_image","twitter_creator":"@ipsengroup","twitter_site":"@ipsengroup","twitter_misc":{"Written by":"heloisedetouchet","Est. reading time":"2 minutes"},"schema":{"@context":"https:\/\/schema.org","@graph":[{"@type":"Article","@id":"https:\/\/www.ipsen.com\/fr\/actualites\/culture-fr\/cette-annee-supplementaire-qui-a-tout-change\/#article","isPartOf":{"@id":"https:\/\/www.ipsen.com\/fr\/actualites\/culture-fr\/cette-annee-supplementaire-qui-a-tout-change\/"},"author":{"name":"heloisedetouchet","@id":"https:\/\/www.ipsen.com\/fr\/#\/schema\/person\/2c275168b31beee81688f3c041877318"},"headline":"Cette ann\u00e9e suppl\u00e9mentaire qui a tout chang\u00e9\u00a0","datePublished":"2026-09-05T07:00:00+00:00","mainEntityOfPage":{"@id":"https:\/\/www.ipsen.com\/fr\/actualites\/culture-fr\/cette-annee-supplementaire-qui-a-tout-change\/"},"wordCount":427,"publisher":{"@id":"https:\/\/www.ipsen.com\/fr\/#organization"},"image":{"@id":"https:\/\/www.ipsen.com\/fr\/actualites\/culture-fr\/cette-annee-supplementaire-qui-a-tout-change\/#primaryimage"},"thumbnailUrl":"https:\/\/www.ipsen.com\/wp-content\/uploads\/2026\/09\/Jon-Thumbnail.png","articleSection":["Culture"],"inLanguage":"fr-FR"},{"@type":"WebPage","@id":"https:\/\/www.ipsen.com\/fr\/actualites\/culture-fr\/cette-annee-supplementaire-qui-a-tout-change\/","url":"https:\/\/www.ipsen.com\/fr\/actualites\/culture-fr\/cette-annee-supplementaire-qui-a-tout-change\/","name":"Cette ann\u00e9e suppl\u00e9mentaire qui a tout chang\u00e9\u00a0 - Global","isPartOf":{"@id":"https:\/\/www.ipsen.com\/fr\/#website"},"primaryImageOfPage":{"@id":"https:\/\/www.ipsen.com\/fr\/actualites\/culture-fr\/cette-annee-supplementaire-qui-a-tout-change\/#primaryimage"},"image":{"@id":"https:\/\/www.ipsen.com\/fr\/actualites\/culture-fr\/cette-annee-supplementaire-qui-a-tout-change\/#primaryimage"},"thumbnailUrl":"https:\/\/www.ipsen.com\/wp-content\/uploads\/2026\/09\/Jon-Thumbnail.png","datePublished":"2026-09-05T07:00:00+00:00","description":"Apr\u00e8s 25 ans pass\u00e9s dans l\u2019oncologie, Jon Travers connaissait l\u2019impact que le cancer peut avoir sur les patients et leurs proches. Tout au long de sa carri\u00e8re, il a \u00e9t\u00e9 anim\u00e9 par la volont\u00e9 de contribuer au d\u00e9veloppement de nouveaux traitements pour les personnes qui en ont le plus besoin.","breadcrumb":{"@id":"https:\/\/www.ipsen.com\/fr\/actualites\/culture-fr\/cette-annee-supplementaire-qui-a-tout-change\/#breadcrumb"},"inLanguage":"fr-FR","potentialAction":[{"@type":"ReadAction","target":["https:\/\/www.ipsen.com\/fr\/actualites\/culture-fr\/cette-annee-supplementaire-qui-a-tout-change\/"]}]},{"@type":"ImageObject","inLanguage":"fr-FR","@id":"https:\/\/www.ipsen.com\/fr\/actualites\/culture-fr\/cette-annee-supplementaire-qui-a-tout-change\/#primaryimage","url":"https:\/\/www.ipsen.com\/wp-content\/uploads\/2026\/09\/Jon-Thumbnail.png","contentUrl":"https:\/\/www.ipsen.com\/wp-content\/uploads\/2026\/09\/Jon-Thumbnail.png","width":1082,"height":620},{"@type":"BreadcrumbList","@id":"https:\/\/www.ipsen.com\/fr\/actualites\/culture-fr\/cette-annee-supplementaire-qui-a-tout-change\/#breadcrumb","itemListElement":[{"@type":"ListItem","position":1,"name":"Home","item":"https:\/\/www.ipsen.com\/fr\/"},{"@type":"ListItem","position":2,"name":"Cette ann\u00e9e suppl\u00e9mentaire qui a tout chang\u00e9\u00a0"}]},{"@type":"WebSite","@id":"https:\/\/www.ipsen.com\/fr\/#website","url":"https:\/\/www.ipsen.com\/fr\/","name":"Global","description":"","publisher":{"@id":"https:\/\/www.ipsen.com\/fr\/#organization"},"potentialAction":[{"@type":"SearchAction","target":{"@type":"EntryPoint","urlTemplate":"https:\/\/www.ipsen.com\/fr\/?s={search_term_string}"},"query-input":{"@type":"PropertyValueSpecification","valueRequired":true,"valueName":"search_term_string"}}],"inLanguage":"fr-FR"},{"@type":"Organization","@id":"https:\/\/www.ipsen.com\/fr\/#organization","name":"IPSEN","url":"https:\/\/www.ipsen.com\/fr\/","logo":{"@type":"ImageObject","inLanguage":"fr-FR","@id":"https:\/\/www.ipsen.com\/fr\/#\/schema\/logo\/image\/","url":"https:\/\/www.ipsen.com\/wp-content\/uploads\/2023\/12\/Latest_Ipsen-logo_168x48.svg","contentUrl":"https:\/\/www.ipsen.com\/wp-content\/uploads\/2023\/12\/Latest_Ipsen-logo_168x48.svg","caption":"IPSEN"},"image":{"@id":"https:\/\/www.ipsen.com\/fr\/#\/schema\/logo\/image\/"},"sameAs":["https:\/\/www.facebook.com\/Ipsengroup","https:\/\/x.com\/ipsengroup"]},{"@type":"Person","@id":"https:\/\/www.ipsen.com\/fr\/#\/schema\/person\/2c275168b31beee81688f3c041877318","name":"heloisedetouchet","image":{"@type":"ImageObject","inLanguage":"fr-FR","@id":"https:\/\/secure.gravatar.com\/avatar\/a294050dc7df14814ce352dcd30bd2b11c1bf6f269c4edf2111b59216f02bb15?s=96&d=mm&r=g","url":"https:\/\/secure.gravatar.com\/avatar\/a294050dc7df14814ce352dcd30bd2b11c1bf6f269c4edf2111b59216f02bb15?s=96&d=mm&r=g","contentUrl":"https:\/\/secure.gravatar.com\/avatar\/a294050dc7df14814ce352dcd30bd2b11c1bf6f269c4edf2111b59216f02bb15?s=96&d=mm&r=g","caption":"heloisedetouchet"}}]}},"jetpack_sharing_enabled":true,"jetpack_featured_media_url":"https:\/\/www.ipsen.com\/wp-content\/uploads\/2026\/09\/Jon-Thumbnail.png","_links":{"self":[{"href":"https:\/\/www.ipsen.com\/fr\/wp-json\/wp\/v2\/posts\/112405","targetHints":{"allow":["GET"]}}],"collection":[{"href":"https:\/\/www.ipsen.com\/fr\/wp-json\/wp\/v2\/posts"}],"about":[{"href":"https:\/\/www.ipsen.com\/fr\/wp-json\/wp\/v2\/types\/post"}],"author":[{"embeddable":true,"href":"https:\/\/www.ipsen.com\/fr\/wp-json\/wp\/v2\/users\/11"}],"replies":[{"embeddable":true,"href":"https:\/\/www.ipsen.com\/fr\/wp-json\/wp\/v2\/comments?post=112405"}],"version-history":[{"count":2,"href":"https:\/\/www.ipsen.com\/fr\/wp-json\/wp\/v2\/posts\/112405\/revisions"}],"predecessor-version":[{"id":112410,"href":"https:\/\/www.ipsen.com\/fr\/wp-json\/wp\/v2\/posts\/112405\/revisions\/112410"}],"wp:featuredmedia":[{"embeddable":true,"href":"https:\/\/www.ipsen.com\/fr\/wp-json\/wp\/v2\/media\/112408"}],"wp:attachment":[{"href":"https:\/\/www.ipsen.com\/fr\/wp-json\/wp\/v2\/media?parent=112405"}],"wp:term":[{"taxonomy":"category","embeddable":true,"href":"https:\/\/www.ipsen.com\/fr\/wp-json\/wp\/v2\/categories?post=112405"},{"taxonomy":"post_tag","embeddable":true,"href":"https:\/\/www.ipsen.com\/fr\/wp-json\/wp\/v2\/tags?post=112405"}],"curies":[{"name":"wp","href":"https:\/\/api.w.org\/{rel}","templated":true}]}}