{"id":103997,"date":"2026-04-23T07:10:52","date_gmt":"2026-04-23T05:10:52","guid":{"rendered":"https:\/\/www.ipsen.com\/?p=103997"},"modified":"2026-04-23T07:31:26","modified_gmt":"2026-04-23T05:31:26","slug":"ipsen-enregistre-une-forte-croissance-des-ventes-au-t1-2026","status":"publish","type":"post","link":"https:\/\/www.ipsen.com\/fr\/actualites\/financial-results-fr\/ipsen-enregistre-une-forte-croissance-des-ventes-au-t1-2026\/","title":{"rendered":"Forte croissance des ventes au premier trimestre 2026, marquant un solide d\u00e9but d\u2019ann\u00e9e"},"content":{"rendered":"\n<p>Nous avons enregistr\u00e9 un solide d\u00e9but d\u2019ann\u00e9e 2026, avec une <strong>croissance des ventes totales de 22,6 % \u00e0 taux de change constants au premier trimestre<\/strong>. Cette performance refl\u00e8te une ex\u00e9cution rigoureuse dans nos principaux domaines th\u00e9rapeutiques, ainsi qu\u2019une demande soutenue pour nos m\u00e9dicaments diff\u00e9renci\u00e9s.<\/p>\n\n\n    <section class=\"video-card \">\n        <div class=\"container\">\n            <!-- Block Details -->\n            <div class=\"video-card-header\">\n                <h3 class=\"video-card-block-title hidden heading-three\">\n                                    <\/h3>\n                <p class=\"charcoal-grey video-card-block-summary hidden\"> \n                                    <\/p>\n            <\/div>\n\n            <!-- Video Iframe embed -->\n                            <div class=\"video-embed\"> \n                <iframe loading=\"lazy\" title=\"IPSEN_CEO_External Video_Q12026_Sales\" src=\"https:\/\/player.vimeo.com\/video\/1185751380?h=7a15561098&amp;app_id=122963&#038;autoplay=1&#038;muted=1&#038;controls=1&#038;loop=1&#038;autopause=1&#038;background=0\" width=\"640\" height=\"360\" frameborder=\"0\" allow=\"autoplay; fullscreen; picture-in-picture; clipboard-write; encrypted-media; web-share\" referrerpolicy=\"strict-origin-when-cross-origin\" frameborder=\"0\" allow=\"autoplay; fullscreen; picture-in-picture\" data-ot-ignore><\/iframe>                <\/div>\n            \n            <!-- Block CTA -->\n            <div class=\"cta-block hidden\">\n                            <\/div>\n\n        <\/div>\n    <\/section>\n\n\n\n<p>Les r\u00e9sultats du T1 soulignent notre engagement \u00e0 apporter des innovations \u00e0 forte valeur ajout\u00e9e pour les patients, tout en assurant une croissance durable et de long terme.<\/p>\n\n\n\n<h3 class=\"wp-block-heading\">Une croissance solide dans l\u2019ensemble de nos domaines th\u00e9rapeutiques cl\u00e9s<\/h3>\n\n\n\n<p>La performance du premier trimestre repose sur une croissance \u00e9quilibr\u00e9e en <strong>Oncologie, Maladies Rares et Neurosciences<\/strong>, port\u00e9e par la solidit\u00e9 et la diversification de notre portefeuille.<\/p>\n\n\n\n<ul class=\"wp-block-list\">\n<li>Les ventes en <strong>Oncologie<\/strong> ont progress\u00e9 de <strong>13,0 %<\/strong>, soutenues par une demande toujours forte pour nos principales marques et sur nos march\u00e9s cl\u00e9s.<\/li>\n\n\n\n<li>L\u2019activit\u00e9 <strong>Maladies Rares<\/strong> a enregistr\u00e9 une croissance exceptionnelle de <strong>125,4 %<\/strong>, refl\u00e9tant le succ\u00e8s des efforts de commercialisation et l\u2019am\u00e9lioration de l\u2019acc\u00e8s des patients aux traitements d\u2019Ipsen dans ce domaine.<\/li>\n\n\n\n<li>Les ventes en <strong>Neurosciences<\/strong> ont augment\u00e9 de <strong>18,5 %<\/strong>, port\u00e9es par une demande sous\u2011jacente soutenue et une ex\u00e9cution commerciale efficace.<\/li>\n<\/ul>\n\n\n\n<p>Cette performance d\u00e9montre notre capacit\u00e9 \u00e0 g\u00e9n\u00e9rer de la croissance dans plusieurs domaines th\u00e9rapeutiques r\u00e9pondant \u00e0 des besoins m\u00e9dicaux importants non satisfaits.<\/p>\n\n\n\n<h3 class=\"wp-block-heading\">Bien positionn\u00e9s pour la suite de l\u2019ann\u00e9e<\/h3>\n\n\n\n<p>Nous abordons l\u2019ann\u00e9e 2026 avec une forte dynamique et avons confirm\u00e9 nos <strong>objectifs financiers pour l\u2019ensemble de l\u2019ann\u00e9e 2026<\/strong>. \u00c0 l\u2019avenir, nous restons pleinement concentr\u00e9s sur l\u2019avancement de notre pipeline, le soutien aux lancements et le renforcement de nos positions en Oncologie, Maladies Rares et Neurosciences.<\/p>\n\n\n\n<p><em>* Donn\u00e9es \u00e0 taux de change constants.<\/em><\/p>\n","protected":false},"excerpt":{"rendered":"<p>Nous avons enregistr\u00e9 un solide d\u00e9but d\u2019ann\u00e9e 2026, avec une croissance des ventes totales de 22,6 % \u00e0 taux de<\/p>\n","protected":false},"author":9,"featured_media":99428,"comment_status":"closed","ping_status":"closed","sticky":false,"template":"","format":"standard","meta":{"_acf_changed":false,"_jetpack_memberships_contains_paid_content":false,"footnotes":""},"categories":[3517,3515],"tags":[],"class_list":["post-103997","post","type-post","status-publish","format-standard","has-post-thumbnail","hentry","category-fy-results-fr","category-financial-results-fr","entry"],"acf":[],"yoast_head":"<!-- This site is optimized with the Yoast SEO plugin v26.8 - https:\/\/yoast.com\/product\/yoast-seo-wordpress\/ -->\n<title>Forte croissance des ventes au premier trimestre 2026, marquant un solide d\u00e9but d\u2019ann\u00e9e - Global<\/title>\n<meta name=\"description\" content=\"Ipsen enregistre une croissance des ventes de 22,6 % \u00e0 taux de change constants au T1 2026, port\u00e9e par l\u2019Oncologie, les Maladies Rares et les Neurosciences.\" \/>\n<meta name=\"robots\" content=\"index, follow, max-snippet:-1, max-image-preview:large, max-video-preview:-1\" \/>\n<link rel=\"canonical\" href=\"https:\/\/www.ipsen.com\/fr\/actualites\/financial-results-fr\/ipsen-enregistre-une-forte-croissance-des-ventes-au-t1-2026\/\" \/>\n<meta property=\"og:locale\" content=\"fr_FR\" \/>\n<meta property=\"og:type\" content=\"article\" \/>\n<meta property=\"og:title\" content=\"Forte croissance des ventes au premier trimestre 2026, marquant un solide d\u00e9but d\u2019ann\u00e9e - Global\" \/>\n<meta property=\"og:description\" content=\"Ipsen enregistre une croissance des ventes de 22,6 % \u00e0 taux de change constants au T1 2026, port\u00e9e par l\u2019Oncologie, les Maladies Rares et les Neurosciences.\" \/>\n<meta property=\"og:url\" content=\"https:\/\/www.ipsen.com\/fr\/actualites\/financial-results-fr\/ipsen-enregistre-une-forte-croissance-des-ventes-au-t1-2026\/\" \/>\n<meta property=\"og:site_name\" content=\"Global\" \/>\n<meta property=\"article:published_time\" content=\"2026-04-23T05:10:52+00:00\" \/>\n<meta property=\"article:modified_time\" content=\"2026-04-23T05:31:26+00:00\" \/>\n<meta property=\"og:image\" content=\"https:\/\/www.ipsen.com\/wp-content\/uploads\/2025\/11\/LOGO-44_R.jpg?w=1024\" \/>\n\t<meta property=\"og:image:width\" content=\"1024\" \/>\n\t<meta property=\"og:image:height\" content=\"1024\" \/>\n\t<meta property=\"og:image:type\" content=\"image\/jpeg\" \/>\n<meta name=\"author\" content=\"konstantinoskampanos\" \/>\n<meta name=\"twitter:card\" content=\"summary_large_image\" \/>\n<meta name=\"twitter:creator\" content=\"@ipsengroup\" \/>\n<meta name=\"twitter:site\" content=\"@ipsengroup\" \/>\n<meta name=\"twitter:label1\" content=\"Written by\" \/>\n\t<meta name=\"twitter:data1\" content=\"konstantinoskampanos\" \/>\n\t<meta name=\"twitter:label2\" content=\"Est. reading time\" \/>\n\t<meta name=\"twitter:data2\" content=\"2 minutes\" \/>\n<script type=\"application\/ld+json\" class=\"yoast-schema-graph\">{\"@context\":\"https:\/\/schema.org\",\"@graph\":[{\"@type\":\"Article\",\"@id\":\"https:\/\/www.ipsen.com\/fr\/actualites\/financial-results-fr\/ipsen-enregistre-une-forte-croissance-des-ventes-au-t1-2026\/#article\",\"isPartOf\":{\"@id\":\"https:\/\/www.ipsen.com\/fr\/actualites\/financial-results-fr\/ipsen-enregistre-une-forte-croissance-des-ventes-au-t1-2026\/\"},\"author\":{\"name\":\"konstantinoskampanos\",\"@id\":\"https:\/\/www.ipsen.com\/fr\/#\/schema\/person\/caf513ba91f9535b6b2d8a79d95764c5\"},\"headline\":\"Forte croissance des ventes au premier trimestre 2026, marquant un solide d\u00e9but d\u2019ann\u00e9e\",\"datePublished\":\"2026-04-23T05:10:52+00:00\",\"dateModified\":\"2026-04-23T05:31:26+00:00\",\"mainEntityOfPage\":{\"@id\":\"https:\/\/www.ipsen.com\/fr\/actualites\/financial-results-fr\/ipsen-enregistre-une-forte-croissance-des-ventes-au-t1-2026\/\"},\"wordCount\":308,\"publisher\":{\"@id\":\"https:\/\/www.ipsen.com\/fr\/#organization\"},\"image\":{\"@id\":\"https:\/\/www.ipsen.com\/fr\/actualites\/financial-results-fr\/ipsen-enregistre-une-forte-croissance-des-ventes-au-t1-2026\/#primaryimage\"},\"thumbnailUrl\":\"https:\/\/www.ipsen.com\/wp-content\/uploads\/2025\/11\/LOGO-44_R.jpg\",\"articleSection\":[\"R\u00e9sultats de l'exercice\",\"R\u00e9sultats financiers\"],\"inLanguage\":\"fr-FR\"},{\"@type\":\"WebPage\",\"@id\":\"https:\/\/www.ipsen.com\/fr\/actualites\/financial-results-fr\/ipsen-enregistre-une-forte-croissance-des-ventes-au-t1-2026\/\",\"url\":\"https:\/\/www.ipsen.com\/fr\/actualites\/financial-results-fr\/ipsen-enregistre-une-forte-croissance-des-ventes-au-t1-2026\/\",\"name\":\"Forte croissance des ventes au premier trimestre 2026, marquant un solide d\u00e9but d\u2019ann\u00e9e - Global\",\"isPartOf\":{\"@id\":\"https:\/\/www.ipsen.com\/fr\/#website\"},\"primaryImageOfPage\":{\"@id\":\"https:\/\/www.ipsen.com\/fr\/actualites\/financial-results-fr\/ipsen-enregistre-une-forte-croissance-des-ventes-au-t1-2026\/#primaryimage\"},\"image\":{\"@id\":\"https:\/\/www.ipsen.com\/fr\/actualites\/financial-results-fr\/ipsen-enregistre-une-forte-croissance-des-ventes-au-t1-2026\/#primaryimage\"},\"thumbnailUrl\":\"https:\/\/www.ipsen.com\/wp-content\/uploads\/2025\/11\/LOGO-44_R.jpg\",\"datePublished\":\"2026-04-23T05:10:52+00:00\",\"dateModified\":\"2026-04-23T05:31:26+00:00\",\"description\":\"Ipsen enregistre une croissance des ventes de 22,6 % \u00e0 taux de change constants au T1 2026, port\u00e9e par l\u2019Oncologie, les Maladies Rares et les Neurosciences.\",\"breadcrumb\":{\"@id\":\"https:\/\/www.ipsen.com\/fr\/actualites\/financial-results-fr\/ipsen-enregistre-une-forte-croissance-des-ventes-au-t1-2026\/#breadcrumb\"},\"inLanguage\":\"fr-FR\",\"potentialAction\":[{\"@type\":\"ReadAction\",\"target\":[\"https:\/\/www.ipsen.com\/fr\/actualites\/financial-results-fr\/ipsen-enregistre-une-forte-croissance-des-ventes-au-t1-2026\/\"]}]},{\"@type\":\"ImageObject\",\"inLanguage\":\"fr-FR\",\"@id\":\"https:\/\/www.ipsen.com\/fr\/actualites\/financial-results-fr\/ipsen-enregistre-une-forte-croissance-des-ventes-au-t1-2026\/#primaryimage\",\"url\":\"https:\/\/www.ipsen.com\/wp-content\/uploads\/2025\/11\/LOGO-44_R.jpg\",\"contentUrl\":\"https:\/\/www.ipsen.com\/wp-content\/uploads\/2025\/11\/LOGO-44_R.jpg\"},{\"@type\":\"BreadcrumbList\",\"@id\":\"https:\/\/www.ipsen.com\/fr\/actualites\/financial-results-fr\/ipsen-enregistre-une-forte-croissance-des-ventes-au-t1-2026\/#breadcrumb\",\"itemListElement\":[{\"@type\":\"ListItem\",\"position\":1,\"name\":\"Home\",\"item\":\"https:\/\/www.ipsen.com\/fr\/home\/\"},{\"@type\":\"ListItem\",\"position\":2,\"name\":\"Forte croissance des ventes au premier trimestre 2026, marquant un solide d\u00e9but d\u2019ann\u00e9e\"}]},{\"@type\":\"WebSite\",\"@id\":\"https:\/\/www.ipsen.com\/fr\/#website\",\"url\":\"https:\/\/www.ipsen.com\/fr\/\",\"name\":\"Global\",\"description\":\"\",\"publisher\":{\"@id\":\"https:\/\/www.ipsen.com\/fr\/#organization\"},\"potentialAction\":[{\"@type\":\"SearchAction\",\"target\":{\"@type\":\"EntryPoint\",\"urlTemplate\":\"https:\/\/www.ipsen.com\/fr\/?s={search_term_string}\"},\"query-input\":{\"@type\":\"PropertyValueSpecification\",\"valueRequired\":true,\"valueName\":\"search_term_string\"}}],\"inLanguage\":\"fr-FR\"},{\"@type\":\"Organization\",\"@id\":\"https:\/\/www.ipsen.com\/fr\/#organization\",\"name\":\"IPSEN\",\"url\":\"https:\/\/www.ipsen.com\/fr\/\",\"logo\":{\"@type\":\"ImageObject\",\"inLanguage\":\"fr-FR\",\"@id\":\"https:\/\/www.ipsen.com\/fr\/#\/schema\/logo\/image\/\",\"url\":\"https:\/\/www.ipsen.com\/wp-content\/uploads\/2023\/12\/Latest_Ipsen-logo_168x48.svg\",\"contentUrl\":\"https:\/\/www.ipsen.com\/wp-content\/uploads\/2023\/12\/Latest_Ipsen-logo_168x48.svg\",\"caption\":\"IPSEN\"},\"image\":{\"@id\":\"https:\/\/www.ipsen.com\/fr\/#\/schema\/logo\/image\/\"},\"sameAs\":[\"https:\/\/www.facebook.com\/Ipsengroup\",\"https:\/\/x.com\/ipsengroup\"]},{\"@type\":\"Person\",\"@id\":\"https:\/\/www.ipsen.com\/fr\/#\/schema\/person\/caf513ba91f9535b6b2d8a79d95764c5\",\"name\":\"konstantinoskampanos\",\"image\":{\"@type\":\"ImageObject\",\"inLanguage\":\"fr-FR\",\"@id\":\"https:\/\/www.ipsen.com\/fr\/#\/schema\/person\/image\/\",\"url\":\"https:\/\/secure.gravatar.com\/avatar\/461d8aaa3dc000968b96f9df6ebfd0f045990cabf9f91de7f7dc4b9542e2adc8?s=96&d=mm&r=g\",\"contentUrl\":\"https:\/\/secure.gravatar.com\/avatar\/461d8aaa3dc000968b96f9df6ebfd0f045990cabf9f91de7f7dc4b9542e2adc8?s=96&d=mm&r=g\",\"caption\":\"konstantinoskampanos\"}}]}<\/script>\n<!-- \/ Yoast SEO plugin. -->","yoast_head_json":{"title":"Forte croissance des ventes au premier trimestre 2026, marquant un solide d\u00e9but d\u2019ann\u00e9e - Global","description":"Ipsen enregistre une croissance des ventes de 22,6 % \u00e0 taux de change constants au T1 2026, port\u00e9e par l\u2019Oncologie, les Maladies Rares et les Neurosciences.","robots":{"index":"index","follow":"follow","max-snippet":"max-snippet:-1","max-image-preview":"max-image-preview:large","max-video-preview":"max-video-preview:-1"},"canonical":"https:\/\/www.ipsen.com\/fr\/actualites\/financial-results-fr\/ipsen-enregistre-une-forte-croissance-des-ventes-au-t1-2026\/","og_locale":"fr_FR","og_type":"article","og_title":"Forte croissance des ventes au premier trimestre 2026, marquant un solide d\u00e9but d\u2019ann\u00e9e - Global","og_description":"Ipsen enregistre une croissance des ventes de 22,6 % \u00e0 taux de change constants au T1 2026, port\u00e9e par l\u2019Oncologie, les Maladies Rares et les Neurosciences.","og_url":"https:\/\/www.ipsen.com\/fr\/actualites\/financial-results-fr\/ipsen-enregistre-une-forte-croissance-des-ventes-au-t1-2026\/","og_site_name":"Global","article_published_time":"2026-04-23T05:10:52+00:00","article_modified_time":"2026-04-23T05:31:26+00:00","og_image":[{"url":"https:\/\/www.ipsen.com\/wp-content\/uploads\/2025\/11\/LOGO-44_R.jpg?w=1024","width":1024,"height":1024,"type":"image\/jpeg"}],"author":"konstantinoskampanos","twitter_card":"summary_large_image","twitter_creator":"@ipsengroup","twitter_site":"@ipsengroup","twitter_misc":{"Written by":"konstantinoskampanos","Est. reading time":"2 minutes"},"schema":{"@context":"https:\/\/schema.org","@graph":[{"@type":"Article","@id":"https:\/\/www.ipsen.com\/fr\/actualites\/financial-results-fr\/ipsen-enregistre-une-forte-croissance-des-ventes-au-t1-2026\/#article","isPartOf":{"@id":"https:\/\/www.ipsen.com\/fr\/actualites\/financial-results-fr\/ipsen-enregistre-une-forte-croissance-des-ventes-au-t1-2026\/"},"author":{"name":"konstantinoskampanos","@id":"https:\/\/www.ipsen.com\/fr\/#\/schema\/person\/caf513ba91f9535b6b2d8a79d95764c5"},"headline":"Forte croissance des ventes au premier trimestre 2026, marquant un solide d\u00e9but d\u2019ann\u00e9e","datePublished":"2026-04-23T05:10:52+00:00","dateModified":"2026-04-23T05:31:26+00:00","mainEntityOfPage":{"@id":"https:\/\/www.ipsen.com\/fr\/actualites\/financial-results-fr\/ipsen-enregistre-une-forte-croissance-des-ventes-au-t1-2026\/"},"wordCount":308,"publisher":{"@id":"https:\/\/www.ipsen.com\/fr\/#organization"},"image":{"@id":"https:\/\/www.ipsen.com\/fr\/actualites\/financial-results-fr\/ipsen-enregistre-une-forte-croissance-des-ventes-au-t1-2026\/#primaryimage"},"thumbnailUrl":"https:\/\/www.ipsen.com\/wp-content\/uploads\/2025\/11\/LOGO-44_R.jpg","articleSection":["R\u00e9sultats de l'exercice","R\u00e9sultats financiers"],"inLanguage":"fr-FR"},{"@type":"WebPage","@id":"https:\/\/www.ipsen.com\/fr\/actualites\/financial-results-fr\/ipsen-enregistre-une-forte-croissance-des-ventes-au-t1-2026\/","url":"https:\/\/www.ipsen.com\/fr\/actualites\/financial-results-fr\/ipsen-enregistre-une-forte-croissance-des-ventes-au-t1-2026\/","name":"Forte croissance des ventes au premier trimestre 2026, marquant un solide d\u00e9but d\u2019ann\u00e9e - Global","isPartOf":{"@id":"https:\/\/www.ipsen.com\/fr\/#website"},"primaryImageOfPage":{"@id":"https:\/\/www.ipsen.com\/fr\/actualites\/financial-results-fr\/ipsen-enregistre-une-forte-croissance-des-ventes-au-t1-2026\/#primaryimage"},"image":{"@id":"https:\/\/www.ipsen.com\/fr\/actualites\/financial-results-fr\/ipsen-enregistre-une-forte-croissance-des-ventes-au-t1-2026\/#primaryimage"},"thumbnailUrl":"https:\/\/www.ipsen.com\/wp-content\/uploads\/2025\/11\/LOGO-44_R.jpg","datePublished":"2026-04-23T05:10:52+00:00","dateModified":"2026-04-23T05:31:26+00:00","description":"Ipsen enregistre une croissance des ventes de 22,6 % \u00e0 taux de change constants au T1 2026, port\u00e9e par l\u2019Oncologie, les Maladies Rares et les Neurosciences.","breadcrumb":{"@id":"https:\/\/www.ipsen.com\/fr\/actualites\/financial-results-fr\/ipsen-enregistre-une-forte-croissance-des-ventes-au-t1-2026\/#breadcrumb"},"inLanguage":"fr-FR","potentialAction":[{"@type":"ReadAction","target":["https:\/\/www.ipsen.com\/fr\/actualites\/financial-results-fr\/ipsen-enregistre-une-forte-croissance-des-ventes-au-t1-2026\/"]}]},{"@type":"ImageObject","inLanguage":"fr-FR","@id":"https:\/\/www.ipsen.com\/fr\/actualites\/financial-results-fr\/ipsen-enregistre-une-forte-croissance-des-ventes-au-t1-2026\/#primaryimage","url":"https:\/\/www.ipsen.com\/wp-content\/uploads\/2025\/11\/LOGO-44_R.jpg","contentUrl":"https:\/\/www.ipsen.com\/wp-content\/uploads\/2025\/11\/LOGO-44_R.jpg"},{"@type":"BreadcrumbList","@id":"https:\/\/www.ipsen.com\/fr\/actualites\/financial-results-fr\/ipsen-enregistre-une-forte-croissance-des-ventes-au-t1-2026\/#breadcrumb","itemListElement":[{"@type":"ListItem","position":1,"name":"Home","item":"https:\/\/www.ipsen.com\/fr\/home\/"},{"@type":"ListItem","position":2,"name":"Forte croissance des ventes au premier trimestre 2026, marquant un solide d\u00e9but d\u2019ann\u00e9e"}]},{"@type":"WebSite","@id":"https:\/\/www.ipsen.com\/fr\/#website","url":"https:\/\/www.ipsen.com\/fr\/","name":"Global","description":"","publisher":{"@id":"https:\/\/www.ipsen.com\/fr\/#organization"},"potentialAction":[{"@type":"SearchAction","target":{"@type":"EntryPoint","urlTemplate":"https:\/\/www.ipsen.com\/fr\/?s={search_term_string}"},"query-input":{"@type":"PropertyValueSpecification","valueRequired":true,"valueName":"search_term_string"}}],"inLanguage":"fr-FR"},{"@type":"Organization","@id":"https:\/\/www.ipsen.com\/fr\/#organization","name":"IPSEN","url":"https:\/\/www.ipsen.com\/fr\/","logo":{"@type":"ImageObject","inLanguage":"fr-FR","@id":"https:\/\/www.ipsen.com\/fr\/#\/schema\/logo\/image\/","url":"https:\/\/www.ipsen.com\/wp-content\/uploads\/2023\/12\/Latest_Ipsen-logo_168x48.svg","contentUrl":"https:\/\/www.ipsen.com\/wp-content\/uploads\/2023\/12\/Latest_Ipsen-logo_168x48.svg","caption":"IPSEN"},"image":{"@id":"https:\/\/www.ipsen.com\/fr\/#\/schema\/logo\/image\/"},"sameAs":["https:\/\/www.facebook.com\/Ipsengroup","https:\/\/x.com\/ipsengroup"]},{"@type":"Person","@id":"https:\/\/www.ipsen.com\/fr\/#\/schema\/person\/caf513ba91f9535b6b2d8a79d95764c5","name":"konstantinoskampanos","image":{"@type":"ImageObject","inLanguage":"fr-FR","@id":"https:\/\/www.ipsen.com\/fr\/#\/schema\/person\/image\/","url":"https:\/\/secure.gravatar.com\/avatar\/461d8aaa3dc000968b96f9df6ebfd0f045990cabf9f91de7f7dc4b9542e2adc8?s=96&d=mm&r=g","contentUrl":"https:\/\/secure.gravatar.com\/avatar\/461d8aaa3dc000968b96f9df6ebfd0f045990cabf9f91de7f7dc4b9542e2adc8?s=96&d=mm&r=g","caption":"konstantinoskampanos"}}]}},"jetpack_featured_media_url":"https:\/\/www.ipsen.com\/wp-content\/uploads\/2025\/11\/LOGO-44_R.jpg","jetpack_sharing_enabled":true,"_links":{"self":[{"href":"https:\/\/www.ipsen.com\/fr\/wp-json\/wp\/v2\/posts\/103997","targetHints":{"allow":["GET"]}}],"collection":[{"href":"https:\/\/www.ipsen.com\/fr\/wp-json\/wp\/v2\/posts"}],"about":[{"href":"https:\/\/www.ipsen.com\/fr\/wp-json\/wp\/v2\/types\/post"}],"author":[{"embeddable":true,"href":"https:\/\/www.ipsen.com\/fr\/wp-json\/wp\/v2\/users\/9"}],"replies":[{"embeddable":true,"href":"https:\/\/www.ipsen.com\/fr\/wp-json\/wp\/v2\/comments?post=103997"}],"version-history":[{"count":2,"href":"https:\/\/www.ipsen.com\/fr\/wp-json\/wp\/v2\/posts\/103997\/revisions"}],"predecessor-version":[{"id":104003,"href":"https:\/\/www.ipsen.com\/fr\/wp-json\/wp\/v2\/posts\/103997\/revisions\/104003"}],"wp:featuredmedia":[{"embeddable":true,"href":"https:\/\/www.ipsen.com\/fr\/wp-json\/wp\/v2\/media\/99428"}],"wp:attachment":[{"href":"https:\/\/www.ipsen.com\/fr\/wp-json\/wp\/v2\/media?parent=103997"}],"wp:term":[{"taxonomy":"category","embeddable":true,"href":"https:\/\/www.ipsen.com\/fr\/wp-json\/wp\/v2\/categories?post=103997"},{"taxonomy":"post_tag","embeddable":true,"href":"https:\/\/www.ipsen.com\/fr\/wp-json\/wp\/v2\/tags?post=103997"}],"curies":[{"name":"wp","href":"https:\/\/api.w.org\/{rel}","templated":true}]}}