{"id":3556,"date":"2023-05-31T12:22:58","date_gmt":"2023-05-31T12:22:58","guid":{"rendered":"https:\/\/www.ipsen.com\/annualreport\/?p=3556"},"modified":"2023-06-05T07:47:03","modified_gmt":"2023-06-05T07:47:03","slug":"steve-agir-contre-le-cancer-du-rein","status":"publish","type":"post","link":"https:\/\/www.ipsen.com\/annualreport\/fr\/oncologie\/steve-agir-contre-le-cancer-du-rein\/","title":{"rendered":"Steve : agir contre le cancer du rein"},"content":{"rendered":"\n<p>Steve a \u00e9t\u00e9 diagnostiqu\u00e9 \u00e0 deux reprises d\u2019un cancer du rein. Apr\u00e8s une premi\u00e8re n\u00e9phrectomie r\u00e9ussie, son cancer est r\u00e9apparu en janvier 2018. Cette fois-ci, son m\u00e9decin lui a indiqu\u00e9 qu&#8217;il n&#8217;y avait pas de traitement disponible pour sa maladie. \u00ab Il m&#8217;a dit que je devrais probablement recourir \u00e0 des m\u00e9dicaments pour prolonger ma vie \u00bb, raconte Steve. \u00ab J&#8217;ai demand\u00e9 combien de temps cela pouvait durer et il m&#8217;a r\u00e9pondu peut-\u00eatre quatre ans \u00bb.&nbsp;<\/p>\n\n\n\n<p>Steve \u00e9tait effray\u00e9 \u00e0 l&#8217;id\u00e9e de ne pas pouvoir \u00eatre pr\u00e9sent pour sa famille. Il a appris l&#8217;existence d&#8217;une option de traitement alternative et aujourd&#8217;hui, il est en r\u00e9mission \u00e0 long terme.<\/p>\n\n\n\n<p>Pendant sa maladie, Steve a trouv\u00e9 du soutien aupr\u00e8s de groupes tels que Action Kidney Cancer. Il y travaille aujourd&#8217;hui comme conseiller de groupe pour aider les autres.<\/p>\n\n\n\n<p>\u00ab Sans la recherche, je ne serais pas l\u00e0 aujourd&#8217;hui \u00bb, dit-il. \u00ab Cela me donne l\u2019opportunit\u00e9 d&#8217;\u00eatre et d\u2019\u00e9voluer avec mes enfants, ma femme et ma famille \u00bb.<\/p>\n","protected":false},"excerpt":{"rendered":"<p>Steve a \u00e9t\u00e9 diagnostiqu\u00e9 \u00e0 deux reprises d\u2019un cancer du rein. Apr\u00e8s une premi\u00e8re n\u00e9phrectomie r\u00e9ussie, son cancer est r\u00e9apparu<\/p>\n","protected":false},"author":11,"featured_media":3534,"comment_status":"open","ping_status":"open","sticky":false,"template":"","format":"standard","meta":{"_acf_changed":false,"_jetpack_memberships_contains_paid_content":false,"footnotes":""},"categories":[438],"tags":[],"class_list":["post-3556","post","type-post","status-publish","format-standard","has-post-thumbnail","hentry","category-oncologie","entry"],"acf":[],"yoast_head":"<!-- This site is optimized with the Yoast SEO plugin v26.8 - https:\/\/yoast.com\/product\/yoast-seo-wordpress\/ -->\n<title>Steve : agir contre le cancer du rein - Annual Report<\/title>\n<meta name=\"robots\" content=\"index, follow, max-snippet:-1, max-image-preview:large, max-video-preview:-1\" \/>\n<link rel=\"canonical\" href=\"https:\/\/www.ipsen.com\/annualreport\/fr\/oncologie\/steve-agir-contre-le-cancer-du-rein\/\" \/>\n<meta property=\"og:locale\" content=\"fr_FR\" \/>\n<meta property=\"og:type\" content=\"article\" \/>\n<meta property=\"og:title\" content=\"Steve : agir contre le cancer du rein - Annual Report\" \/>\n<meta property=\"og:description\" content=\"Steve a \u00e9t\u00e9 diagnostiqu\u00e9 \u00e0 deux reprises d\u2019un cancer du rein. Apr\u00e8s une premi\u00e8re n\u00e9phrectomie r\u00e9ussie, son cancer est r\u00e9apparu\" \/>\n<meta property=\"og:url\" content=\"https:\/\/www.ipsen.com\/annualreport\/fr\/oncologie\/steve-agir-contre-le-cancer-du-rein\/\" \/>\n<meta property=\"og:site_name\" content=\"Annual Report\" \/>\n<meta property=\"article:published_time\" content=\"2023-05-31T12:22:58+00:00\" \/>\n<meta property=\"article:modified_time\" content=\"2023-06-05T07:47:03+00:00\" \/>\n<meta property=\"og:image\" content=\"https:\/\/www.ipsen.com\/websites\/ipsen_com_v2\/wp-content\/uploads\/sites\/3\/2023\/05\/31122045\/Steve_PATIENT-STORIES_690x460pix.jpg\" \/>\n\t<meta property=\"og:image:width\" content=\"690\" \/>\n\t<meta property=\"og:image:height\" content=\"460\" \/>\n\t<meta property=\"og:image:type\" content=\"image\/jpeg\" \/>\n<meta name=\"author\" content=\"heloisedetouchet\" \/>\n<meta name=\"twitter:card\" content=\"summary_large_image\" \/>\n<meta name=\"twitter:label1\" content=\"Written by\" \/>\n\t<meta name=\"twitter:data1\" content=\"heloisedetouchet\" \/>\n\t<meta name=\"twitter:label2\" content=\"Est. reading time\" \/>\n\t<meta name=\"twitter:data2\" content=\"1 minute\" \/>\n<script type=\"application\/ld+json\" class=\"yoast-schema-graph\">{\"@context\":\"https:\/\/schema.org\",\"@graph\":[{\"@type\":\"Article\",\"@id\":\"https:\/\/www.ipsen.com\/annualreport\/fr\/oncologie\/steve-agir-contre-le-cancer-du-rein\/#article\",\"isPartOf\":{\"@id\":\"https:\/\/www.ipsen.com\/annualreport\/fr\/oncologie\/steve-agir-contre-le-cancer-du-rein\/\"},\"author\":{\"name\":\"heloisedetouchet\",\"@id\":\"https:\/\/www.ipsen.com\/annualreport\/#\/schema\/person\/2c275168b31beee81688f3c041877318\"},\"headline\":\"Steve : agir contre le cancer du rein\",\"datePublished\":\"2023-05-31T12:22:58+00:00\",\"dateModified\":\"2023-06-05T07:47:03+00:00\",\"mainEntityOfPage\":{\"@id\":\"https:\/\/www.ipsen.com\/annualreport\/fr\/oncologie\/steve-agir-contre-le-cancer-du-rein\/\"},\"wordCount\":188,\"commentCount\":0,\"publisher\":{\"@id\":\"https:\/\/www.ipsen.com\/annualreport\/#organization\"},\"image\":{\"@id\":\"https:\/\/www.ipsen.com\/annualreport\/fr\/oncologie\/steve-agir-contre-le-cancer-du-rein\/#primaryimage\"},\"thumbnailUrl\":\"https:\/\/www.ipsen.com\/annualreport\/wp-content\/uploads\/sites\/3\/2023\/05\/Steve_PATIENT-STORIES_690x460pix.jpg\",\"articleSection\":[\"Oncologie\"],\"inLanguage\":\"fr-FR\",\"potentialAction\":[{\"@type\":\"CommentAction\",\"name\":\"Comment\",\"target\":[\"https:\/\/www.ipsen.com\/annualreport\/fr\/oncologie\/steve-agir-contre-le-cancer-du-rein\/#respond\"]}]},{\"@type\":\"WebPage\",\"@id\":\"https:\/\/www.ipsen.com\/annualreport\/fr\/oncologie\/steve-agir-contre-le-cancer-du-rein\/\",\"url\":\"https:\/\/www.ipsen.com\/annualreport\/fr\/oncologie\/steve-agir-contre-le-cancer-du-rein\/\",\"name\":\"Steve : agir contre le cancer du rein - Annual Report\",\"isPartOf\":{\"@id\":\"https:\/\/www.ipsen.com\/annualreport\/#website\"},\"primaryImageOfPage\":{\"@id\":\"https:\/\/www.ipsen.com\/annualreport\/fr\/oncologie\/steve-agir-contre-le-cancer-du-rein\/#primaryimage\"},\"image\":{\"@id\":\"https:\/\/www.ipsen.com\/annualreport\/fr\/oncologie\/steve-agir-contre-le-cancer-du-rein\/#primaryimage\"},\"thumbnailUrl\":\"https:\/\/www.ipsen.com\/annualreport\/wp-content\/uploads\/sites\/3\/2023\/05\/Steve_PATIENT-STORIES_690x460pix.jpg\",\"datePublished\":\"2023-05-31T12:22:58+00:00\",\"dateModified\":\"2023-06-05T07:47:03+00:00\",\"breadcrumb\":{\"@id\":\"https:\/\/www.ipsen.com\/annualreport\/fr\/oncologie\/steve-agir-contre-le-cancer-du-rein\/#breadcrumb\"},\"inLanguage\":\"fr-FR\",\"potentialAction\":[{\"@type\":\"ReadAction\",\"target\":[\"https:\/\/www.ipsen.com\/annualreport\/fr\/oncologie\/steve-agir-contre-le-cancer-du-rein\/\"]}]},{\"@type\":\"ImageObject\",\"inLanguage\":\"fr-FR\",\"@id\":\"https:\/\/www.ipsen.com\/annualreport\/fr\/oncologie\/steve-agir-contre-le-cancer-du-rein\/#primaryimage\",\"url\":\"https:\/\/www.ipsen.com\/annualreport\/wp-content\/uploads\/sites\/3\/2023\/05\/Steve_PATIENT-STORIES_690x460pix.jpg\",\"contentUrl\":\"https:\/\/www.ipsen.com\/annualreport\/wp-content\/uploads\/sites\/3\/2023\/05\/Steve_PATIENT-STORIES_690x460pix.jpg\",\"width\":690,\"height\":460},{\"@type\":\"BreadcrumbList\",\"@id\":\"https:\/\/www.ipsen.com\/annualreport\/fr\/oncologie\/steve-agir-contre-le-cancer-du-rein\/#breadcrumb\",\"itemListElement\":[{\"@type\":\"ListItem\",\"position\":1,\"name\":\"Home\",\"item\":\"https:\/\/www.ipsen.com\/annualreport\/fr\/\"},{\"@type\":\"ListItem\",\"position\":2,\"name\":\"Steve : agir contre le cancer du rein\"}]},{\"@type\":\"WebSite\",\"@id\":\"https:\/\/www.ipsen.com\/annualreport\/#website\",\"url\":\"https:\/\/www.ipsen.com\/annualreport\/\",\"name\":\"Annual Report\",\"description\":\"\",\"publisher\":{\"@id\":\"https:\/\/www.ipsen.com\/annualreport\/#organization\"},\"potentialAction\":[{\"@type\":\"SearchAction\",\"target\":{\"@type\":\"EntryPoint\",\"urlTemplate\":\"https:\/\/www.ipsen.com\/annualreport\/?s={search_term_string}\"},\"query-input\":{\"@type\":\"PropertyValueSpecification\",\"valueRequired\":true,\"valueName\":\"search_term_string\"}}],\"inLanguage\":\"fr-FR\"},{\"@type\":\"Organization\",\"@id\":\"https:\/\/www.ipsen.com\/annualreport\/#organization\",\"name\":\"Annual Report\",\"url\":\"https:\/\/www.ipsen.com\/annualreport\/\",\"logo\":{\"@type\":\"ImageObject\",\"inLanguage\":\"fr-FR\",\"@id\":\"https:\/\/www.ipsen.com\/annualreport\/#\/schema\/logo\/image\/\",\"url\":\"https:\/\/www.ipsen.com\/annualreport\/wp-content\/uploads\/sites\/3\/2023\/12\/Latest_Ipsen-logo_168x48.svg\",\"contentUrl\":\"https:\/\/www.ipsen.com\/annualreport\/wp-content\/uploads\/sites\/3\/2023\/12\/Latest_Ipsen-logo_168x48.svg\",\"caption\":\"Annual Report\"},\"image\":{\"@id\":\"https:\/\/www.ipsen.com\/annualreport\/#\/schema\/logo\/image\/\"}},{\"@type\":\"Person\",\"@id\":\"https:\/\/www.ipsen.com\/annualreport\/#\/schema\/person\/2c275168b31beee81688f3c041877318\",\"name\":\"heloisedetouchet\",\"image\":{\"@type\":\"ImageObject\",\"inLanguage\":\"fr-FR\",\"@id\":\"https:\/\/www.ipsen.com\/annualreport\/#\/schema\/person\/image\/\",\"url\":\"https:\/\/secure.gravatar.com\/avatar\/a294050dc7df14814ce352dcd30bd2b11c1bf6f269c4edf2111b59216f02bb15?s=96&d=mm&r=g\",\"contentUrl\":\"https:\/\/secure.gravatar.com\/avatar\/a294050dc7df14814ce352dcd30bd2b11c1bf6f269c4edf2111b59216f02bb15?s=96&d=mm&r=g\",\"caption\":\"heloisedetouchet\"},\"url\":\"https:\/\/www.ipsen.com\/annualreport\/fr\/author\/heloisedetouchet\/\"}]}<\/script>\n<!-- \/ Yoast SEO plugin. -->","yoast_head_json":{"title":"Steve : agir contre le cancer du rein - Annual Report","robots":{"index":"index","follow":"follow","max-snippet":"max-snippet:-1","max-image-preview":"max-image-preview:large","max-video-preview":"max-video-preview:-1"},"canonical":"https:\/\/www.ipsen.com\/annualreport\/fr\/oncologie\/steve-agir-contre-le-cancer-du-rein\/","og_locale":"fr_FR","og_type":"article","og_title":"Steve : agir contre le cancer du rein - Annual Report","og_description":"Steve a \u00e9t\u00e9 diagnostiqu\u00e9 \u00e0 deux reprises d\u2019un cancer du rein. Apr\u00e8s une premi\u00e8re n\u00e9phrectomie r\u00e9ussie, son cancer est r\u00e9apparu","og_url":"https:\/\/www.ipsen.com\/annualreport\/fr\/oncologie\/steve-agir-contre-le-cancer-du-rein\/","og_site_name":"Annual Report","article_published_time":"2023-05-31T12:22:58+00:00","article_modified_time":"2023-06-05T07:47:03+00:00","og_image":[{"width":690,"height":460,"url":"https:\/\/www.ipsen.com\/websites\/ipsen_com_v2\/wp-content\/uploads\/sites\/3\/2023\/05\/31122045\/Steve_PATIENT-STORIES_690x460pix.jpg","type":"image\/jpeg"}],"author":"heloisedetouchet","twitter_card":"summary_large_image","twitter_misc":{"Written by":"heloisedetouchet","Est. reading time":"1 minute"},"schema":{"@context":"https:\/\/schema.org","@graph":[{"@type":"Article","@id":"https:\/\/www.ipsen.com\/annualreport\/fr\/oncologie\/steve-agir-contre-le-cancer-du-rein\/#article","isPartOf":{"@id":"https:\/\/www.ipsen.com\/annualreport\/fr\/oncologie\/steve-agir-contre-le-cancer-du-rein\/"},"author":{"name":"heloisedetouchet","@id":"https:\/\/www.ipsen.com\/annualreport\/#\/schema\/person\/2c275168b31beee81688f3c041877318"},"headline":"Steve : agir contre le cancer du rein","datePublished":"2023-05-31T12:22:58+00:00","dateModified":"2023-06-05T07:47:03+00:00","mainEntityOfPage":{"@id":"https:\/\/www.ipsen.com\/annualreport\/fr\/oncologie\/steve-agir-contre-le-cancer-du-rein\/"},"wordCount":188,"commentCount":0,"publisher":{"@id":"https:\/\/www.ipsen.com\/annualreport\/#organization"},"image":{"@id":"https:\/\/www.ipsen.com\/annualreport\/fr\/oncologie\/steve-agir-contre-le-cancer-du-rein\/#primaryimage"},"thumbnailUrl":"https:\/\/www.ipsen.com\/annualreport\/wp-content\/uploads\/sites\/3\/2023\/05\/Steve_PATIENT-STORIES_690x460pix.jpg","articleSection":["Oncologie"],"inLanguage":"fr-FR","potentialAction":[{"@type":"CommentAction","name":"Comment","target":["https:\/\/www.ipsen.com\/annualreport\/fr\/oncologie\/steve-agir-contre-le-cancer-du-rein\/#respond"]}]},{"@type":"WebPage","@id":"https:\/\/www.ipsen.com\/annualreport\/fr\/oncologie\/steve-agir-contre-le-cancer-du-rein\/","url":"https:\/\/www.ipsen.com\/annualreport\/fr\/oncologie\/steve-agir-contre-le-cancer-du-rein\/","name":"Steve : agir contre le cancer du rein - Annual Report","isPartOf":{"@id":"https:\/\/www.ipsen.com\/annualreport\/#website"},"primaryImageOfPage":{"@id":"https:\/\/www.ipsen.com\/annualreport\/fr\/oncologie\/steve-agir-contre-le-cancer-du-rein\/#primaryimage"},"image":{"@id":"https:\/\/www.ipsen.com\/annualreport\/fr\/oncologie\/steve-agir-contre-le-cancer-du-rein\/#primaryimage"},"thumbnailUrl":"https:\/\/www.ipsen.com\/annualreport\/wp-content\/uploads\/sites\/3\/2023\/05\/Steve_PATIENT-STORIES_690x460pix.jpg","datePublished":"2023-05-31T12:22:58+00:00","dateModified":"2023-06-05T07:47:03+00:00","breadcrumb":{"@id":"https:\/\/www.ipsen.com\/annualreport\/fr\/oncologie\/steve-agir-contre-le-cancer-du-rein\/#breadcrumb"},"inLanguage":"fr-FR","potentialAction":[{"@type":"ReadAction","target":["https:\/\/www.ipsen.com\/annualreport\/fr\/oncologie\/steve-agir-contre-le-cancer-du-rein\/"]}]},{"@type":"ImageObject","inLanguage":"fr-FR","@id":"https:\/\/www.ipsen.com\/annualreport\/fr\/oncologie\/steve-agir-contre-le-cancer-du-rein\/#primaryimage","url":"https:\/\/www.ipsen.com\/annualreport\/wp-content\/uploads\/sites\/3\/2023\/05\/Steve_PATIENT-STORIES_690x460pix.jpg","contentUrl":"https:\/\/www.ipsen.com\/annualreport\/wp-content\/uploads\/sites\/3\/2023\/05\/Steve_PATIENT-STORIES_690x460pix.jpg","width":690,"height":460},{"@type":"BreadcrumbList","@id":"https:\/\/www.ipsen.com\/annualreport\/fr\/oncologie\/steve-agir-contre-le-cancer-du-rein\/#breadcrumb","itemListElement":[{"@type":"ListItem","position":1,"name":"Home","item":"https:\/\/www.ipsen.com\/annualreport\/fr\/"},{"@type":"ListItem","position":2,"name":"Steve : agir contre le cancer du rein"}]},{"@type":"WebSite","@id":"https:\/\/www.ipsen.com\/annualreport\/#website","url":"https:\/\/www.ipsen.com\/annualreport\/","name":"Annual Report","description":"","publisher":{"@id":"https:\/\/www.ipsen.com\/annualreport\/#organization"},"potentialAction":[{"@type":"SearchAction","target":{"@type":"EntryPoint","urlTemplate":"https:\/\/www.ipsen.com\/annualreport\/?s={search_term_string}"},"query-input":{"@type":"PropertyValueSpecification","valueRequired":true,"valueName":"search_term_string"}}],"inLanguage":"fr-FR"},{"@type":"Organization","@id":"https:\/\/www.ipsen.com\/annualreport\/#organization","name":"Annual Report","url":"https:\/\/www.ipsen.com\/annualreport\/","logo":{"@type":"ImageObject","inLanguage":"fr-FR","@id":"https:\/\/www.ipsen.com\/annualreport\/#\/schema\/logo\/image\/","url":"https:\/\/www.ipsen.com\/annualreport\/wp-content\/uploads\/sites\/3\/2023\/12\/Latest_Ipsen-logo_168x48.svg","contentUrl":"https:\/\/www.ipsen.com\/annualreport\/wp-content\/uploads\/sites\/3\/2023\/12\/Latest_Ipsen-logo_168x48.svg","caption":"Annual Report"},"image":{"@id":"https:\/\/www.ipsen.com\/annualreport\/#\/schema\/logo\/image\/"}},{"@type":"Person","@id":"https:\/\/www.ipsen.com\/annualreport\/#\/schema\/person\/2c275168b31beee81688f3c041877318","name":"heloisedetouchet","image":{"@type":"ImageObject","inLanguage":"fr-FR","@id":"https:\/\/www.ipsen.com\/annualreport\/#\/schema\/person\/image\/","url":"https:\/\/secure.gravatar.com\/avatar\/a294050dc7df14814ce352dcd30bd2b11c1bf6f269c4edf2111b59216f02bb15?s=96&d=mm&r=g","contentUrl":"https:\/\/secure.gravatar.com\/avatar\/a294050dc7df14814ce352dcd30bd2b11c1bf6f269c4edf2111b59216f02bb15?s=96&d=mm&r=g","caption":"heloisedetouchet"},"url":"https:\/\/www.ipsen.com\/annualreport\/fr\/author\/heloisedetouchet\/"}]}},"parsely":{"version":"1.1.0","canonical_url":"https:\/\/ipsen.com\/annualreport\/fr\/oncologie\/steve-agir-contre-le-cancer-du-rein\/","smart_links":{"inbound":0,"outbound":0},"traffic_boost_suggestions_count":0,"meta":{"@context":"https:\/\/schema.org","@type":"NewsArticle","headline":"Steve : agir contre le cancer du rein","url":"http:\/\/www.ipsen.com\/annualreport\/fr\/oncologie\/steve-agir-contre-le-cancer-du-rein\/","mainEntityOfPage":{"@type":"WebPage","@id":"http:\/\/www.ipsen.com\/annualreport\/fr\/oncologie\/steve-agir-contre-le-cancer-du-rein\/"},"thumbnailUrl":"https:\/\/www.ipsen.com\/annualreport\/wp-content\/uploads\/sites\/3\/2023\/05\/Steve_PATIENT-STORIES_690x460pix.jpg?w=150&h=150&crop=1","image":{"@type":"ImageObject","url":"https:\/\/www.ipsen.com\/annualreport\/wp-content\/uploads\/sites\/3\/2023\/05\/Steve_PATIENT-STORIES_690x460pix.jpg"},"articleSection":"Oncologie","author":[{"@type":"Person","name":"heloisedetouchet"}],"creator":["heloisedetouchet"],"publisher":{"@type":"Organization","name":"Annual Report","logo":""},"keywords":[],"dateCreated":"2023-05-31T12:22:58Z","datePublished":"2023-05-31T12:22:58Z","dateModified":"2023-06-05T07:47:03Z"},"rendered":"<script type=\"application\/ld+json\" class=\"wp-parsely-metadata\">{\"@context\":\"https:\\\/\\\/schema.org\",\"@type\":\"NewsArticle\",\"headline\":\"Steve : agir contre le cancer du rein\",\"url\":\"http:\\\/\\\/www.ipsen.com\\\/annualreport\\\/fr\\\/oncologie\\\/steve-agir-contre-le-cancer-du-rein\\\/\",\"mainEntityOfPage\":{\"@type\":\"WebPage\",\"@id\":\"http:\\\/\\\/www.ipsen.com\\\/annualreport\\\/fr\\\/oncologie\\\/steve-agir-contre-le-cancer-du-rein\\\/\"},\"thumbnailUrl\":\"https:\\\/\\\/www.ipsen.com\\\/annualreport\\\/wp-content\\\/uploads\\\/sites\\\/3\\\/2023\\\/05\\\/Steve_PATIENT-STORIES_690x460pix.jpg?w=150&h=150&crop=1\",\"image\":{\"@type\":\"ImageObject\",\"url\":\"https:\\\/\\\/www.ipsen.com\\\/annualreport\\\/wp-content\\\/uploads\\\/sites\\\/3\\\/2023\\\/05\\\/Steve_PATIENT-STORIES_690x460pix.jpg\"},\"articleSection\":\"Oncologie\",\"author\":[{\"@type\":\"Person\",\"name\":\"heloisedetouchet\"}],\"creator\":[\"heloisedetouchet\"],\"publisher\":{\"@type\":\"Organization\",\"name\":\"Annual Report\",\"logo\":\"\"},\"keywords\":[],\"dateCreated\":\"2023-05-31T12:22:58Z\",\"datePublished\":\"2023-05-31T12:22:58Z\",\"dateModified\":\"2023-06-05T07:47:03Z\"}<\/script>","tracker_url":"https:\/\/cdn.parsely.com\/keys\/ipsen.com\/p.js"},"jetpack_featured_media_url":"https:\/\/www.ipsen.com\/annualreport\/wp-content\/uploads\/sites\/3\/2023\/05\/Steve_PATIENT-STORIES_690x460pix.jpg","jetpack_sharing_enabled":true,"_links":{"self":[{"href":"https:\/\/www.ipsen.com\/annualreport\/fr\/wp-json\/wp\/v2\/posts\/3556","targetHints":{"allow":["GET"]}}],"collection":[{"href":"https:\/\/www.ipsen.com\/annualreport\/fr\/wp-json\/wp\/v2\/posts"}],"about":[{"href":"https:\/\/www.ipsen.com\/annualreport\/fr\/wp-json\/wp\/v2\/types\/post"}],"author":[{"embeddable":true,"href":"https:\/\/www.ipsen.com\/annualreport\/fr\/wp-json\/wp\/v2\/users\/11"}],"replies":[{"embeddable":true,"href":"https:\/\/www.ipsen.com\/annualreport\/fr\/wp-json\/wp\/v2\/comments?post=3556"}],"version-history":[{"count":2,"href":"https:\/\/www.ipsen.com\/annualreport\/fr\/wp-json\/wp\/v2\/posts\/3556\/revisions"}],"predecessor-version":[{"id":3618,"href":"https:\/\/www.ipsen.com\/annualreport\/fr\/wp-json\/wp\/v2\/posts\/3556\/revisions\/3618"}],"wp:featuredmedia":[{"embeddable":true,"href":"https:\/\/www.ipsen.com\/annualreport\/fr\/wp-json\/wp\/v2\/media\/3534"}],"wp:attachment":[{"href":"https:\/\/www.ipsen.com\/annualreport\/fr\/wp-json\/wp\/v2\/media?parent=3556"}],"wp:term":[{"taxonomy":"category","embeddable":true,"href":"https:\/\/www.ipsen.com\/annualreport\/fr\/wp-json\/wp\/v2\/categories?post=3556"},{"taxonomy":"post_tag","embeddable":true,"href":"https:\/\/www.ipsen.com\/annualreport\/fr\/wp-json\/wp\/v2\/tags?post=3556"}],"curies":[{"name":"wp","href":"https:\/\/api.w.org\/{rel}","templated":true}]}}